{"id":72099,"date":"2025-12-03T09:58:48","date_gmt":"2025-12-03T12:58:48","guid":{"rendered":"https:\/\/portalnewsgta.com.br\/?p=72099"},"modified":"2025-12-03T09:58:48","modified_gmt":"2025-12-03T12:58:48","slug":"senador-pressiona-stf-por-decisao-rapida-de-prisao-domiciliar-humanitaria","status":"publish","type":"post","link":"https:\/\/portalnewsgta.com.br\/index.php\/2025\/12\/03\/senador-pressiona-stf-por-decisao-rapida-de-prisao-domiciliar-humanitaria\/","title":{"rendered":"Senador pressiona STF por decis\u00e3o r\u00e1pida de pris\u00e3o domiciliar humanit\u00e1ria"},"content":{"rendered":"<div class=\"col-xs-12 col-sm-12 col-md-12 col-lg-12 mb10\">\n<div class=\"row\">\n<div class=\"col-xs-12 col-sm-12 col-md-12 col-lg-12 mb15\">\n<div class=\"row\">\n<div class=\"col-xs-12 col-sm-11 col-md-11 col-lg-11 autorer\"><span class=\"autores_fontes_nome\">Fred Moraes<\/span><\/p>\n<p class=\"autores_fontes_email\">fred.moraes@gazetadigital.com.br<\/p>\n<\/div>\n<\/div>\n<\/div>\n<\/div>\n<\/div>\n<div class=\"col-xs-12 col-sm-12 col-md-12 col-lg-12 mb30\">\n<p class=\"credito-1\">Otmar de Oliveira<\/p>\n<p><span class=\"img-conteudo pull-left\"><a href=\"https:\/\/www.gazetadigital.com.br\/storage\/webdisco\/2024\/10\/24\/1200x900\/13343b655ffe094783e05d44e3d91dc9.jpg\" data-fancybox=\"gallery\" data-caption=\"Otmar de Oliveira\"><img decoding=\"async\" src=\"https:\/\/www.gazetadigital.com.br\/storage\/webdisco\/2024\/10\/24\/431x285\/13343b655ffe094783e05d44e3d91dc9.jpg\" alt=\"Otmar de Oliveira\" \/><\/a><\/span><\/p>\n<p class=\"img-conteudo-desc\">\n<div id=\"text-content\" class=\"mb20\">\n<p>O senador de Mato Grosso, Wellington Fagundes (PL), l\u00edder do Bloco Vanguarda no Senado, saiu em defesa do pedido de pris\u00e3o domiciliar humanit\u00e1ria para o ex-presidente Jair Bolsonaro (PL). A manifesta\u00e7\u00e3o ocorre ap\u00f3s o deputado federal Gustavo Gayer (PL-GO) anunciar ter reunido mais de 100 assinaturas de parlamentares apoiando a solicita\u00e7\u00e3o, protocolada no STF na sexta-feira (28).<\/p>\n<p>Segundo Gayer, al\u00e9m dos deputados, o senador Fl\u00e1vio Bolsonaro (PL-RJ) tamb\u00e9m trabalha para ampliar o apoio no Senado.<\/p>\n<p>&nbsp;<\/p>\n<p>Para a imprensa, o senador afirmou que sua ades\u00e3o ao documento atende a um apelo da fam\u00edlia de Bolsonaro, em especial, do senador Fl\u00e1vio Bolsonaro, e por entender a &#8220;situa\u00e7\u00e3o delicada&#8221; na sa\u00fade do ex-mandat\u00e1rio.\u00a0<strong><br \/>\n<\/strong><\/p>\n<p>&nbsp;<\/p>\n<p>\u201cComo l\u00edder do Bloco Vanguarda, eu acabei de assinar agora um pedido endere\u00e7ado ao Supremo Tribunal Federal para que o presidente Bolsonaro possa ter uma pris\u00e3o humanit\u00e1ria domiciliar, em fun\u00e7\u00e3o da situa\u00e7\u00e3o de sa\u00fade dele. \u00c9 um quadro que traz uma preocupa\u00e7\u00e3o muito grande a todos n\u00f3s, seres humanos e lideran\u00e7as pol\u00edticas&#8221;, explica.<\/p>\n<p>&nbsp;<\/p>\n<p>Fagundes refor\u00e7ou que congressistas continuam reunindo assinaturas e defendeu agilidade no envio da demanda ao STF: \u201cEstamos colhendo essas assinaturas. Eu assino como l\u00edder, e tamb\u00e9m a pedido do senador Fl\u00e1vio Bolsonaro, para que os senadores apoiem o pedido que estamos submetendo ao STF, se poss\u00edvel de hoje para amanh\u00e3.\u201d<\/p>\n<p>&nbsp;<\/p>\n<p>O parlamentar afirmou que pretende levar pessoalmente a solicita\u00e7\u00e3o ao ministro mato-grossense Gilmar Mendes, em audi\u00eancia marcada para esta semana.<\/p>\n<p>&nbsp;<\/p>\n<p>\u201cTerei uma audi\u00eancia no Supremo Tribunal Federal com o ministro Gilmar Mendes, onde quero encaminhar e mostrar esse pedido. Claro que \u00e9 dirigido ao Supremo, mas \u00e9 ao ministro Alexandre de Moraes que cabe a responsabilidade.\u201d<\/p>\n<p>&nbsp;<\/p>\n<p>O pedido sustenta que Bolsonaro enfrenta \u201cenfermidades simult\u00e2neas\u201d, incluindo c\u00e2ncer de pele, problemas renais, dist\u00farbios card\u00edacos e sequelas gastrointestinais do atentado de 2018. A defesa argumenta que o sistema prisional n\u00e3o teria estrutura adequada para acompanhar o quadro.<\/p>\n<p>&nbsp;<\/p>\n<p>O ministro Alexandre de Moraes determinou que Bolsonaro iniciasse, em 25 de novembro, o cumprimento da pena de 27 anos e 3 meses por tentativa de golpe de Estado, na Superintend\u00eancia da Pol\u00edcia Federal, onde j\u00e1 estava preso preventivamente desde 22 de novembro.<\/p>\n<p>&nbsp;<\/p>\n<p>O processo transitou em julgado, o que impossibilita novos recursos. Antes disso, a defesa do ex-presidente j\u00e1 havia apresentado outros dois pedidos de pris\u00e3o domiciliar humanit\u00e1ria, ambos rejeitados.<\/p>\n<p>&nbsp;<\/p>\n<p>Bolsonaro estava em pris\u00e3o domiciliar, mas foi levado novamente \u00e0 cust\u00f3dia ap\u00f3s tentar violar a tornozeleira eletr\u00f4nica com um ferro de solda, segundo v\u00eddeo divulgado por ele mesmo.<\/p>\n<\/div>\n<\/div>\n","protected":false},"excerpt":{"rendered":"<p>Fred Moraes fred.moraes@gazetadigital.com.br Otmar de Oliveira O senador de Mato Grosso, Wellington Fagundes (PL), l\u00edder<\/p>\n","protected":false},"author":2,"featured_media":72100,"comment_status":"open","ping_status":"open","sticky":false,"template":"","format":"standard","meta":{"footnotes":""},"categories":[13,2],"tags":[1959],"aioseo_notices":[],"_links":{"self":[{"href":"https:\/\/portalnewsgta.com.br\/index.php\/wp-json\/wp\/v2\/posts\/72099"}],"collection":[{"href":"https:\/\/portalnewsgta.com.br\/index.php\/wp-json\/wp\/v2\/posts"}],"about":[{"href":"https:\/\/portalnewsgta.com.br\/index.php\/wp-json\/wp\/v2\/types\/post"}],"author":[{"embeddable":true,"href":"https:\/\/portalnewsgta.com.br\/index.php\/wp-json\/wp\/v2\/users\/2"}],"replies":[{"embeddable":true,"href":"https:\/\/portalnewsgta.com.br\/index.php\/wp-json\/wp\/v2\/comments?post=72099"}],"version-history":[{"count":1,"href":"https:\/\/portalnewsgta.com.br\/index.php\/wp-json\/wp\/v2\/posts\/72099\/revisions"}],"predecessor-version":[{"id":72101,"href":"https:\/\/portalnewsgta.com.br\/index.php\/wp-json\/wp\/v2\/posts\/72099\/revisions\/72101"}],"wp:featuredmedia":[{"embeddable":true,"href":"https:\/\/portalnewsgta.com.br\/index.php\/wp-json\/wp\/v2\/media\/72100"}],"wp:attachment":[{"href":"https:\/\/portalnewsgta.com.br\/index.php\/wp-json\/wp\/v2\/media?parent=72099"}],"wp:term":[{"taxonomy":"category","embeddable":true,"href":"https:\/\/portalnewsgta.com.br\/index.php\/wp-json\/wp\/v2\/categories?post=72099"},{"taxonomy":"post_tag","embeddable":true,"href":"https:\/\/portalnewsgta.com.br\/index.php\/wp-json\/wp\/v2\/tags?post=72099"}],"curies":[{"name":"wp","href":"https:\/\/api.w.org\/{rel}","templated":true}]}}