{"id":72096,"date":"2025-12-03T09:57:51","date_gmt":"2025-12-03T12:57:51","guid":{"rendered":"https:\/\/portalnewsgta.com.br\/?p=72096"},"modified":"2025-12-03T09:57:51","modified_gmt":"2025-12-03T12:57:51","slug":"parlamentares-de-mt-pedem-prisao-domiciliar-humanitaria-para-bolsonaro","status":"publish","type":"post","link":"https:\/\/portalnewsgta.com.br\/index.php\/2025\/12\/03\/parlamentares-de-mt-pedem-prisao-domiciliar-humanitaria-para-bolsonaro\/","title":{"rendered":"Parlamentares de MT pedem pris\u00e3o domiciliar humanit\u00e1ria para Bolsonaro"},"content":{"rendered":"<div class=\"col-xs-12 col-sm-12 col-md-12 col-lg-12 mb10\">\n<div class=\"row\">\n<div class=\"col-xs-12 col-sm-12 col-md-12 col-lg-12 mb15\">\n<div class=\"row\">\n<div class=\"col-xs-12 col-sm-11 col-md-11 col-lg-11 autorer\"><span class=\"autores_fontes_nome\">Pablo Rodrigo<\/span><\/p>\n<p class=\"autores_fontes_email\">pablo@gazetadigital.com.br<\/p>\n<\/div>\n<\/div>\n<\/div>\n<\/div>\n<\/div>\n<div class=\"col-xs-12 col-sm-12 col-md-12 col-lg-12 mb30\">\n<p class=\"credito-1\">Fabio Rodrigues-Pozzebom\/Ag\u00eancia Brasil<\/p>\n<p><span class=\"img-conteudo pull-left\"><a href=\"https:\/\/www.gazetadigital.com.br\/storage\/webdisco\/2025\/11\/19\/1200x900\/56494edf1f280b00bf716c91d37b8b1f.jpg\" data-fancybox=\"gallery\" data-caption=\"Fabio Rodrigues-Pozzebom\/Ag\u00eancia Brasil\"><img decoding=\"async\" src=\"https:\/\/www.gazetadigital.com.br\/storage\/webdisco\/2025\/11\/19\/431x285\/56494edf1f280b00bf716c91d37b8b1f.jpg\" alt=\"Fabio Rodrigues-Pozzebom\/Ag\u00eancia Brasil\" \/><\/a><\/span><\/p>\n<p class=\"img-conteudo-desc\">\n<div id=\"text-content\" class=\"mb20\">\n<p>3 deputados e um senador da bancada federal de Mato Grosso assinaram um pedido de pris\u00e3o domiciliar humanit\u00e1ria para o ex-presidente Jair Bolsonaro (PL). O requerimento foi encaminhado ao ministro do Supremo Tribunal Federal (STF), Alexandre de Moraes, e espera decis\u00e3o. A coordenadora da bancada estadual, deputada federal Coronel Fernanda (PL), Nelson Barbudo (PL) e Jos\u00e9 Medeiros (PL), e o senador Wellington Fagundes (PL) assinaram o pedido com mais 110 parlamentares, sendo que a maioria integra a bancada bolsonarista do Congresso Nacional.<\/p>\n<p>&nbsp;<\/p>\n<p>\u201cEstamos falando de sa\u00fade e de vida. Independentemente de posi\u00e7\u00f5es pol\u00edticas, o Estado tem o dever constitucional de garantir tratamento adequado a qualquer pessoa sob sua cust\u00f3dia\u201d, disse Fagundes. \u201cOs laudos apontam um quadro cl\u00ednico delicado, com m\u00faltiplas comorbidades. O pedido \u00e9 para que o Supremo avalie com rapidez e responsabilidade, assegurando a prote\u00e7\u00e3o \u00e0 vida e \u00e0 integridade f\u00edsica\u201d, completou<\/p>\n<p>&nbsp;<\/p>\n<p>A justificativa para a pris\u00e3o domiciliar humanit\u00e1ria \u00e9 de que Bolsonaro enfrenta um conjunto de enfermidades simult\u00e2neas, entre elas c\u00e2ncer de pele, complica\u00e7\u00f5es renais, dist\u00farbios card\u00edacos, problemas gastrointestinais decorrentes das cirurgias realizadas ap\u00f3s o atentado de 2018, al\u00e9m de pneumonias recorrentes e condi\u00e7\u00f5es cr\u00f4nicas persistentes.<\/p>\n<p>&nbsp;<\/p>\n<p>Segundo o texto, a perman\u00eancia do ex-presidente em ambiente prisional n\u00e3o assegura tratamento adequado, representando risco concreto \u00e0 sua integridade. O documento sustenta que cabe ao Estado garantir condi\u00e7\u00f5es de sa\u00fade compat\u00edveis com a dignidade humana e o direito fundamental \u00e0 vida.<\/p>\n<p>&nbsp;<\/p>\n<p><strong>Pris\u00e3o\u00a0<\/strong><\/p>\n<p>Jair Bolsonaro foi detido pela primeira vez em agosto deste ano, quando Alexandre de Moraes decretou a pris\u00e3o domiciliar por risco de fuga, em meio ao julgamento da a\u00e7\u00e3o penal que o acusava de liderar uma tentativa de golpe de Estado enquanto estava na presid\u00eancia da Rep\u00fablica.<\/p>\n<p>&nbsp;<\/p>\n<p>No dia 22 de novembro, quando recorria da senten\u00e7a que o condenou a 27 anos e 3 meses de pris\u00e3o por tentativa golpe, Bolsonaro teve a pris\u00e3o preventiva decretada por tentar violar a sua tornozeleira eletr\u00f4nica com um ferro de solda. J\u00e1 no dia 24 de novembro, Moraes declarou a a\u00e7\u00e3o penal transitada em julgada e deu iniciou ao cumprimento de pena em uma cela na superintend\u00eancia da Pol\u00edcia Federal em Bras\u00edlia.<\/p>\n<\/div>\n<\/div>\n","protected":false},"excerpt":{"rendered":"<p>Pablo Rodrigo pablo@gazetadigital.com.br Fabio Rodrigues-Pozzebom\/Ag\u00eancia Brasil 3 deputados e um senador da bancada federal de<\/p>\n","protected":false},"author":2,"featured_media":72097,"comment_status":"open","ping_status":"open","sticky":false,"template":"","format":"standard","meta":{"footnotes":""},"categories":[13,2],"tags":[1958],"aioseo_notices":[],"_links":{"self":[{"href":"https:\/\/portalnewsgta.com.br\/index.php\/wp-json\/wp\/v2\/posts\/72096"}],"collection":[{"href":"https:\/\/portalnewsgta.com.br\/index.php\/wp-json\/wp\/v2\/posts"}],"about":[{"href":"https:\/\/portalnewsgta.com.br\/index.php\/wp-json\/wp\/v2\/types\/post"}],"author":[{"embeddable":true,"href":"https:\/\/portalnewsgta.com.br\/index.php\/wp-json\/wp\/v2\/users\/2"}],"replies":[{"embeddable":true,"href":"https:\/\/portalnewsgta.com.br\/index.php\/wp-json\/wp\/v2\/comments?post=72096"}],"version-history":[{"count":1,"href":"https:\/\/portalnewsgta.com.br\/index.php\/wp-json\/wp\/v2\/posts\/72096\/revisions"}],"predecessor-version":[{"id":72098,"href":"https:\/\/portalnewsgta.com.br\/index.php\/wp-json\/wp\/v2\/posts\/72096\/revisions\/72098"}],"wp:featuredmedia":[{"embeddable":true,"href":"https:\/\/portalnewsgta.com.br\/index.php\/wp-json\/wp\/v2\/media\/72097"}],"wp:attachment":[{"href":"https:\/\/portalnewsgta.com.br\/index.php\/wp-json\/wp\/v2\/media?parent=72096"}],"wp:term":[{"taxonomy":"category","embeddable":true,"href":"https:\/\/portalnewsgta.com.br\/index.php\/wp-json\/wp\/v2\/categories?post=72096"},{"taxonomy":"post_tag","embeddable":true,"href":"https:\/\/portalnewsgta.com.br\/index.php\/wp-json\/wp\/v2\/tags?post=72096"}],"curies":[{"name":"wp","href":"https:\/\/api.w.org\/{rel}","templated":true}]}}