{"id":72001,"date":"2025-12-02T14:41:07","date_gmt":"2025-12-02T17:41:07","guid":{"rendered":"https:\/\/portalnewsgta.com.br\/?p=72001"},"modified":"2025-12-02T14:41:07","modified_gmt":"2025-12-02T17:41:07","slug":"max-veto-deve-ser-analisado-este-ano-chegou-ponho-em-pauta","status":"publish","type":"post","link":"https:\/\/portalnewsgta.com.br\/index.php\/2025\/12\/02\/max-veto-deve-ser-analisado-este-ano-chegou-ponho-em-pauta\/","title":{"rendered":"Max: &#8220;Veto deve ser analisado este ano; chegou, ponho em pauta&#8221;"},"content":{"rendered":"<section class=\"FullLine\">\n<div class=\"conteudo\">\n<h3>Governador vetou texto que prop\u00f5e um reajuste de 6,8% aos servidores do Judici\u00e1rio de MT<\/h3>\n<\/div>\n<\/section>\n<section>\n<div class=\"FullLine\">\n<div class=\"conteudo_foto\">\n<div class=\"imgcontent\">\n<p class=\"credito_foto\">Victor Ostetti\/MidiaNews<\/p>\n<p><a href=\"https:\/\/www.midianews.com.br\/\/storage\/webdisco\/2025\/10\/22\/886x590\/74101b9e8064530e94fbc616f6d0e57e.jpg\" rel=\"lightbox\" data-title=\"O presidente da AL Max Russi, que disse que veto ainda n\u00e3o chegou \u00e0 Casa \"><img loading=\"lazy\" decoding=\"async\" id=\"img_conteudo\" class=\"img-responsive\" src=\"https:\/\/www.midianews.com.br\/\/storage\/webdisco\/2025\/10\/22\/438x291\/74101b9e8064530e94fbc616f6d0e57e.jpg\" alt=\"O presidente da AL Max Russi, que disse que veto ainda n\u00e3o chegou \u00e0 Casa \" width=\"438\" height=\"292\" border=\"0\" \/><\/a><\/p>\n<p class=\"descricao_foto\">O presidente da AL Max Russi, que disse que veto ainda n\u00e3o chegou \u00e0 Casa<\/p>\n<\/div>\n<\/div>\n<div class=\"Font14Bold\">C\u00cdNTIA BORGES<br \/>\nDA REDA\u00c7\u00c3O<\/div>\n<div id=\"texto\" class=\"texto\">\n<p dir=\"ltr\">O presidente da Assembleia Legislativa Max Russi (PSB) afirmou, nesta ter\u00e7a-feira (2) que dever\u00e1 votar ainda este ano o veto ao projeto de lei que concede um reajuste de 6,8% da remunera\u00e7\u00e3o dos servidores do Tribunal de Justi\u00e7a de Mato Grosso (TJMT).<\/p>\n<p dir=\"ltr\">\n<p dir=\"ltr\">O governador Mauro Mendes (Uni\u00e3o) barrou o texto integralmente, conforme publica\u00e7\u00e3o no Di\u00e1rio Oficial de segunda-feira (1\u00ba).<\/p>\n<p dir=\"ltr\">\n<p dir=\"ltr\">Na publica\u00e7\u00e3o, Mendes argumentou uma custo do or\u00e7amento do Poder Judici\u00e1rio. Os beneficiados somariam 3,5 mil servidores do Judici\u00e1rio.<\/p>\n<p dir=\"ltr\">\n<p dir=\"ltr\">\u201cO veto ainda n\u00e3o chegou \u00e0 Casa, mas assim que chegar eu coloco em vota\u00e7\u00e3o&#8221;, disse Max ao\u00a0<strong>MidiaNews<\/strong>.<\/p>\n<div id=\"taboola-mid-article-thumbnails\" class=\"trc_related_container tbl-trecs-container trc_spotlight_widget trc_elastic trc_elastic_alternating-thumbnails-a-mid-article\" data-placement-name=\"Mid Article Thumbnails\">\n<div class=\"trc_rbox_container\">\n<div>\n<div id=\"trc_wrapper_781084828\" class=\"trc_rbox alternating-thumbnails-a-mid-article trc-content-hybrid\">\n<div id=\"trc_header_781084828\" class=\"trc_rbox_header trc_rbox_border_elm\">\n<div class=\"trc_header_ext\"><\/div>\n<\/div>\n<\/div>\n<\/div>\n<\/div>\n<\/div>\n<p dir=\"ltr\">\n<p dir=\"ltr\">O Legislativo tem sess\u00e3o at\u00e9 o dia 17 de dezembro, quando entra em recesso para as festividades do fim do ano.<\/p>\n<p dir=\"ltr\">\n<p dir=\"ltr\"><strong>Inconstitucionalidade\u00a0<\/strong><\/p>\n<p dir=\"ltr\">\n<p dir=\"ltr\">Ao vetar o texto, Mendes alegou que o projeto de lei \u00e9 materialmente inconstitucional e viola uma s\u00e9rie de normas fiscais e or\u00e7ament\u00e1rias.<\/p>\n<p dir=\"ltr\">\n<p dir=\"ltr\">\u201cA altera\u00e7\u00e3o isolada das tabelas remunerat\u00f3rias do Poder Judici\u00e1rio tende a desencadear press\u00f5es de equipara\u00e7\u00e3o em todos os demais Poderes e Fun\u00e7\u00f5es\u201d, disse o governador.<\/p>\n<p dir=\"ltr\">\n<p dir=\"ltr\">\u00c0 imprensa, o Executivo tem dito que a aprova\u00e7\u00e3o do projeto pode gerar um \u201cefeito cascata\u201d. O Pal\u00e1cio Paiagu\u00e1s argumenta que a medida poderia motivar servidores do Executivo a tamb\u00e9m reivindicarem reajustes e isso levar a um impacto de R$ 1,6 bilh\u00e3o na folha.<\/p>\n<p>&nbsp;<\/p>\n<p dir=\"ltr\">O Poder Judici\u00e1rio, por sua vez, diz que tem caixa para suportar essa despesa e nega que possa existir um poss\u00edvel \u201cefeito cascata&#8221;.<\/p>\n<p dir=\"ltr\">\n<\/div>\n<\/div>\n<\/section>\n","protected":false},"excerpt":{"rendered":"<p>Governador vetou texto que prop\u00f5e um reajuste de 6,8% aos servidores do Judici\u00e1rio de MT<\/p>\n","protected":false},"author":2,"featured_media":72002,"comment_status":"open","ping_status":"open","sticky":false,"template":"","format":"standard","meta":{"footnotes":""},"categories":[13,2],"tags":[1955],"aioseo_notices":[],"_links":{"self":[{"href":"https:\/\/portalnewsgta.com.br\/index.php\/wp-json\/wp\/v2\/posts\/72001"}],"collection":[{"href":"https:\/\/portalnewsgta.com.br\/index.php\/wp-json\/wp\/v2\/posts"}],"about":[{"href":"https:\/\/portalnewsgta.com.br\/index.php\/wp-json\/wp\/v2\/types\/post"}],"author":[{"embeddable":true,"href":"https:\/\/portalnewsgta.com.br\/index.php\/wp-json\/wp\/v2\/users\/2"}],"replies":[{"embeddable":true,"href":"https:\/\/portalnewsgta.com.br\/index.php\/wp-json\/wp\/v2\/comments?post=72001"}],"version-history":[{"count":1,"href":"https:\/\/portalnewsgta.com.br\/index.php\/wp-json\/wp\/v2\/posts\/72001\/revisions"}],"predecessor-version":[{"id":72003,"href":"https:\/\/portalnewsgta.com.br\/index.php\/wp-json\/wp\/v2\/posts\/72001\/revisions\/72003"}],"wp:featuredmedia":[{"embeddable":true,"href":"https:\/\/portalnewsgta.com.br\/index.php\/wp-json\/wp\/v2\/media\/72002"}],"wp:attachment":[{"href":"https:\/\/portalnewsgta.com.br\/index.php\/wp-json\/wp\/v2\/media?parent=72001"}],"wp:term":[{"taxonomy":"category","embeddable":true,"href":"https:\/\/portalnewsgta.com.br\/index.php\/wp-json\/wp\/v2\/categories?post=72001"},{"taxonomy":"post_tag","embeddable":true,"href":"https:\/\/portalnewsgta.com.br\/index.php\/wp-json\/wp\/v2\/tags?post=72001"}],"curies":[{"name":"wp","href":"https:\/\/api.w.org\/{rel}","templated":true}]}}