{"id":71998,"date":"2025-12-02T14:40:03","date_gmt":"2025-12-02T17:40:03","guid":{"rendered":"https:\/\/portalnewsgta.com.br\/?p=71998"},"modified":"2025-12-02T14:40:03","modified_gmt":"2025-12-02T17:40:03","slug":"wf-e-flavio-pedem-prisao-domiciliar-humanitaria-para-bolsonaro","status":"publish","type":"post","link":"https:\/\/portalnewsgta.com.br\/index.php\/2025\/12\/02\/wf-e-flavio-pedem-prisao-domiciliar-humanitaria-para-bolsonaro\/","title":{"rendered":"WF e Fl\u00e1vio pedem pris\u00e3o domiciliar humanit\u00e1ria para Bolsonaro"},"content":{"rendered":"<section class=\"FullLine\">\n<div class=\"conteudo\">\n<h3>Ex-presidente est\u00e1 sob cust\u00f3dia na sede da PF, em Bras\u00edlia; senadores encaminharam documento ao STF<\/h3>\n<\/div>\n<\/section>\n<section>\n<div class=\"FullLine\">\n<div class=\"conteudo_foto\">\n<div class=\"imgcontent\">\n<p class=\"credito_foto\">Waldemir Barreto\/Ag\u00eancia Senado<\/p>\n<p><a href=\"https:\/\/www.midianews.com.br\/\/storage\/webdisco\/2025\/08\/22\/886x590\/a28e9f813e38b6fd509b6999f1d67063.jpg\" rel=\"lightbox\" data-title=\"O senador Wellington Fagundes, que assinou documento pedindo pris\u00e3o domiciliar a Jair Bolsonaro\"><img loading=\"lazy\" decoding=\"async\" id=\"img_conteudo\" class=\"img-responsive\" src=\"https:\/\/www.midianews.com.br\/\/storage\/webdisco\/2025\/08\/22\/438x291\/a28e9f813e38b6fd509b6999f1d67063.jpg\" alt=\"O senador Wellington Fagundes, que assinou documento pedindo pris\u00e3o domiciliar a Jair Bolsonaro\" width=\"438\" height=\"292\" border=\"0\" \/><\/a><\/p>\n<p class=\"descricao_foto\">O senador Wellington Fagundes, que assinou documento pedindo pris\u00e3o domiciliar a Jair Bolsonaro<\/p>\n<\/div>\n<\/div>\n<div class=\"Font14Bold\">DA REDA\u00c7\u00c3O<\/div>\n<div id=\"texto\" class=\"texto\">\n<p>O senador Wellington Fagundes (PL) assinou, na segunda-feira (01), ao lado do senador Fl\u00e1vio Bolsonaro (PL) e outros parlamentares, um pedido formal de pris\u00e3o domiciliar humanit\u00e1ria em favor do ex-presidente Jair Bolsonaro (PL), encaminhado ao Supremo Tribunal Federal (STF).<\/p>\n<p>&nbsp;<\/p>\n<div class=\"quote-wrapper right\">\n<div class=\"quote-img-wrapper right\"><img decoding=\"async\" class=\"quote-img right\" src=\"https:\/\/www.midianews.com.br\/images\/aspas_right.gif\" \/><\/div>\n<h2 class=\"quote-content\">Independentemente de posi\u00e7\u00f5es pol\u00edticas, o Estado tem o dever constitucional de garantir tratamento adequado<\/h2>\n<\/div>\n<p>Segundo ele, o pedido se deve a\u00a0urg\u00eancia do quadro cl\u00ednico do ex-presidente.\u00a0Atualmente, Bolsonaro encontra-se sob cust\u00f3dia na sede da Pol\u00edcia Federal, em Bras\u00edlia (DF), por determina\u00e7\u00e3o do STF.<\/p>\n<p>&nbsp;<\/p>\n<p>No documento, os parlamentares relatam que o ex-presidente apresenta quadro de sa\u00fade considerado grave, evolutivo e multifatorial, conforme laudos m\u00e9dicos recentes.<\/p>\n<p>&nbsp;<\/p>\n<p>Entre as principais condi\u00e7\u00f5es cl\u00ednicas listadas est\u00e3o: carcinoma de c\u00e9lulas escamosas (c\u00e2ncer de pele) diagnosticado em setembro de 2025; anemia por defici\u00eancia de ferro; altera\u00e7\u00e3o da fun\u00e7\u00e3o renal; graves problemas digestivos e intestinais decorrentes das cirurgias realizadas ap\u00f3s o atentado de 2018; refluxo gastroesof\u00e1gico e esofagite; doen\u00e7a ateroscler\u00f3tica do cora\u00e7\u00e3o com oclus\u00e3o e estenose de car\u00f3tidas; hipertens\u00e3o; apneia do sono; h\u00e9rnia inguinal; solu\u00e7os incoerc\u00edveis cr\u00f4nicos; e epis\u00f3dios recorrentes de pneumonia bacteriana, com registros neste ano.<\/p>\n<div id=\"taboola-mid-article-thumbnails\" class=\"trc_related_container tbl-trecs-container trc_spotlight_widget trc_elastic trc_elastic_alternating-thumbnails-a-mid-article\" data-placement-name=\"Mid Article Thumbnails\">\n<div class=\"trc_rbox_container\">\n<div>\n<div id=\"trc_wrapper_6127917347\" class=\"trc_rbox alternating-thumbnails-a-mid-article trc-content-hybrid\">\n<div id=\"trc_header_6127917347\" class=\"trc_rbox_header trc_rbox_border_elm\">\n<div class=\"trc_header_ext\"><\/div>\n<\/div>\n<\/div>\n<\/div>\n<\/div>\n<\/div>\n<p>&nbsp;<\/p>\n<p>Os senadores sustentam que o conjunto das enfermidades demanda monitoramento m\u00e9dico cont\u00ednuo, acesso r\u00e1pido a exames e possibilidade de interna\u00e7\u00f5es de urg\u00eancia, condi\u00e7\u00f5es que, segundo o pedido, n\u00e3o s\u00e3o compat\u00edveis com o ambiente carcer\u00e1rio, ainda que em unidade da Pol\u00edcia Federal.<\/p>\n<p>&nbsp;<\/p>\n<p>A peti\u00e7\u00e3o tamb\u00e9m menciona precedentes do STF que autorizam a substitui\u00e7\u00e3o da pris\u00e3o por domiciliar em situa\u00e7\u00f5es excepcionais de risco \u00e0 integridade f\u00edsica e invoca o princ\u00edpio constitucional da dignidade da pessoa humana.<\/p>\n<p>&nbsp;<\/p>\n<p>Ao comentar a assinatura, Wellington Fagundes afirmou que a iniciativa tem car\u00e1ter exclusivamente humanit\u00e1rio.<\/p>\n<p>&nbsp;<\/p>\n<p>\u201cEstamos falando de sa\u00fade e de vida. Independentemente de posi\u00e7\u00f5es pol\u00edticas, o Estado tem o dever constitucional de garantir tratamento adequado a qualquer pessoa sob sua cust\u00f3dia\u201d, disse.<\/p>\n<p>&nbsp;<\/p>\n<p>O senador refor\u00e7ou a necessidade de an\u00e1lise urgente pela Corte. \u201cOs laudos apontam um quadro cl\u00ednico delicado, com m\u00faltiplas comorbidades. O pedido \u00e9 para que o Supremo avalie com rapidez e responsabilidade, assegurando a prote\u00e7\u00e3o \u00e0 vida e \u00e0 integridade f\u00edsica\u201d, declarou.<\/p>\n<p>&nbsp;<\/p>\n<p>Al\u00e9m da pris\u00e3o domiciliar humanit\u00e1ria, o requerimento pede, de forma subsidi\u00e1ria, a realiza\u00e7\u00e3o de per\u00edcia m\u00e9dica oficial multidisciplinar para avalia\u00e7\u00e3o atualizada do estado de sa\u00fade do ex-presidente e admite a imposi\u00e7\u00e3o de medidas cautelares que o STF entender cab\u00edveis.<\/p>\n<\/div>\n<\/div>\n<\/section>\n","protected":false},"excerpt":{"rendered":"<p>Ex-presidente est\u00e1 sob cust\u00f3dia na sede da PF, em Bras\u00edlia; senadores encaminharam documento ao STF<\/p>\n","protected":false},"author":2,"featured_media":71999,"comment_status":"open","ping_status":"open","sticky":false,"template":"","format":"standard","meta":{"footnotes":""},"categories":[13,2],"tags":[1954],"aioseo_notices":[],"_links":{"self":[{"href":"https:\/\/portalnewsgta.com.br\/index.php\/wp-json\/wp\/v2\/posts\/71998"}],"collection":[{"href":"https:\/\/portalnewsgta.com.br\/index.php\/wp-json\/wp\/v2\/posts"}],"about":[{"href":"https:\/\/portalnewsgta.com.br\/index.php\/wp-json\/wp\/v2\/types\/post"}],"author":[{"embeddable":true,"href":"https:\/\/portalnewsgta.com.br\/index.php\/wp-json\/wp\/v2\/users\/2"}],"replies":[{"embeddable":true,"href":"https:\/\/portalnewsgta.com.br\/index.php\/wp-json\/wp\/v2\/comments?post=71998"}],"version-history":[{"count":1,"href":"https:\/\/portalnewsgta.com.br\/index.php\/wp-json\/wp\/v2\/posts\/71998\/revisions"}],"predecessor-version":[{"id":72000,"href":"https:\/\/portalnewsgta.com.br\/index.php\/wp-json\/wp\/v2\/posts\/71998\/revisions\/72000"}],"wp:featuredmedia":[{"embeddable":true,"href":"https:\/\/portalnewsgta.com.br\/index.php\/wp-json\/wp\/v2\/media\/71999"}],"wp:attachment":[{"href":"https:\/\/portalnewsgta.com.br\/index.php\/wp-json\/wp\/v2\/media?parent=71998"}],"wp:term":[{"taxonomy":"category","embeddable":true,"href":"https:\/\/portalnewsgta.com.br\/index.php\/wp-json\/wp\/v2\/categories?post=71998"},{"taxonomy":"post_tag","embeddable":true,"href":"https:\/\/portalnewsgta.com.br\/index.php\/wp-json\/wp\/v2\/tags?post=71998"}],"curies":[{"name":"wp","href":"https:\/\/api.w.org\/{rel}","templated":true}]}}