{"id":71994,"date":"2025-12-02T14:38:24","date_gmt":"2025-12-02T17:38:24","guid":{"rendered":"https:\/\/portalnewsgta.com.br\/?p=71994"},"modified":"2025-12-02T14:38:24","modified_gmt":"2025-12-02T17:38:24","slug":"julio-diz-que-pedido-do-tce-para-intervencao-no-dae-e-precipitado","status":"publish","type":"post","link":"https:\/\/portalnewsgta.com.br\/index.php\/2025\/12\/02\/julio-diz-que-pedido-do-tce-para-intervencao-no-dae-e-precipitado\/","title":{"rendered":"J\u00falio diz que pedido do TCE para interven\u00e7\u00e3o no DAE \u00e9 \u201cprecipitado\u201d"},"content":{"rendered":"<h3>O Tribunal de Contas acionou o MPE para viabilizar e interven\u00e7\u00e3o do Estado no departamento<\/h3>\n<div class=\"conteudo_foto\">\n<div class=\"imgcontent\">\n<p class=\"credito_foto\">Victor Ostetti\/MidiaNews<\/p>\n<p><a href=\"https:\/\/www.midianews.com.br\/\/storage\/webdisco\/2025\/10\/20\/886x590\/9e33958c2a10225e3f512bfc4a2fee27.jpg\" rel=\"lightbox\" data-title=\"O deputado estadual J\u00falio Campos pregou o di\u00e1logo entre TCE, o Estado e a Prefeitura de V\u00e1rzea Grande\"><img loading=\"lazy\" decoding=\"async\" id=\"img_conteudo\" class=\"img-responsive\" src=\"https:\/\/www.midianews.com.br\/\/storage\/webdisco\/2025\/10\/20\/438x291\/9e33958c2a10225e3f512bfc4a2fee27.jpg\" alt=\"O deputado estadual J\u00falio Campos pregou o di\u00e1logo entre TCE, o Estado e a Prefeitura de V\u00e1rzea Grande\" width=\"438\" height=\"292\" border=\"0\" \/><\/a><\/p>\n<p class=\"descricao_foto\">O deputado estadual J\u00falio Campos pregou o di\u00e1logo entre TCE, o Estado e a Prefeitura de V\u00e1rzea Grande<\/p>\n<\/div>\n<\/div>\n<div class=\"Font14Bold\">VIT\u00d3RIA GOMES<br \/>\nDA REDA\u00c7\u00c3O<\/div>\n<div id=\"texto\" class=\"texto\">\n<p>O deputado estadual J\u00falio Campos (Uni\u00e3o) afirmou ter sido \u201cprecipitado\u201d o pedido do Tribunal de Contas do Estado (TCE-MT) para que o Governo de Mato Grosso intervenha no Departamento de \u00c1gua e Esgoto (DAE) de V\u00e1rzea Grande.<\/p>\n<p>&nbsp;<\/p>\n<div class=\"quote-wrapper right\">\n<div class=\"quote-img-wrapper right\"><img decoding=\"async\" class=\"quote-img right\" src=\"https:\/\/www.midianews.com.br\/images\/aspas_right.gif\" \/><\/div>\n<h2 class=\"quote-content\">Temos que lembrar, que h\u00e1 um esfor\u00e7o da prefeita Fl\u00e1via [Moretti] no sentido de fazer logo a privatiza\u00e7\u00e3o ou a terceiriza\u00e7\u00e3o do servi\u00e7o do DAE<\/h2>\n<\/div>\n<p>Segundo ele, a fala do presidente da Corte, conselheiro S\u00e9rgio Ricardo, surpreendeu porque a interven\u00e7\u00e3o colocaria sobre o Estado uma responsabilidade que, historicamente, \u00e9 municipal.<\/p>\n<p>&nbsp;<\/p>\n<p>\u201cTemos que lembrar, que h\u00e1 um esfor\u00e7o da prefeita Fl\u00e1via [Moretti] no sentido de fazer logo a privatiza\u00e7\u00e3o ou a terceiriza\u00e7\u00e3o do servi\u00e7o do DAE. Tanto \u00e9 que ela contratou uma funda\u00e7\u00e3o de S\u00e3o Paulo, que est\u00e1 terminando os estudos de viabilidade de resolver o problema do Dae e tamb\u00e9m do abastecimento de \u00e1gua e esgoto de V\u00e1rzea Grande. Ent\u00e3o, acho que foi um pouco precipitado\u201d, afirmou em entrevista \u00e0 imprensa.<\/p>\n<p>A Corte de Contas encaminhou, no dia 26 de novembro, um pedido para que o Minist\u00e9rio P\u00fablico Estadual (MPE) acione a Justi\u00e7a a fim de viabilizar a interven\u00e7\u00e3o e solucionar o problema de falta de abastecimento de \u00e1gua na cidade, que j\u00e1 dura por d\u00e9cadas.<\/p>\n<div id=\"taboola-mid-article-thumbnails\" class=\"trc_related_container tbl-trecs-container trc_spotlight_widget trc_elastic trc_elastic_alternating-thumbnails-a-mid-article iw_video_frame\" data-placement-name=\"Mid Article Thumbnails\">\n<div class=\"trc_rbox_container\">\n<div>\n<div id=\"trc_wrapper_9168383806\" class=\"trc_rbox alternating-thumbnails-a-mid-article trc-content-hybrid\">\n<div id=\"trc_header_9168383806\" class=\"trc_rbox_header trc_rbox_border_elm\">\n<div class=\"trc_header_ext\"><\/div>\n<\/div>\n<\/div>\n<\/div>\n<\/div>\n<\/div>\n<p>&nbsp;<\/p>\n<p>O governador Mauro Mendes (Uni\u00e3o), por sua vez, afirmou n\u00e3o conhecer os fundamentos do pedido e refor\u00e7ou que prefeitos devem assumir suas atribui\u00e7\u00f5es, sem transferir seus problemas \u00e0 gest\u00e3o estadual.<\/p>\n<p>&nbsp;<\/p>\n<p>\u201cEu, como governador, n\u00e3o posso assumir todos os problemas das prefeituras. Eu tenho os problemas do Estado para resolver\u201d, afirmou \u00e0 imprensa na semana passada<\/p>\n<p>&nbsp;<\/p>\n<p>J\u00falio defendeu di\u00e1logo entre Estado, TCE e Prefeitura antes de qualquer decis\u00e3o judicial. Ele recordou que, antes da Constitui\u00e7\u00e3o de 1988, o saneamento b\u00e1sico era responsabilidade estadual, por meio da extinta Sanemat (Companhia de Saneamento do Estado de Mato Grosso), mas que desde ent\u00e3o a gest\u00e3o foi transferida aos munic\u00edpios, que adotaram diferentes modelos de opera\u00e7\u00e3o.<\/p>\n<p>&nbsp;<\/p>\n<p>\u201cO presidente S\u00e9rgio Ricardo \u00e9 o conselheiro do Tribunal de Contas e que acompanha pari passu o dia a dia do or\u00e7amento do Estado, das atividades administrativas do Mato Grosso. [\u2026] Acredito que o Governo do Estado n\u00e3o vai querer assumir essa responsabilidade\u201d, disse.<\/p>\n<p>&nbsp;<\/p>\n<p>\u201cAcredito que tem que haver muito di\u00e1logo para saber o porqu\u00ea dessa iniciativa\u201d.<\/p>\n<p>&nbsp;<\/p>\n<p><strong>Veja v\u00eddeo:<\/strong><\/p>\n<div style=\"width: 640px;\" class=\"wp-video\"><!--[if lt IE 9]><script>document.createElement('video');<\/script><![endif]-->\n<video class=\"wp-video-shortcode\" id=\"video-71994-1\" width=\"640\" height=\"1138\" preload=\"metadata\" controls=\"controls\"><source type=\"video\/mp4\" src=\"https:\/\/portalnewsgta.com.br\/wp-content\/uploads\/2025\/12\/Julio-fica-surpreso-com-fala-de-Sergio-sobre-intervencao-no-Dae.mp4?_=1\" \/><a href=\"https:\/\/portalnewsgta.com.br\/wp-content\/uploads\/2025\/12\/Julio-fica-surpreso-com-fala-de-Sergio-sobre-intervencao-no-Dae.mp4\">https:\/\/portalnewsgta.com.br\/wp-content\/uploads\/2025\/12\/Julio-fica-surpreso-com-fala-de-Sergio-sobre-intervencao-no-Dae.mp4<\/a><\/video><\/div>\n<\/div>\n","protected":false},"excerpt":{"rendered":"<p>O Tribunal de Contas acionou o MPE para viabilizar e interven\u00e7\u00e3o do Estado no departamento<\/p>\n","protected":false},"author":2,"featured_media":71996,"comment_status":"open","ping_status":"open","sticky":false,"template":"","format":"standard","meta":{"footnotes":""},"categories":[13,2],"tags":[1953],"aioseo_notices":[],"_links":{"self":[{"href":"https:\/\/portalnewsgta.com.br\/index.php\/wp-json\/wp\/v2\/posts\/71994"}],"collection":[{"href":"https:\/\/portalnewsgta.com.br\/index.php\/wp-json\/wp\/v2\/posts"}],"about":[{"href":"https:\/\/portalnewsgta.com.br\/index.php\/wp-json\/wp\/v2\/types\/post"}],"author":[{"embeddable":true,"href":"https:\/\/portalnewsgta.com.br\/index.php\/wp-json\/wp\/v2\/users\/2"}],"replies":[{"embeddable":true,"href":"https:\/\/portalnewsgta.com.br\/index.php\/wp-json\/wp\/v2\/comments?post=71994"}],"version-history":[{"count":1,"href":"https:\/\/portalnewsgta.com.br\/index.php\/wp-json\/wp\/v2\/posts\/71994\/revisions"}],"predecessor-version":[{"id":71997,"href":"https:\/\/portalnewsgta.com.br\/index.php\/wp-json\/wp\/v2\/posts\/71994\/revisions\/71997"}],"wp:featuredmedia":[{"embeddable":true,"href":"https:\/\/portalnewsgta.com.br\/index.php\/wp-json\/wp\/v2\/media\/71996"}],"wp:attachment":[{"href":"https:\/\/portalnewsgta.com.br\/index.php\/wp-json\/wp\/v2\/media?parent=71994"}],"wp:term":[{"taxonomy":"category","embeddable":true,"href":"https:\/\/portalnewsgta.com.br\/index.php\/wp-json\/wp\/v2\/categories?post=71994"},{"taxonomy":"post_tag","embeddable":true,"href":"https:\/\/portalnewsgta.com.br\/index.php\/wp-json\/wp\/v2\/tags?post=71994"}],"curies":[{"name":"wp","href":"https:\/\/api.w.org\/{rel}","templated":true}]}}