{"id":71207,"date":"2025-11-24T10:32:47","date_gmt":"2025-11-24T13:32:47","guid":{"rendered":"https:\/\/portalnewsgta.com.br\/?p=71207"},"modified":"2025-11-24T10:32:47","modified_gmt":"2025-11-24T13:32:47","slug":"senador-esta-mais-acuado-no-pl","status":"publish","type":"post","link":"https:\/\/portalnewsgta.com.br\/index.php\/2025\/11\/24\/senador-esta-mais-acuado-no-pl\/","title":{"rendered":"Senador est\u00e1 mais acuado no PL"},"content":{"rendered":"<div class=\"col-xs-12 col-sm-12 col-md-12 col-lg-12 mb10\">\n<div class=\"row\">\n<div class=\"col-xs-12 col-sm-12 col-md-12 col-lg-12 mb15\">\n<div class=\"row\">\n<div class=\"col-xs-12 col-sm-11 col-md-11 col-lg-11 autorer\"><span class=\"autores_fontes_nome\">Pablo Rodrigo<\/span><\/p>\n<p class=\"autores_fontes_email\">pablo@gazetadigital.com.br<\/p>\n<\/div>\n<\/div>\n<\/div>\n<\/div>\n<\/div>\n<div class=\"col-xs-12 col-sm-12 col-md-12 col-lg-12 mb30\">\n<p class=\"credito-1\">Jo\u00e3o Vieira<\/p>\n<p><span class=\"img-conteudo pull-left\"><a href=\"https:\/\/www.gazetadigital.com.br\/storage\/webdisco\/2025\/10\/03\/1200x900\/d7382f933173591328de16e188a160f6.jpg\" data-fancybox=\"gallery\" data-caption=\"Jo\u00e3o Vieira \"><img decoding=\"async\" src=\"https:\/\/www.gazetadigital.com.br\/storage\/webdisco\/2025\/10\/03\/431x285\/d7382f933173591328de16e188a160f6.jpg\" alt=\"Jo\u00e3o Vieira \" \/><\/a><\/span><\/p>\n<p class=\"img-conteudo-desc\">\n<div id=\"text-content\" class=\"mb20\">\n<p>Acuado diante da resist\u00eancia do seu nome dentro da ala bolsonarista ao governo do Estado, o senador Wellington Fagundes (PL) pedir\u00e1 \u00e0 c\u00fapula nacional do PL a realiza\u00e7\u00e3o de uma pesquisa eleitoral em Mato Grosso para embasar a sua decis\u00e3o disputar o governo do Estado em 2026.<\/p>\n<p>&nbsp;<\/p>\n<p>A estrat\u00e9gia faz parte da sua defesa para consolidar sua pr\u00e9-candidatura ao governo, mesmo o ex-presidente Jair Bolsonaro (PL) ter pedido ao presidente nacional do partido, Valdemar Costa Neto, que a sigla apoie o vice-governador Otaviano Pivetta (Republicanos) no pleito do ano que vem.<\/p>\n<p>&nbsp;<\/p>\n<p>A defesa de uma pesquisa quantitativa para a defini\u00e7\u00e3o do partido ocorre ap\u00f3s o pr\u00f3prio Valdemar ter admitido que Bolsonaro estaria articulando o apoio para Pivetta, mas, que Wellington Fagundes lidera todas as pesquisas.<\/p>\n<p>&nbsp;<\/p>\n<p>A declara\u00e7\u00e3o foi confirmada pela A Gazeta. Vamos reunir com nosso senador para discutirmos. Sim [a tend\u00eancia \u00e9 o apoio], mas n\u00e3o podemos passar por cima dele. Ele comanda o partido em Mato Grosso e est\u00e1 na frente nas pesquisas, disse o mandachuva do PL.<\/p>\n<p>&nbsp;<\/p>\n<p>Questionado sobre o posicionamento de Valdemar, Fagundes comemorou a declara\u00e7\u00e3o de que o presidente nacional levar\u00e1 em considera\u00e7\u00e3o as pesquisas de inten\u00e7\u00e3o de votos. \u00d3timo, se limitou a dizer o senador.<\/p>\n<p>&nbsp;<\/p>\n<p>Conhecido por ser pragm\u00e1tico e estrategista, Costa Neto n\u00e3o demonstra pressa em tomar uma decis\u00e3o final porque sabe que seu fiel aliado em Mato Grosso est\u00e1 em plena pr\u00e9-campanha e liderando todos os cen\u00e1rios.<\/p>\n<p>&nbsp;<\/p>\n<p>J\u00e1 presidente estadual do partido, Ananias Filho, tamb\u00e9m afirmou que Fagundes segue como pr\u00e9-candidato ao Pal\u00e1cio Paiagu\u00e1s pela legenda, at\u00e9 que se tenha defini\u00e7\u00e3o oficial sobre o tema. A defini\u00e7\u00e3o \u00e9 da nacional. \u00c9 presidente Valdemar Costa Neto. O ex-presidente Bolsonaro escolhe o senador, e o presidente Waldemar escolhe o candidato ao governo. Ent\u00e3o Wellington nunca saiu da disputa. Ele nunca saiu da disputa. Ele \u00e9 hist\u00f3rico no partido, ele est\u00e1 fazendo o dever de casa no trabalho da pr\u00e9-candidatura. O PL, o PL fez o dever de casa em 2022 e 2024, disse Ananias.<\/p>\n<p>&nbsp;<\/p>\n<p>Apesar da sugest\u00e3o de Wellington por uma pesquisa, a cautela do presidente Valdemar na defini\u00e7\u00e3o, mostra que a situa\u00e7\u00e3o do senador est\u00e1 cada vez mais delicada dentro do pr\u00f3prio partido, j\u00e1 que mesmo que saia vitorioso dessa queda de bra\u00e7os, o PL dever\u00e1 chegar rachado na disputa de 2026 com ala hist\u00f3rica de um lado e a ala bolsonarista de outro.<\/p>\n<\/div>\n<\/div>\n","protected":false},"excerpt":{"rendered":"<p>Pablo Rodrigo pablo@gazetadigital.com.br Jo\u00e3o Vieira Acuado diante da resist\u00eancia do seu nome dentro da ala<\/p>\n","protected":false},"author":2,"featured_media":71208,"comment_status":"open","ping_status":"open","sticky":false,"template":"","format":"standard","meta":{"footnotes":""},"categories":[13,2],"tags":[138],"aioseo_notices":[],"_links":{"self":[{"href":"https:\/\/portalnewsgta.com.br\/index.php\/wp-json\/wp\/v2\/posts\/71207"}],"collection":[{"href":"https:\/\/portalnewsgta.com.br\/index.php\/wp-json\/wp\/v2\/posts"}],"about":[{"href":"https:\/\/portalnewsgta.com.br\/index.php\/wp-json\/wp\/v2\/types\/post"}],"author":[{"embeddable":true,"href":"https:\/\/portalnewsgta.com.br\/index.php\/wp-json\/wp\/v2\/users\/2"}],"replies":[{"embeddable":true,"href":"https:\/\/portalnewsgta.com.br\/index.php\/wp-json\/wp\/v2\/comments?post=71207"}],"version-history":[{"count":1,"href":"https:\/\/portalnewsgta.com.br\/index.php\/wp-json\/wp\/v2\/posts\/71207\/revisions"}],"predecessor-version":[{"id":71209,"href":"https:\/\/portalnewsgta.com.br\/index.php\/wp-json\/wp\/v2\/posts\/71207\/revisions\/71209"}],"wp:featuredmedia":[{"embeddable":true,"href":"https:\/\/portalnewsgta.com.br\/index.php\/wp-json\/wp\/v2\/media\/71208"}],"wp:attachment":[{"href":"https:\/\/portalnewsgta.com.br\/index.php\/wp-json\/wp\/v2\/media?parent=71207"}],"wp:term":[{"taxonomy":"category","embeddable":true,"href":"https:\/\/portalnewsgta.com.br\/index.php\/wp-json\/wp\/v2\/categories?post=71207"},{"taxonomy":"post_tag","embeddable":true,"href":"https:\/\/portalnewsgta.com.br\/index.php\/wp-json\/wp\/v2\/tags?post=71207"}],"curies":[{"name":"wp","href":"https:\/\/api.w.org\/{rel}","templated":true}]}}