{"id":71204,"date":"2025-11-24T10:30:59","date_gmt":"2025-11-24T13:30:59","guid":{"rendered":"https:\/\/portalnewsgta.com.br\/?p=71204"},"modified":"2025-11-24T10:30:59","modified_gmt":"2025-11-24T13:30:59","slug":"stf-manda-mt-pagar-diferenca-da-pensao-de-bezerra-desde-2023","status":"publish","type":"post","link":"https:\/\/portalnewsgta.com.br\/index.php\/2025\/11\/24\/stf-manda-mt-pagar-diferenca-da-pensao-de-bezerra-desde-2023\/","title":{"rendered":"STF manda MT pagar diferen\u00e7a da pens\u00e3o de Bezerra desde 2023"},"content":{"rendered":"<section class=\"FullLine\">\n<div class=\"conteudo\">\n<h3>Decis\u00e3o foi assinada pelo ministro Gilmar Mendes; o montante total devido n\u00e3o foi informado<\/h3>\n<\/div>\n<\/section>\n<section>\n<div class=\"FullLine\">\n<div class=\"conteudo_foto\">\n<div class=\"imgcontent\">\n<p class=\"credito_foto\">Victor Ostetti\/MidiaNews<\/p>\n<p><a href=\"https:\/\/www.midianews.com.br\/\/storage\/webdisco\/2019\/11\/19\/886x590\/b05be9909ed21b7ad7be73f5ad70366d.jpg\" rel=\"lightbox\" data-title=\"O ex-governador Carlos Bezerra, que ganha R$ 35,6 mil de pens\u00e3o vital\u00edcia\"><img loading=\"lazy\" decoding=\"async\" id=\"img_conteudo\" class=\"img-responsive\" src=\"https:\/\/www.midianews.com.br\/\/storage\/webdisco\/2019\/11\/19\/438x291\/b05be9909ed21b7ad7be73f5ad70366d.jpg\" alt=\"O ex-governador Carlos Bezerra, que ganha R$ 35,6 mil de pens\u00e3o vital\u00edcia\" width=\"438\" height=\"292\" border=\"0\" \/><\/a><\/p>\n<p class=\"descricao_foto\">O ex-governador Carlos Bezerra, que ganha R$ 35,6 mil de pens\u00e3o vital\u00edcia<\/p>\n<\/div>\n<\/div>\n<div class=\"Font14Bold\">THAIZA ASSUN\u00c7\u00c3O<br \/>\nDA REDA\u00c7\u00c3O<\/div>\n<div id=\"texto\" class=\"texto\">\n<p data-start=\"64\" data-end=\"331\">O ministro Gilmar Mendes, do Supremo Tribunal Federal (STF), acolheu uma reclama\u00e7\u00e3o apresentada pelo ex-deputado federal Carlos Bezerra (MDB) e determinou que o Estado de Mato Grosso pague a diferen\u00e7a da pens\u00e3o vital\u00edcia a que ele tem direito desde fevereiro de 2023.<\/p>\n<p data-start=\"64\" data-end=\"331\">\n<p data-start=\"333\" data-end=\"425\">A decis\u00e3o foi publicada nesta segunda-feira (24). O montante total devido n\u00e3o foi informado.<\/p>\n<p data-start=\"333\" data-end=\"425\">\n<p data-start=\"427\" data-end=\"607\">Bezerra recebe a pens\u00e3o por ter governado Mato Grosso entre 1987 e 1990. Em 2021, o pr\u00f3prio Gilmar Mendes havia restabelecido o benef\u00edcio, que fora suspenso pelo Governo do Estado.<\/p>\n<p data-start=\"427\" data-end=\"607\">\n<p data-start=\"609\" data-end=\"756\">Em maio deste ano, o valor mensal da pens\u00e3o foi reajustado de R$ 11,5 mil para R$ 35,6 mil, ap\u00f3s determina\u00e7\u00e3o do ministro para revis\u00e3o do montante.<\/p>\n<div id=\"taboola-mid-article-thumbnails\" class=\"trc_related_container tbl-trecs-container trc_spotlight_widget trc_elastic trc_elastic_alternating-thumbnails-a-mid-article\" data-placement-name=\"Mid Article Thumbnails\">\n<div class=\"trc_rbox_container\">\n<div>\n<div id=\"trc_wrapper_3765769457\" class=\"trc_rbox alternating-thumbnails-a-mid-article trc-content-hybrid\">\n<div id=\"trc_header_3765769457\" class=\"trc_rbox_header trc_rbox_border_elm\">\n<div class=\"trc_header_ext\"><\/div>\n<\/div>\n<\/div>\n<\/div>\n<\/div>\n<\/div>\n<p data-start=\"609\" data-end=\"756\">\n<p data-start=\"758\" data-end=\"1077\">Na reclama\u00e7\u00e3o, Bezerra sustentou que a decis\u00e3o vinha sendo parcialmente descumprida, j\u00e1 que, embora a diferen\u00e7a tenha sido implementada a partir de maio de 2025, o Estado n\u00e3o quitou os valores retroativos referentes ao per\u00edodo entre fevereiro de 2023,\u00a0 quando ele deixou o mandato de deputado federal, e abril de 2025.<\/p>\n<p data-start=\"758\" data-end=\"1077\">\n<p data-start=\"1079\" data-end=\"1215\">O Governo do Estado enviou as informa\u00e7\u00f5es solicitadas e pediu que o pagamento retroativo fosse submetido ao regime de precat\u00f3rios, o que foi atendido pelo ministro.<\/p>\n<p data-start=\"1079\" data-end=\"1215\">\n<p data-start=\"1217\" data-end=\"1491\">\u201cAnte o exposto, julgo procedente a reclama\u00e7\u00e3o para determinar que seja realizado o pagamento da diferen\u00e7a da pens\u00e3o vital\u00edcia ao reclamante, referente ao per\u00edodo de fevereiro de 2023 a abril de 2025, nos termos do artigo 100 da Constitui\u00e7\u00e3o Federal\u201d, decidiu Gilmar Mendes.<\/p>\n<p data-start=\"1217\" data-end=\"1491\">\n<p><strong>Entenda<\/strong><\/p>\n<p>&nbsp;<\/p>\n<p>O Governo de Mato Grosso cortou o benef\u00edcio de Bezerra em 2018 levando em considera\u00e7\u00e3o uma decis\u00e3o do STF que julgou inconstitucional a parte final do artigo 1\u00ba da Emenda Constitucional 22\/2003, que previa que \u201ctodos os governadores do Estado que exerceram o cargo em car\u00e1ter definitivo e aqueles que no desempenho desse cargo cumpriram o ato constitucional da transmiss\u00e3o, fazem jus, a t\u00edtulo de representa\u00e7\u00e3o a um subs\u00eddio mensal e vital\u00edcio\u201d.<\/p>\n<p>&nbsp;<\/p>\n<p>No recurso contra o ato do Estado, a defesa de Bezerra argumentou que ele foi governador entre os anos de 1987 e 1990 e o benef\u00edcio foi concedido por uma Emenda Constitucional publicada em 1978.<\/p>\n<p>&nbsp;<\/p>\n<p>Ao acatar o recurso, em 2021, Gilmar justificou que manuten\u00e7\u00e3o do pagamento se faz necess\u00e1ria por se tratar de \u201cbenefici\u00e1rio idoso, sem possibilidade de reinser\u00e7\u00e3o no mercado de trabalho e que percebeu a pens\u00e3o por longo per\u00edodo\u201d.<\/p>\n<p>&nbsp;<\/p>\n<p>\u201cN\u00e3o h\u00e1 cruzada moral que justifique, \u00e0 luz das garantias constitucionais, a abrupta supress\u00e3o do benef\u00edcio recebido de boa-f\u00e9 durante d\u00e9cadas por pessoa idosa, sem condi\u00e7\u00f5es de reinser\u00e7\u00e3o no mercado de trabalho\u201d, escreveu na \u00e9poca.<\/p>\n<p>&nbsp;<\/p>\n<\/div>\n<\/div>\n<\/section>\n","protected":false},"excerpt":{"rendered":"<p>Decis\u00e3o foi assinada pelo ministro Gilmar Mendes; o montante total devido n\u00e3o foi informado Victor<\/p>\n","protected":false},"author":2,"featured_media":71205,"comment_status":"open","ping_status":"open","sticky":false,"template":"","format":"standard","meta":{"footnotes":""},"categories":[13,2],"tags":[1917,1916],"aioseo_notices":[],"_links":{"self":[{"href":"https:\/\/portalnewsgta.com.br\/index.php\/wp-json\/wp\/v2\/posts\/71204"}],"collection":[{"href":"https:\/\/portalnewsgta.com.br\/index.php\/wp-json\/wp\/v2\/posts"}],"about":[{"href":"https:\/\/portalnewsgta.com.br\/index.php\/wp-json\/wp\/v2\/types\/post"}],"author":[{"embeddable":true,"href":"https:\/\/portalnewsgta.com.br\/index.php\/wp-json\/wp\/v2\/users\/2"}],"replies":[{"embeddable":true,"href":"https:\/\/portalnewsgta.com.br\/index.php\/wp-json\/wp\/v2\/comments?post=71204"}],"version-history":[{"count":1,"href":"https:\/\/portalnewsgta.com.br\/index.php\/wp-json\/wp\/v2\/posts\/71204\/revisions"}],"predecessor-version":[{"id":71206,"href":"https:\/\/portalnewsgta.com.br\/index.php\/wp-json\/wp\/v2\/posts\/71204\/revisions\/71206"}],"wp:featuredmedia":[{"embeddable":true,"href":"https:\/\/portalnewsgta.com.br\/index.php\/wp-json\/wp\/v2\/media\/71205"}],"wp:attachment":[{"href":"https:\/\/portalnewsgta.com.br\/index.php\/wp-json\/wp\/v2\/media?parent=71204"}],"wp:term":[{"taxonomy":"category","embeddable":true,"href":"https:\/\/portalnewsgta.com.br\/index.php\/wp-json\/wp\/v2\/categories?post=71204"},{"taxonomy":"post_tag","embeddable":true,"href":"https:\/\/portalnewsgta.com.br\/index.php\/wp-json\/wp\/v2\/tags?post=71204"}],"curies":[{"name":"wp","href":"https:\/\/api.w.org\/{rel}","templated":true}]}}