{"id":71197,"date":"2025-11-24T10:28:28","date_gmt":"2025-11-24T13:28:28","guid":{"rendered":"https:\/\/portalnewsgta.com.br\/?p=71197"},"modified":"2025-11-24T10:28:28","modified_gmt":"2025-11-24T13:28:28","slug":"max-nega-racha-da-al-com-executivo-apos-divergencia-sobre-reajuste","status":"publish","type":"post","link":"https:\/\/portalnewsgta.com.br\/index.php\/2025\/11\/24\/max-nega-racha-da-al-com-executivo-apos-divergencia-sobre-reajuste\/","title":{"rendered":"Max nega racha da AL com Executivo ap\u00f3s diverg\u00eancia sobre reajuste"},"content":{"rendered":"<section class=\"FullLine\">\n<div class=\"conteudo\">\n<h3>O presidente defendeu a independ\u00eancia da Assembleia; ele n\u00e3o v\u00ea uma mudan\u00e7a na rela\u00e7\u00e3o entre Poderes<\/h3>\n<\/div>\n<\/section>\n<section>\n<div class=\"FullLine\">\n<div class=\"conteudo_foto\">\n<div class=\"imgcontent\">\n<p class=\"credito_foto\">Yasmin Silva\/MidiaNews<\/p>\n<p><a href=\"https:\/\/www.midianews.com.br\/\/storage\/webdisco\/2025\/11\/05\/886x590\/dbcdc78f8bdecc5c5125cfea69de500e.jpg\" rel=\"lightbox\" data-title=\"O presidente da Assembleia Legislativa, deputado Max Russi, disse que os parlamentares colocam Mato Grosso em primeiro lugar\"><img loading=\"lazy\" decoding=\"async\" id=\"img_conteudo\" class=\"img-responsive\" src=\"https:\/\/www.midianews.com.br\/\/storage\/webdisco\/2025\/11\/05\/438x291\/dbcdc78f8bdecc5c5125cfea69de500e.jpg\" alt=\"O presidente da Assembleia Legislativa, deputado Max Russi, disse que os parlamentares colocam Mato Grosso em primeiro lugar\" width=\"438\" height=\"292\" border=\"0\" \/><\/a><\/p>\n<p class=\"descricao_foto\">O presidente da Assembleia Legislativa, deputado Max Russi, disse que os parlamentares colocam Mato Grosso em primeiro lugar<\/p>\n<\/div>\n<\/div>\n<div class=\"Font14Bold\">VIT\u00d3RIA GOMES<br \/>\nDA REDA\u00c7\u00c3O<\/div>\n<div id=\"texto\" class=\"texto\">\n<p>O presidente da Assembleia Legislativa, deputado Max Russi (PSB), afirmou que a Casa permanece com uma rela\u00e7\u00e3o \u201ctranquila\u201d com o Governo do Estado mesmo ap\u00f3s as diverg\u00eancias sobre o reajuste dos servidores do Tribunal de Justi\u00e7a.<\/p>\n<p>&nbsp;<\/p>\n<div class=\"quote-wrapper right\">\n<div class=\"quote-img-wrapper right\"><img decoding=\"async\" class=\"quote-img right\" src=\"https:\/\/www.midianews.com.br\/images\/aspas_right.gif\" \/><\/div>\n<h2 class=\"quote-content\">Tranquila, como sempre foi. A Assembleia \u00e9 um poder independente<\/h2>\n<\/div>\n<p>Os parlamentares entraram em uma queda de bra\u00e7o com o Executivo a respeito deste Projeto de Lei, pois o governo era contra a aprova\u00e7\u00e3o por temer um \u201cefeito cascata\u201d e impacto de R$ 1,6 bilh\u00e3o no Or\u00e7amento, caso os servidores dos\u00a0demais\u00a0Poderes reivindicassem aumento.<\/p>\n<p>&nbsp;<\/p>\n<p>Ap\u00f3s pedidos de vista da base governista, o impasse teve fim nesta quarta-feira (19), quando os deputados fizeram maioria para conceder o reajuste de 6,8% aos servidores.<\/p>\n<p>&nbsp;<\/p>\n<p>\u201cTranquila, como sempre foi. A Assembleia \u00e9 um poder independente. Todos os projetos que chegam aqui, tem que analisar cada deputado com a sua consci\u00eancia, com o seu modo de pensar e sempre colocando Mato Grosso em primeiro lugar\u201d, disse \u00e0 imprensa.<\/p>\n<div id=\"taboola-mid-article-thumbnails\" class=\"trc_related_container tbl-trecs-container trc_spotlight_widget trc_elastic trc_elastic_alternating-thumbnails-a-mid-article\" data-placement-name=\"Mid Article Thumbnails\">\n<div class=\"trc_rbox_container\">\n<div>\n<div id=\"trc_wrapper_2425516653\" class=\"trc_rbox alternating-thumbnails-a-mid-article trc-content-hybrid\">\n<div id=\"trc_header_2425516653\" class=\"trc_rbox_header trc_rbox_border_elm\">\n<div class=\"trc_header_ext\"><\/div>\n<\/div>\n<\/div>\n<\/div>\n<\/div>\n<\/div>\n<p>&nbsp;<\/p>\n<p>\u201cO projeto, por mais complexo que ele seja, \u00e9 obriga\u00e7\u00e3o da Assembleia debater, levar as comiss\u00f5es, dar oportunidade, dar as manifesta\u00e7\u00f5es e cada um vota de acordo com a sua consci\u00eancia\u201d, completou.<\/p>\n<p>&nbsp;<\/p>\n<p>O texto prev\u00ea o reajuste do sal\u00e1rio de cerca de 3,5 mil servidores do Judici\u00e1rio, em nove cargos, e ter\u00e1 impacto no or\u00e7amento do tribunal de R$ 42 milh\u00f5es este ano.<\/p>\n<p>Agora, a proposta segue para a san\u00e7\u00e3o ou veto do governador Mauro Mendes (Uni\u00e3o).<\/p>\n<p>&nbsp;<\/p>\n<p>A maior preocupa\u00e7\u00e3o do Executivo \u00e9 o reajuste do TJ fazer com que os servidores de outros Poderes tamb\u00e9m pe\u00e7am o aumento. Segundo proje\u00e7\u00e3o do Pal\u00e1cio Paiagu\u00e1s, o impacto nos cofres p\u00fablicos seria de R$ 1,6 bilh\u00e3o no ano que vem caso isso ocorra.<\/p>\n<p>&nbsp;<\/p>\n<p>No entanto, o governador disse que o posicionamento n\u00e3o \u00e9 garantia de que ir\u00e1 vetar a aprova\u00e7\u00e3o da mat\u00e9ria. Mendes afirmou que espera o parecer da Procuradoria-Geral do Estado para tratar da legalidade do texto.<\/p>\n<p>&nbsp;<\/p>\n<p><strong>Veja v\u00eddeo:<\/strong><\/p>\n<p>&nbsp;<\/p>\n<div style=\"width: 478px;\" class=\"wp-video\"><!--[if lt IE 9]><script>document.createElement('video');<\/script><![endif]-->\n<video class=\"wp-video-shortcode\" id=\"video-71197-1\" width=\"478\" height=\"850\" preload=\"metadata\" controls=\"controls\"><source type=\"video\/mp4\" src=\"https:\/\/portalnewsgta.com.br\/wp-content\/uploads\/2025\/11\/111854c71f7a10bf830cfc4804646e57.mp4?_=1\" \/><a href=\"https:\/\/portalnewsgta.com.br\/wp-content\/uploads\/2025\/11\/111854c71f7a10bf830cfc4804646e57.mp4\">https:\/\/portalnewsgta.com.br\/wp-content\/uploads\/2025\/11\/111854c71f7a10bf830cfc4804646e57.mp4<\/a><\/video><\/div>\n<\/div>\n<\/div>\n<\/section>\n","protected":false},"excerpt":{"rendered":"<p>O presidente defendeu a independ\u00eancia da Assembleia; ele n\u00e3o v\u00ea uma mudan\u00e7a na rela\u00e7\u00e3o entre<\/p>\n","protected":false},"author":2,"featured_media":71199,"comment_status":"open","ping_status":"open","sticky":false,"template":"","format":"standard","meta":{"footnotes":""},"categories":[13,2],"tags":[1914],"aioseo_notices":[],"_links":{"self":[{"href":"https:\/\/portalnewsgta.com.br\/index.php\/wp-json\/wp\/v2\/posts\/71197"}],"collection":[{"href":"https:\/\/portalnewsgta.com.br\/index.php\/wp-json\/wp\/v2\/posts"}],"about":[{"href":"https:\/\/portalnewsgta.com.br\/index.php\/wp-json\/wp\/v2\/types\/post"}],"author":[{"embeddable":true,"href":"https:\/\/portalnewsgta.com.br\/index.php\/wp-json\/wp\/v2\/users\/2"}],"replies":[{"embeddable":true,"href":"https:\/\/portalnewsgta.com.br\/index.php\/wp-json\/wp\/v2\/comments?post=71197"}],"version-history":[{"count":1,"href":"https:\/\/portalnewsgta.com.br\/index.php\/wp-json\/wp\/v2\/posts\/71197\/revisions"}],"predecessor-version":[{"id":71200,"href":"https:\/\/portalnewsgta.com.br\/index.php\/wp-json\/wp\/v2\/posts\/71197\/revisions\/71200"}],"wp:featuredmedia":[{"embeddable":true,"href":"https:\/\/portalnewsgta.com.br\/index.php\/wp-json\/wp\/v2\/media\/71199"}],"wp:attachment":[{"href":"https:\/\/portalnewsgta.com.br\/index.php\/wp-json\/wp\/v2\/media?parent=71197"}],"wp:term":[{"taxonomy":"category","embeddable":true,"href":"https:\/\/portalnewsgta.com.br\/index.php\/wp-json\/wp\/v2\/categories?post=71197"},{"taxonomy":"post_tag","embeddable":true,"href":"https:\/\/portalnewsgta.com.br\/index.php\/wp-json\/wp\/v2\/tags?post=71197"}],"curies":[{"name":"wp","href":"https:\/\/api.w.org\/{rel}","templated":true}]}}