{"id":70942,"date":"2025-11-20T10:42:40","date_gmt":"2025-11-20T13:42:40","guid":{"rendered":"https:\/\/portalnewsgta.com.br\/index.php\/2025\/11\/20\/sou-a-voz-de-varios-que-nao-tiveram-a-chance-que-tenho-diz-pericles-sobre-racismo-e-legado\/"},"modified":"2025-11-20T10:42:40","modified_gmt":"2025-11-20T13:42:40","slug":"sou-a-voz-de-varios-que-nao-tiveram-a-chance-que-tenho-diz-pericles-sobre-racismo-e-legado","status":"publish","type":"post","link":"https:\/\/portalnewsgta.com.br\/index.php\/2025\/11\/20\/sou-a-voz-de-varios-que-nao-tiveram-a-chance-que-tenho-diz-pericles-sobre-racismo-e-legado\/","title":{"rendered":"Sou a voz de v\u00e1rios que n\u00e3o tiveram a chance que tenho, diz P\u00e9ricles sobre racismo e legado"},"content":{"rendered":"<p>(FOLHAPRESS) &#8211; P\u00e9ricles Aparecido Fonseca de Faria completou 56 anos em junho. S\u00e3o 39 anos como cantor -os primeiros 26 \u00e0 frente do Exaltasamba, e&#8230;<br \/>\n                 leia mais no Not\u00edcias ao Minuto Brasil <a href=\"https:\/\/www.noticiasaominuto.com.br\/fama\/2334308\/sou-a-voz-de-varios-que-nao-tiveram-a-chance-que-tenho-diz-pericles-sobre-racismo-e-legado?utm_source=rss-fama&amp;utm_medium=rss&amp;utm_campaign=rssfeed\">aqui<\/a>.<\/p>\n<p>Fonte: noticiasaominuto.com.br<\/p>\n","protected":false},"excerpt":{"rendered":"<p>(FOLHAPRESS) &#8211; P\u00e9ricles Aparecido Fonseca de Faria completou 56 anos em junho. S\u00e3o 39 anos<\/p>\n","protected":false},"author":0,"featured_media":70943,"comment_status":"open","ping_status":"open","sticky":false,"template":"","format":"standard","meta":{"footnotes":""},"categories":[6],"tags":[],"aioseo_notices":[],"_links":{"self":[{"href":"https:\/\/portalnewsgta.com.br\/index.php\/wp-json\/wp\/v2\/posts\/70942"}],"collection":[{"href":"https:\/\/portalnewsgta.com.br\/index.php\/wp-json\/wp\/v2\/posts"}],"about":[{"href":"https:\/\/portalnewsgta.com.br\/index.php\/wp-json\/wp\/v2\/types\/post"}],"replies":[{"embeddable":true,"href":"https:\/\/portalnewsgta.com.br\/index.php\/wp-json\/wp\/v2\/comments?post=70942"}],"version-history":[{"count":0,"href":"https:\/\/portalnewsgta.com.br\/index.php\/wp-json\/wp\/v2\/posts\/70942\/revisions"}],"wp:featuredmedia":[{"embeddable":true,"href":"https:\/\/portalnewsgta.com.br\/index.php\/wp-json\/wp\/v2\/media\/70943"}],"wp:attachment":[{"href":"https:\/\/portalnewsgta.com.br\/index.php\/wp-json\/wp\/v2\/media?parent=70942"}],"wp:term":[{"taxonomy":"category","embeddable":true,"href":"https:\/\/portalnewsgta.com.br\/index.php\/wp-json\/wp\/v2\/categories?post=70942"},{"taxonomy":"post_tag","embeddable":true,"href":"https:\/\/portalnewsgta.com.br\/index.php\/wp-json\/wp\/v2\/tags?post=70942"}],"curies":[{"name":"wp","href":"https:\/\/api.w.org\/{rel}","templated":true}]}}