{"id":70884,"date":"2025-11-19T11:42:36","date_gmt":"2025-11-19T14:42:36","guid":{"rendered":"https:\/\/portalnewsgta.com.br\/index.php\/2025\/11\/19\/aqui-nunca-me-senti-estrangeiro-e-carinho-da-sensacao-de-estar-entre-amigos-diz-andrea-bocelli-sobre-brasil\/"},"modified":"2025-11-19T11:42:36","modified_gmt":"2025-11-19T14:42:36","slug":"aqui-nunca-me-senti-estrangeiro-e-carinho-da-sensacao-de-estar-entre-amigos-diz-andrea-bocelli-sobre-brasil","status":"publish","type":"post","link":"https:\/\/portalnewsgta.com.br\/index.php\/2025\/11\/19\/aqui-nunca-me-senti-estrangeiro-e-carinho-da-sensacao-de-estar-entre-amigos-diz-andrea-bocelli-sobre-brasil\/","title":{"rendered":"Aqui nunca me senti estrangeiro, e carinho d\u00e1 sensa\u00e7\u00e3o de estar entre amigos, diz Andrea Bocelli sobre Brasil"},"content":{"rendered":"<p>(FOLHAPRESS) &#8211; Andrea Bocelli, tenor italiano que aos 67 anos completa tr\u00eas d\u00e9cadas de uma carreira marcada por apresenta\u00e7\u00f5es para papas e presiden&#8230;<br \/>\n                 leia mais no Not\u00edcias ao Minuto Brasil <a href=\"https:\/\/www.noticiasaominuto.com.br\/fama\/2333702\/aqui-nunca-me-senti-estrangeiro-e-carinho-da-sensacao-de-estar-entre-amigos-diz-andrea-bocelli-sobre-brasil?utm_source=rss-fama&amp;utm_medium=rss&amp;utm_campaign=rssfeed\">aqui<\/a>.<\/p>\n<p>Fonte: noticiasaominuto.com.br<\/p>\n","protected":false},"excerpt":{"rendered":"<p>(FOLHAPRESS) &#8211; Andrea Bocelli, tenor italiano que aos 67 anos completa tr\u00eas d\u00e9cadas de uma<\/p>\n","protected":false},"author":0,"featured_media":70885,"comment_status":"open","ping_status":"open","sticky":false,"template":"","format":"standard","meta":{"footnotes":""},"categories":[6],"tags":[],"aioseo_notices":[],"_links":{"self":[{"href":"https:\/\/portalnewsgta.com.br\/index.php\/wp-json\/wp\/v2\/posts\/70884"}],"collection":[{"href":"https:\/\/portalnewsgta.com.br\/index.php\/wp-json\/wp\/v2\/posts"}],"about":[{"href":"https:\/\/portalnewsgta.com.br\/index.php\/wp-json\/wp\/v2\/types\/post"}],"replies":[{"embeddable":true,"href":"https:\/\/portalnewsgta.com.br\/index.php\/wp-json\/wp\/v2\/comments?post=70884"}],"version-history":[{"count":0,"href":"https:\/\/portalnewsgta.com.br\/index.php\/wp-json\/wp\/v2\/posts\/70884\/revisions"}],"wp:featuredmedia":[{"embeddable":true,"href":"https:\/\/portalnewsgta.com.br\/index.php\/wp-json\/wp\/v2\/media\/70885"}],"wp:attachment":[{"href":"https:\/\/portalnewsgta.com.br\/index.php\/wp-json\/wp\/v2\/media?parent=70884"}],"wp:term":[{"taxonomy":"category","embeddable":true,"href":"https:\/\/portalnewsgta.com.br\/index.php\/wp-json\/wp\/v2\/categories?post=70884"},{"taxonomy":"post_tag","embeddable":true,"href":"https:\/\/portalnewsgta.com.br\/index.php\/wp-json\/wp\/v2\/tags?post=70884"}],"curies":[{"name":"wp","href":"https:\/\/api.w.org\/{rel}","templated":true}]}}