{"id":70647,"date":"2025-11-17T10:25:10","date_gmt":"2025-11-17T13:25:10","guid":{"rendered":"https:\/\/portalnewsgta.com.br\/?p=70647"},"modified":"2025-11-17T10:25:10","modified_gmt":"2025-11-17T13:25:10","slug":"oposicao-e-situacao-dizem-que-votarao-a-favor-do-reajuste-do-tj","status":"publish","type":"post","link":"https:\/\/portalnewsgta.com.br\/index.php\/2025\/11\/17\/oposicao-e-situacao-dizem-que-votarao-a-favor-do-reajuste-do-tj\/","title":{"rendered":"Oposi\u00e7\u00e3o e situa\u00e7\u00e3o dizem que votar\u00e3o a favor do reajuste do TJ"},"content":{"rendered":"<section class=\"FullLine\">\n<div class=\"conteudo\">\n<h3>Projeto concede reajuste de 6,8% na tabela salarial de servidores do Tribunal e est\u00e1 em tramita\u00e7\u00e3o h\u00e1 dois meses<\/h3>\n<\/div>\n<\/section>\n<section>\n<div class=\"FullLine\">\n<div class=\"conteudo_foto\">\n<div class=\"imgcontent\">\n<p class=\"credito_foto\">Montagem\/MidiaNews<\/p>\n<p><a href=\"https:\/\/www.midianews.com.br\/\/storage\/webdisco\/2025\/11\/14\/886x590\/27fe804c5701957b4cd82be2bab4cb7f.jpg\" rel=\"lightbox\" data-title=\"Deputados Dr. Jo\u00e3o Jos\u00e9, Eduardo Botelho e Diego Guimar\u00e3es avaliam vota\u00e7\u00e3o do projeto de reajuste do TJ\"><img loading=\"lazy\" decoding=\"async\" id=\"img_conteudo\" class=\"img-responsive\" src=\"https:\/\/www.midianews.com.br\/\/storage\/webdisco\/2025\/11\/14\/438x291\/27fe804c5701957b4cd82be2bab4cb7f.jpg\" alt=\"Deputados Dr. Jo\u00e3o Jos\u00e9, Eduardo Botelho e Diego Guimar\u00e3es avaliam vota\u00e7\u00e3o do projeto de reajuste do TJ\" width=\"438\" height=\"292\" border=\"0\" \/><\/a><\/p>\n<p class=\"descricao_foto\">Deputados Dr. Jo\u00e3o Jos\u00e9, Eduardo Botelho e Diego Guimar\u00e3es avaliam vota\u00e7\u00e3o do projeto de reajuste do TJ<\/p>\n<\/div>\n<\/div>\n<div class=\"Font14Bold\">JONAS DA SILVA<br \/>\nDA REDA\u00c7\u00c3O<\/div>\n<div id=\"texto\" class=\"texto\">\n<p>Deputados da oposi\u00e7\u00e3o e da situa\u00e7\u00e3o garantem que votar\u00e3o a favor do reajuste de 6,8% na remunera\u00e7\u00e3o dos servidores do Tribunal de Justi\u00e7a de Mato Grosso (TJMT), em sess\u00e3o na pr\u00f3xima quarta-feira (19).\u00a0\u00a0Essa \u00e9 a constata\u00e7\u00e3o dos parlamentares ouvidos pelo\u00a0<strong>MidiaNews<\/strong>.<\/p>\n<p>&nbsp;<\/p>\n<p>O Projeto de Lei encaminhado pelo TJMT reajusta o sal\u00e1rio de cerca de 3.500 servido<\/p>\n<div class=\"quote-wrapper right\">\n<div class=\"quote-img-wrapper right\"><img decoding=\"async\" class=\"quote-img right\" src=\"https:\/\/www.midianews.com.br\/images\/aspas_right.gif\" \/><\/div>\n<h2 class=\"quote-content\">Voto a favor. Desde o in\u00edcio me posicionei assim. Dei a palavra aos servidores e cumprirei (Diego Guimar\u00e3es)<\/h2>\n<\/div>\n<p>res efetivos do Judici\u00e1rio em nove cargos, e ter\u00e1 impacto no or\u00e7amento do tribunal de R$ 42 milh\u00f5es este ano.<\/p>\n<p>&nbsp;<\/p>\n<p>O presidente da Assembleia Legislativa de Mato Grosso (AL) j\u00e1 afirmou que colocar\u00e1 em vota\u00e7\u00e3o a proposta que tramita h\u00e1 dois meses no Poder e tem sido motivo de tens\u00e3o entre o Governo e o Legislativo. \u201cT\u00e1 na pauta, n\u00e3o existe mais instrumento de vistas\u201d, disse \u00e0 imprensa.<\/p>\n<div id=\"taboola-mid-article-thumbnails\" class=\"trc_related_container tbl-trecs-container trc_spotlight_widget trc_elastic trc_elastic_alternating-thumbnails-a-mid-article\" data-placement-name=\"Mid Article Thumbnails\">\n<div class=\"trc_rbox_container\">\n<div>\n<div id=\"trc_wrapper_1996079392\" class=\"trc_rbox alternating-thumbnails-a-mid-article trc-content-hybrid\">\n<div id=\"trc_header_1996079392\" class=\"trc_rbox_header trc_rbox_border_elm\">\n<div class=\"trc_header_ext\"><\/div>\n<\/div>\n<\/div>\n<\/div>\n<\/div>\n<\/div>\n<p>&nbsp;<\/p>\n<p>O governador Mauro Mendes rejeita a proposta devido ao impacto de R$ 1,6 bilh\u00e3o no or\u00e7amento, se o aumento se estender aos demais Poderes.<\/p>\n<p>&nbsp;<\/p>\n<p>O deputado Diego Guimar\u00e3es (Republicanos) \u00e9 um dos deputados da base do Governo que votar\u00e1 a favor do projeto. \u201cVoto a favor. Desde o in\u00edcio me posicionei assim\u201d, diz. \u201cDei a palavra aos servidores e cumprirei\u201d, resumiu ao justificar o voto favor\u00e1vel.<\/p>\n<p>&nbsp;<\/p>\n<p>O primeiro-secret\u00e1rio da Assembleia, Dr. Jo\u00e3o Jos\u00e9 (MDB), \u00e9 outro que concorda com o projeto.<\/p>\n<p>&nbsp;<\/p>\n<p>\u201cVoto favor\u00e1vel aos funcion\u00e1rios p\u00fablicos. \u201cNa minha opini\u00e3o, o duod\u00e9cimo \u00e9 deles e eles sabem onde o calo deles aperta, o dinheiro \u00e9 deles (Judici\u00e1rio), ent\u00e3o eles s\u00e3o independente\u201d, defendeu. \u201cEu voto a favor\u201d, completou.<\/p>\n<p>&nbsp;<\/p>\n<p>O deputado Dr. Eug\u00eanio de Paiva (PSB), da base do Governo, tamb\u00e9m vota a favor. \u201cNa quarta-feira tem que ser resolvido. At\u00e9 l\u00e1 vai acabar aprovando\u201d, previu. Ele foi um dos tr\u00eas deputados que pediu vista ao processo h\u00e1 10 dias.<\/p>\n<p>&nbsp;<\/p>\n<p>Outro que vota favor\u00e1vel \u00e9 o deputado Gilberto Cattani (PL). Ele explica que na primeira vota\u00e7\u00e3o foi contra, mas depois da explica\u00e7\u00e3o dos desembargadores que estiveram no Legislativo, vai votar a favor.<\/p>\n<p>&nbsp;<\/p>\n<div class=\"quote-wrapper left\">\n<div class=\"quote-img-wrapper left\"><img decoding=\"async\" class=\"quote-img left\" src=\"https:\/\/www.midianews.com.br\/images\/aspas_left.gif\" \/><\/div>\n<h2 class=\"quote-content\">N\u00e3o tem porque a gente ser contr\u00e1rio a uma vontade do tribunal remunerar seus funcion\u00e1rios. Na pr\u00f3xima vota\u00e7\u00e3o que tiver, eu votar favoravelmente \u00e0 solicita\u00e7\u00e3o do tribunal<\/h2>\n<p>&nbsp;<\/p>\n<p>&nbsp;<\/p>\n<\/div>\n<p>\u201cEsse or\u00e7amento \u00e9 do pr\u00f3prio tribunal. E ele est\u00e1 querendo fazer esse aumento para os seus funcion\u00e1rios. Esse or\u00e7amento inclusive j\u00e1 est\u00e1 l\u00e1 dispon\u00edvel no tribunal\u201d, avalia.<\/p>\n<p>&nbsp;<\/p>\n<p>\u201cN\u00e3o tem porque a gente ser contr\u00e1rio a uma vontade do tribunal remunerar seus funcion\u00e1rios. Na pr\u00f3xima vota\u00e7\u00e3o que tiver, eu vou votar favoravelmente \u00e0 solita\u00e7\u00e3o do tribunal\u201d\u201d, refor\u00e7ou.<\/p>\n<p>&nbsp;<\/p>\n<p><strong>Tramita\u00e7\u00e3o final<\/strong><\/p>\n<p>&nbsp;<\/p>\n<p>O presidente da Comiss\u00e3o de Constitui\u00e7\u00e3o e Justi\u00e7a (CCJ), deputado Eduardo Botelho, tamb\u00e9m vai votar a favor. Ele foi relator na comiss\u00e3o e j\u00e1 havia se manifestado.<\/p>\n<p>&nbsp;<\/p>\n<p>\u201cSemana que vem o projeto vai ser votado. Eu creio, pelo o que eu tenho conversado com os deputados, ele vai ser aprovado. A\u00ed vai para o governador vetar ou n\u00e3o\u201d, informou a tramita\u00e7\u00e3o final da proposta.<\/p>\n<p>&nbsp;<\/p>\n<p>\u201cSe ele (governador), vetar, volta para a Assembleia Legislativa. E n\u00f3s temos a palavra final se mant\u00e9m ou derruba o veto\u201d, diz. \u201cDeve ser aprovado sim, pelo o que eu tenho conversado com os deputados\u201d, explicou.<\/p>\n<p>&nbsp;<\/p>\n<p><strong>L\u00edder do Governo<\/strong><\/p>\n<p>&nbsp;<\/p>\n<p>O l\u00edder do Governo, Dilmar Dal\u2019Bosco (Uni\u00e3o) se esquivou sobre opinar se vai votar a favor ou contra. \u201cVai ser apreciado quarta-feira\u201d, afirmou.<\/p>\n<p>&nbsp;<\/p>\n<p>Ele afirmou que n\u00e3o tem feito press\u00e3o aos deputados pelo voto contra o projeto de reajuste aos servidores do Judici\u00e1rio.<\/p>\n<p>&nbsp;<\/p>\n<p>\u201cCada um ali tem suas opini\u00f5es. Ent\u00e3o, a gente tem que saber respeitar. Eu n\u00e3o entro nessa seara, ali \u00e9 livre. Todos os projetos eu n\u00e3o tenho como convencer as pessoas a voto A ou B\u201d, explicou.<\/p>\n<p>&nbsp;<\/p>\n<p>O l\u00edder do Governo afirmou que n\u00e3o utilizar\u00e1 argumento para convencer os deputados a votarem contra o projeto, como deseja o Governo. \u201cAcho que todo mundo ali j\u00e1 tem uma opini\u00e3o definida. N\u00e3o tem como fazer trabalho em cima dessa mat\u00e9ria a\u00ed\u201d, justificou Dilmar.<\/p>\n<\/div>\n<\/div>\n<\/section>\n","protected":false},"excerpt":{"rendered":"<p>Projeto concede reajuste de 6,8% na tabela salarial de servidores do Tribunal e est\u00e1 em<\/p>\n","protected":false},"author":2,"featured_media":70648,"comment_status":"open","ping_status":"open","sticky":false,"template":"","format":"standard","meta":{"footnotes":""},"categories":[13,2],"tags":[1897],"aioseo_notices":[],"_links":{"self":[{"href":"https:\/\/portalnewsgta.com.br\/index.php\/wp-json\/wp\/v2\/posts\/70647"}],"collection":[{"href":"https:\/\/portalnewsgta.com.br\/index.php\/wp-json\/wp\/v2\/posts"}],"about":[{"href":"https:\/\/portalnewsgta.com.br\/index.php\/wp-json\/wp\/v2\/types\/post"}],"author":[{"embeddable":true,"href":"https:\/\/portalnewsgta.com.br\/index.php\/wp-json\/wp\/v2\/users\/2"}],"replies":[{"embeddable":true,"href":"https:\/\/portalnewsgta.com.br\/index.php\/wp-json\/wp\/v2\/comments?post=70647"}],"version-history":[{"count":1,"href":"https:\/\/portalnewsgta.com.br\/index.php\/wp-json\/wp\/v2\/posts\/70647\/revisions"}],"predecessor-version":[{"id":70649,"href":"https:\/\/portalnewsgta.com.br\/index.php\/wp-json\/wp\/v2\/posts\/70647\/revisions\/70649"}],"wp:featuredmedia":[{"embeddable":true,"href":"https:\/\/portalnewsgta.com.br\/index.php\/wp-json\/wp\/v2\/media\/70648"}],"wp:attachment":[{"href":"https:\/\/portalnewsgta.com.br\/index.php\/wp-json\/wp\/v2\/media?parent=70647"}],"wp:term":[{"taxonomy":"category","embeddable":true,"href":"https:\/\/portalnewsgta.com.br\/index.php\/wp-json\/wp\/v2\/categories?post=70647"},{"taxonomy":"post_tag","embeddable":true,"href":"https:\/\/portalnewsgta.com.br\/index.php\/wp-json\/wp\/v2\/tags?post=70647"}],"curies":[{"name":"wp","href":"https:\/\/api.w.org\/{rel}","templated":true}]}}