{"id":70644,"date":"2025-11-17T10:24:10","date_gmt":"2025-11-17T13:24:10","guid":{"rendered":"https:\/\/portalnewsgta.com.br\/?p=70644"},"modified":"2025-11-17T10:24:10","modified_gmt":"2025-11-17T13:24:10","slug":"abilio-ve-culpa-da-gestao-lula-por-dificuldade-financeira-de-cuiaba","status":"publish","type":"post","link":"https:\/\/portalnewsgta.com.br\/index.php\/2025\/11\/17\/abilio-ve-culpa-da-gestao-lula-por-dificuldade-financeira-de-cuiaba\/","title":{"rendered":"Abilio v\u00ea culpa da gest\u00e3o Lula por dificuldade financeira de Cuiab\u00e1"},"content":{"rendered":"<section class=\"FullLine\">\n<div class=\"conteudo\">\n<h3>Prefeito diz que instabilidade nacional e falta de repasses dificultam retomada financeira da Capital<\/h3>\n<\/div>\n<\/section>\n<section>\n<div class=\"FullLine\">\n<div class=\"conteudo_foto\">\n<div class=\"imgcontent\">\n<p class=\"credito_foto\">Victor Ostetti\/MidiaNews<\/p>\n<p><a href=\"https:\/\/www.midianews.com.br\/\/storage\/webdisco\/2025\/09\/25\/886x590\/051229b7490ae05e43860435db8809c7.jpg\" rel=\"lightbox\" data-title=\"O prefeito de Cuiab\u00e1, Abilio Brunini, disse que o cen\u00e1rio financeiro ainda gera cautela\"><img loading=\"lazy\" decoding=\"async\" id=\"img_conteudo\" class=\"img-responsive\" src=\"https:\/\/www.midianews.com.br\/\/storage\/webdisco\/2025\/09\/25\/438x291\/051229b7490ae05e43860435db8809c7.jpg\" alt=\"O prefeito de Cuiab\u00e1, Abilio Brunini, disse que o cen\u00e1rio financeiro ainda gera cautela\" width=\"438\" height=\"292\" border=\"0\" \/><\/a><\/p>\n<p class=\"descricao_foto\">O prefeito de Cuiab\u00e1, Abilio Brunini, disse que o cen\u00e1rio financeiro ainda gera cautela<\/p>\n<\/div>\n<\/div>\n<div class=\"Font14Bold\">VIT\u00d3RIA GOMES<br \/>\nDA REDA\u00c7\u00c3O<\/div>\n<div id=\"texto\" class=\"texto\">\n<p>O prefeito de Cuiab\u00e1, Abilio Brunini (PL), afirmou que a situa\u00e7\u00e3o financeira do munic\u00edpio ainda \u00e9 delicada e atribuiu parte das dificuldades \u00e0 gest\u00e3o do presidente Luiz In\u00e1cio Lula da Silva (PT).<\/p>\n<p>&nbsp;<\/p>\n<div class=\"quote-wrapper right\">\n<div class=\"quote-img-wrapper right\"><img decoding=\"async\" class=\"quote-img right\" src=\"https:\/\/www.midianews.com.br\/images\/aspas_right.gif\" \/><\/div>\n<h2 class=\"quote-content\">Esse estado de cautela que n\u00f3s temos n\u00e3o se d\u00e1 apenas pelo munic\u00edpio de Cuiab\u00e1, se d\u00e1 pela situa\u00e7\u00e3o do nosso pa\u00eds<\/h2>\n<\/div>\n<p>Segundo ele, a falta de apoio financeiro do Governo Federal agrava a crise enfrentada por Cuiab\u00e1 e limita a capacidade de recupera\u00e7\u00e3o das contas p\u00fablicas.<\/p>\n<p>&nbsp;<\/p>\n<p>O prefeito responsabilizou diretamente o Governo Federal pelo agravamento do cen\u00e1rio econ\u00f4mico nacional.<\/p>\n<p>&nbsp;<\/p>\n<p>\u201cEsse estado de cautela que n\u00f3s temos n\u00e3o se d\u00e1 apenas pelo munic\u00edpio de Cuiab\u00e1, se d\u00e1 pela situa\u00e7\u00e3o do nosso pa\u00eds. Voc\u00ea percebe as dificuldades do Governo Federal, n\u00e3o est\u00e1 conseguindo cumprir as metas fiscais, n\u00e3o est\u00e1 conseguindo atrair investidores. Agora o Governo Federal n\u00e3o conseguiu captar recursos na COP 30, nem com pa\u00edses aliados\u201d, afirmou em entrevista \u00e0 r\u00e1dio Vila Real.<\/p>\n<div id=\"taboola-mid-article-thumbnails\" class=\"trc_related_container tbl-trecs-container trc_spotlight_widget trc_elastic trc_elastic_alternating-thumbnails-a-mid-article\" data-placement-name=\"Mid Article Thumbnails\">\n<div class=\"trc_rbox_container\">\n<div>\n<div id=\"trc_wrapper_2607161756\" class=\"trc_rbox alternating-thumbnails-a-mid-article trc-content-hybrid\">\n<div id=\"trc_header_2607161756\" class=\"trc_rbox_header trc_rbox_border_elm\">\n<div class=\"trc_header_ext\"><\/div>\n<\/div>\n<div id=\"outer_2607161756\" class=\"trc_rbox_outer\">\n<div id=\"rbox-t2m\" class=\"trc_rbox_div trc_rbox_border_elm\">\n<div id=\"internal_trc_2607161756\">\n<figure id=\"taboola-mid-article-thumbnails-video\">\n<div id=\"_cm-css-reset\" class=\"_cm-div\" data-tracked=\"true\"><\/div>\n<\/figure>\n<\/div>\n<\/div>\n<\/div>\n<\/div>\n<\/div>\n<\/div>\n<\/div>\n<p>Para Abilio, a \u201cinstabilidade pol\u00edtica\u201d teria afastado investimentos e afetado a credibilidade da Uni\u00e3o, impactando estados e munic\u00edpios.<\/p>\n<p>&nbsp;<\/p>\n<p>\u201cN\u00f3s em Cuiab\u00e1 \u00e9 a mesma coisa. Quando a gente n\u00e3o recebe aux\u00edlio do Governo do Estado ou Governo Federal para conseguir conduzir nosso or\u00e7amento, a gente vai conduzindo com cofre apertado do jeito que est\u00e1 para conseguir colocar Cuiab\u00e1 no eixo\u201d, disse.<\/p>\n<p>&nbsp;<\/p>\n<p>O prefeito ainda lembrou do momento de calamidade financeira que viveu logo no in\u00edcio da sua gest\u00e3o no munic\u00edpio, marcada pelos atrasos salariais e d\u00e9bitos com servidores, e afirmou que o cen\u00e1rio financeiro ainda exige ajustes.<\/p>\n<p>&nbsp;<\/p>\n<p>Ele comparou o momento da Capital ao enfrentado por Mato Grosso quando Mauro Mendes assumiu o Governo do Estado ap\u00f3s a gest\u00e3o Pedro Taques e pegou os caixas no vermelho.<\/p>\n<p>&nbsp;<\/p>\n<p>Abilio lembrou que para chegar a estabilidade financeira que o Estado tem hoje Mendes precisou de quase oito anos de mandato.<\/p>\n<p>&nbsp;<\/p>\n<p>\u201cEu costumo dizer que a calamidade financeira acabou o decreto, mas a condi\u00e7\u00e3o de acerto de contas ainda continua. N\u00f3s recebemos uma prefeitura com muita dificuldade e para colocar ela nos eixos vai demorar um pouquinho\u201d.<\/p>\n<\/div>\n<\/div>\n<\/section>\n","protected":false},"excerpt":{"rendered":"<p>Prefeito diz que instabilidade nacional e falta de repasses dificultam retomada financeira da Capital Victor<\/p>\n","protected":false},"author":2,"featured_media":70645,"comment_status":"open","ping_status":"open","sticky":false,"template":"","format":"standard","meta":{"footnotes":""},"categories":[13,2],"tags":[1896],"aioseo_notices":[],"_links":{"self":[{"href":"https:\/\/portalnewsgta.com.br\/index.php\/wp-json\/wp\/v2\/posts\/70644"}],"collection":[{"href":"https:\/\/portalnewsgta.com.br\/index.php\/wp-json\/wp\/v2\/posts"}],"about":[{"href":"https:\/\/portalnewsgta.com.br\/index.php\/wp-json\/wp\/v2\/types\/post"}],"author":[{"embeddable":true,"href":"https:\/\/portalnewsgta.com.br\/index.php\/wp-json\/wp\/v2\/users\/2"}],"replies":[{"embeddable":true,"href":"https:\/\/portalnewsgta.com.br\/index.php\/wp-json\/wp\/v2\/comments?post=70644"}],"version-history":[{"count":1,"href":"https:\/\/portalnewsgta.com.br\/index.php\/wp-json\/wp\/v2\/posts\/70644\/revisions"}],"predecessor-version":[{"id":70646,"href":"https:\/\/portalnewsgta.com.br\/index.php\/wp-json\/wp\/v2\/posts\/70644\/revisions\/70646"}],"wp:featuredmedia":[{"embeddable":true,"href":"https:\/\/portalnewsgta.com.br\/index.php\/wp-json\/wp\/v2\/media\/70645"}],"wp:attachment":[{"href":"https:\/\/portalnewsgta.com.br\/index.php\/wp-json\/wp\/v2\/media?parent=70644"}],"wp:term":[{"taxonomy":"category","embeddable":true,"href":"https:\/\/portalnewsgta.com.br\/index.php\/wp-json\/wp\/v2\/categories?post=70644"},{"taxonomy":"post_tag","embeddable":true,"href":"https:\/\/portalnewsgta.com.br\/index.php\/wp-json\/wp\/v2\/tags?post=70644"}],"curies":[{"name":"wp","href":"https:\/\/api.w.org\/{rel}","templated":true}]}}