{"id":70487,"date":"2025-11-15T13:38:45","date_gmt":"2025-11-15T16:38:45","guid":{"rendered":"https:\/\/portalnewsgta.com.br\/?p=70487"},"modified":"2025-11-15T13:38:45","modified_gmt":"2025-11-15T16:38:45","slug":"jayme-diz-que-mendes-nao-precisa-de-bolsonaro-tem-voo-proprio","status":"publish","type":"post","link":"https:\/\/portalnewsgta.com.br\/index.php\/2025\/11\/15\/jayme-diz-que-mendes-nao-precisa-de-bolsonaro-tem-voo-proprio\/","title":{"rendered":"Jayme diz que Mendes n\u00e3o precisa de Bolsonaro: \u201cTem voo pr\u00f3prio\u201d"},"content":{"rendered":"<section class=\"FullLine\">\n<div class=\"conteudo\">\n<h3>Eduardo Bolsonaro instruiu eleitores da direita a n\u00e3o votarem em Mendes; Jayme minimizou a situa\u00e7\u00e3o<\/h3>\n<\/div>\n<\/section>\n<section>\n<div class=\"FullLine\">\n<div class=\"conteudo_foto\">\n<div class=\"imgcontent\">\n<p class=\"credito_foto\">Victor Ostetti\/MidiaNews<\/p>\n<p><a href=\"https:\/\/www.midianews.com.br\/\/storage\/webdisco\/2024\/12\/16\/886x590\/eb310e74593a11723b6e3086ead6ba89.jpg\" rel=\"lightbox\" data-title=\"O senador Jayme Campos disse que eleitores s\u00e3o \"><img loading=\"lazy\" decoding=\"async\" id=\"img_conteudo\" class=\"img-responsive\" src=\"https:\/\/www.midianews.com.br\/\/storage\/webdisco\/2024\/12\/16\/438x291\/eb310e74593a11723b6e3086ead6ba89.jpg\" alt=\"O senador Jayme Campos disse que eleitores s\u00e3o \" width=\"438\" height=\"292\" border=\"0\" \/><\/a><\/p>\n<p class=\"descricao_foto\">O senador Jayme Campos disse que eleitores s\u00e3o &#8220;s\u00e1bios&#8221; e v\u00e3o escolher com base no trabalho de cada candidato<\/p>\n<\/div>\n<\/div>\n<div class=\"Font14Bold\">VIT\u00d3RIA GOMES E C\u00cdNTIA BORGES<br \/>\nDA REDA\u00c7\u00c3O<\/div>\n<div id=\"texto\" class=\"texto\">\n<p>O senador Jayme Campos (Uni\u00e3o) afirmou que o governador Mauro Mendes (Uni\u00e3o) n\u00e3o precisa do apoio do ex-presidente Jair Bolsonaro (PL) para lan\u00e7ar a candidatura ao Senado Federal em 2026.<\/p>\n<p>&nbsp;<\/p>\n<div class=\"quote-wrapper right\">\n<div class=\"quote-img-wrapper right\"><img decoding=\"async\" class=\"quote-img right\" src=\"https:\/\/www.midianews.com.br\/images\/aspas_right.gif\" \/><\/div>\n<h2 class=\"quote-content\">N\u00e3o sei se ele est\u00e1 t\u00e3o necessitado do apoio do Bolsonaro. O Mauro tem voo pr\u00f3prio, \u00e9 um governador<\/h2>\n<\/div>\n<p>\u201cN\u00e3o sei se ele est\u00e1 t\u00e3o necessitado do apoio do Bolsonaro. O Mauro tem voo pr\u00f3prio, \u00e9 um governador\u201d, afirmou o parlamentar \u00e0 imprensa nesta sexta-feira (14).<\/p>\n<p>&nbsp;<\/p>\n<p>\u201cSe ele sair de fato, imagino que, independente de qualquer apoiamento, seja de Pedro, do Bolsonaro, do Sebasti\u00e3o, ele poder\u00e1 ser candidato. Foi candidato a governador e n\u00e3o pode ser candidato a senador?\u201d, questionou.<\/p>\n<p>&nbsp;<\/p>\n<p>A declara\u00e7\u00e3o de Jayme foi feita ap\u00f3s ter sido questionado sobre a recente entrevista do deputado federal, Eduardo Bolsonaro (PL-SP), \u00e0\u00a0<strong>Jovem Pan News<\/strong>\u00a0em que recomendou aos bolsonaristas que n\u00e3o votassem em Mendes para o Senado.<\/p>\n<div id=\"taboola-mid-article-thumbnails\"><\/div>\n<p>&nbsp;<\/p>\n<p>&nbsp;<\/p>\n<p>Eduardo alegou que deixar que Mendes fosse eleito como senador seria um erro que custaria oito anos de \u201cengana\u00e7\u00e3o\u201d ao eleitor conservador.<\/p>\n<p>&nbsp;<\/p>\n<p>O governador e o deputado t\u00eam trocado farpas pela imprensa desde a semana passada.\u00a0Mendes chegou a dizer que Eduardo falava \u201cmerda\u201d ao criticar o governador de S\u00e3o Paulo, Tarc\u00edsio Freitas (Republicanos), e, em resposta, o parlamentar disse que ele seria um \u201cpol\u00edtico de bosta\u201d<\/p>\n<p>&nbsp;<\/p>\n<p>Esse acirramento entre os dois fez com que lideran\u00e7as do PL come\u00e7assem a dizer que Mendes tamb\u00e9m n\u00e3o iria ter mais o apoio de Bolsonaro na elei\u00e7\u00e3o. Era esperado que, caso se lan\u00e7asse candidato, o governador faria uma dobradinha com o deputado federal Jos\u00e9 Medeiros (PL) na disputa eleitoral ao Senado.<\/p>\n<p>&nbsp;<\/p>\n<p><strong>&#8220;Povo \u00e9 sabido&#8221;<\/strong><\/p>\n<p>&nbsp;<\/p>\n<p>Mesmo admitindo a capacidade de influ\u00eancia de Eduardo com o eleitor bolsonarista em Mato Grosso, Jayme minimizou a situa\u00e7\u00e3o e disse acreditar que o eleitor vai levar em considera\u00e7\u00e3o o trabalho feito por Mendes durante seus oito anos \u00e0 frente do Governo no momento de depositar seu voto na urna.<\/p>\n<p>&nbsp;<\/p>\n<p>\u201cVai ter um peso? Imagino que tem um peso, mas isso n\u00e3o significa que isso vai atropelar quem quer que seja. Porque o povo \u00e9 muito s\u00e1bio, ele sabe votar de forma individual, consciente, respons\u00e1vel\u201d.<\/p>\n<p>&nbsp;<\/p>\n<p>\u201cEle vota naquilo que certamente \u00e9 a melhor proposta, quem de fato tem compromisso com a sociedade. \u00c9 isso que \u00e9 o resultante de um processo pol\u00edtico-eleitoral\u201d, afirmou.<\/p>\n<p>&nbsp;<\/p>\n<p><strong>Veja v\u00eddeo:<\/strong><\/p>\n<p>&nbsp;<\/p>\n<div style=\"width: 478px;\" class=\"wp-video\"><!--[if lt IE 9]><script>document.createElement('video');<\/script><![endif]-->\n<video class=\"wp-video-shortcode\" id=\"video-70487-1\" width=\"478\" height=\"850\" preload=\"metadata\" controls=\"controls\"><source type=\"video\/mp4\" src=\"https:\/\/portalnewsgta.com.br\/wp-content\/uploads\/2025\/11\/9a08d6bfe1b23844d6a7c9bf9bb165ca.mp4?_=1\" \/><a href=\"https:\/\/portalnewsgta.com.br\/wp-content\/uploads\/2025\/11\/9a08d6bfe1b23844d6a7c9bf9bb165ca.mp4\">https:\/\/portalnewsgta.com.br\/wp-content\/uploads\/2025\/11\/9a08d6bfe1b23844d6a7c9bf9bb165ca.mp4<\/a><\/video><\/div>\n<p>&nbsp;<\/p>\n<\/div>\n<\/div>\n<\/section>\n","protected":false},"excerpt":{"rendered":"<p>Eduardo Bolsonaro instruiu eleitores da direita a n\u00e3o votarem em Mendes; Jayme minimizou a situa\u00e7\u00e3o<\/p>\n","protected":false},"author":2,"featured_media":70489,"comment_status":"open","ping_status":"open","sticky":false,"template":"","format":"standard","meta":{"footnotes":""},"categories":[13,2],"tags":[752],"aioseo_notices":[],"_links":{"self":[{"href":"https:\/\/portalnewsgta.com.br\/index.php\/wp-json\/wp\/v2\/posts\/70487"}],"collection":[{"href":"https:\/\/portalnewsgta.com.br\/index.php\/wp-json\/wp\/v2\/posts"}],"about":[{"href":"https:\/\/portalnewsgta.com.br\/index.php\/wp-json\/wp\/v2\/types\/post"}],"author":[{"embeddable":true,"href":"https:\/\/portalnewsgta.com.br\/index.php\/wp-json\/wp\/v2\/users\/2"}],"replies":[{"embeddable":true,"href":"https:\/\/portalnewsgta.com.br\/index.php\/wp-json\/wp\/v2\/comments?post=70487"}],"version-history":[{"count":1,"href":"https:\/\/portalnewsgta.com.br\/index.php\/wp-json\/wp\/v2\/posts\/70487\/revisions"}],"predecessor-version":[{"id":70490,"href":"https:\/\/portalnewsgta.com.br\/index.php\/wp-json\/wp\/v2\/posts\/70487\/revisions\/70490"}],"wp:featuredmedia":[{"embeddable":true,"href":"https:\/\/portalnewsgta.com.br\/index.php\/wp-json\/wp\/v2\/media\/70489"}],"wp:attachment":[{"href":"https:\/\/portalnewsgta.com.br\/index.php\/wp-json\/wp\/v2\/media?parent=70487"}],"wp:term":[{"taxonomy":"category","embeddable":true,"href":"https:\/\/portalnewsgta.com.br\/index.php\/wp-json\/wp\/v2\/categories?post=70487"},{"taxonomy":"post_tag","embeddable":true,"href":"https:\/\/portalnewsgta.com.br\/index.php\/wp-json\/wp\/v2\/tags?post=70487"}],"curies":[{"name":"wp","href":"https:\/\/api.w.org\/{rel}","templated":true}]}}