{"id":70478,"date":"2025-11-15T13:33:48","date_gmt":"2025-11-15T16:33:48","guid":{"rendered":"https:\/\/portalnewsgta.com.br\/?p=70478"},"modified":"2025-11-15T13:33:48","modified_gmt":"2025-11-15T16:33:48","slug":"liberais-convidam-carlos-bolsonaro-para-ser-senador-por-mt","status":"publish","type":"post","link":"https:\/\/portalnewsgta.com.br\/index.php\/2025\/11\/15\/liberais-convidam-carlos-bolsonaro-para-ser-senador-por-mt\/","title":{"rendered":"Liberais convidam Carlos Bolsonaro para ser senador por MT"},"content":{"rendered":"<div class=\"col-xs-12 col-sm-12 col-md-12 col-lg-12 mb10\">\n<div class=\"row\">\n<div class=\"col-xs-12 col-sm-12 col-md-12 col-lg-12 mb15\">\n<div class=\"row\">\n<div class=\"col-xs-12 col-sm-11 col-md-11 col-lg-11 autorer\"><span class=\"autores_fontes_nome\">Mariana Lenz<\/span><\/p>\n<p class=\"autores_fontes_email\">mariana.lenz@gazetadigital.com.br<\/p>\n<\/div>\n<\/div>\n<\/div>\n<\/div>\n<\/div>\n<div class=\"col-xs-12 col-sm-12 col-md-12 col-lg-12 mb30\">\n<p class=\"credito-1\">Reprodu\u00e7\u00e3o<\/p>\n<p><span class=\"img-conteudo pull-left\"><a href=\"https:\/\/www.gazetadigital.com.br\/storage\/webdisco\/2025\/11\/13\/1200x900\/3e30bd0d1e412fd53e2c0ffbd5a5af76.jpg\" data-fancybox=\"gallery\" data-caption=\"Reprodu\u00e7\u00e3o\"><img decoding=\"async\" src=\"https:\/\/www.gazetadigital.com.br\/storage\/webdisco\/2025\/11\/13\/431x285\/3e30bd0d1e412fd53e2c0ffbd5a5af76.jpg\" alt=\"Reprodu\u00e7\u00e3o\" \/><\/a><\/span><\/p>\n<p class=\"img-conteudo-desc\">\n<div id=\"text-content\" class=\"mb20\">\n<p>Para combater &#8220;caroneiros&#8221; que tentam &#8220;surfar&#8221; na onda bolsonarista, o vereador por Cuiab\u00e1 Rafael Ranalli (PL) e o deputado estadual Elizeu Nascimento (PL) publicaram um v\u00eddeo em rede social, na quinta-feira (13), onde convidam o vereador do Rio de Janeiro, Carlos Bolsonaro (PL-RJ), para mudar seu domic\u00edlio eleitoral e disputar a segunda vaga ao Senado por Mato Grosso, j\u00e1 que a primeira est\u00e1 reservada ao colega de sigla, o deputado federal Jos\u00e9 Medeiros (PL-MT).<\/p>\n<p>&nbsp;<\/p>\n<p>Em peregrina\u00e7\u00e3o pela Assembleia Legislativa (ALMT) nesta semana, o vereador Rafael Ranalli (PL) tem buscado apoio de colegas de sigla do Legislativo estadual para encampar seu projeto de pr\u00e9-candidatura a deputado federal ou ao Senado. Contudo, o parlamentar refor\u00e7ou que abriria m\u00e3o do projeto para que o partido abrace o &#8220;02&#8221; [Carlos] para disputar as elei\u00e7\u00f5es por Mato Grosso.<\/p>\n<p>&nbsp;<\/p>\n<p>&#8220;A gente tenta combater os aventureiros, os caroneiros. Ent\u00e3o, estou \u00e0 disposi\u00e7\u00e3o, sou soldado da direita. A gente sabe que est\u00e1 tendo uma confus\u00e3o tamb\u00e9m em Santa Catarina, ent\u00e3o fica aqui o convite, Carlos Bolsonaro: &#8216;Est\u00e1 dif\u00edcil em Santa Catarina? Vem pra c\u00e1, vem ser senador por MT! P\u00e9 na porta de oportunista, de surfista! Aqui voc\u00ea tem vez e voz, o bolsonarismo manda nesse Estado'&#8221;, disse Ranalli.<\/p>\n<p>&nbsp;<\/p>\n<p>O liberal teve encontro com colegas considerados &#8220;direita raiz&#8221; e nos gabinetes do deputado Gilberto Cattani (PL) e de Elizeu Nascimento (PL). De arma na cintura, Ranalli afirmou que vai comprar briga com quem quer &#8220;usufruir dos votos da direita&#8221;.<\/p>\n<p>&nbsp;<\/p>\n<p>&#8220;Parab\u00e9ns a Eduardo Bolsonaro, que l\u00e1 dos Estados Unidos tem feito por merecer, por ser esse grande l\u00edder. Temos nosso respeito. Vamos alavancar a maior quantidade de parlamentares na C\u00e2mara Federal e no nosso Senado&#8221;, emendou Elizeu.<\/p>\n<p>&nbsp;<\/p>\n<p>A postagem vem um dia ap\u00f3s o deputado federal Eduardo Bolsonaro (PL), autoexilado nos Estados Unidos, chamar o governador Mauro Mendes (Uni\u00e3o) de \u201chomem de geleia\u201d. O parlamentar exibiu trechos de entrevistas em que Mauro Mendes critica sua postura desde que deixou o Brasil. Em uma delas, o governador afirma que Eduardo \u201cfoi para os Estados Unidos e conseguiu, na pr\u00e1tica, colocar o pai na pris\u00e3o\u201d.<\/p>\n<p>&nbsp;<\/p>\n<p>As falas t\u00eam sido combust\u00edvel para pol\u00edticos que se intitulam &#8220;direita raiz&#8221;, que defendem uma composi\u00e7\u00e3o pura de chapa entre parlamentares do PL em detrimento de alian\u00e7as com o Uni\u00e3o Brasil e outros partido<\/p>\n<\/div>\n<\/div>\n","protected":false},"excerpt":{"rendered":"<p>Mariana Lenz mariana.lenz@gazetadigital.com.br Reprodu\u00e7\u00e3o Para combater &#8220;caroneiros&#8221; que tentam &#8220;surfar&#8221; na onda bolsonarista, o vereador<\/p>\n","protected":false},"author":2,"featured_media":70479,"comment_status":"open","ping_status":"open","sticky":false,"template":"","format":"standard","meta":{"footnotes":""},"categories":[13,2],"tags":[1883],"aioseo_notices":[],"_links":{"self":[{"href":"https:\/\/portalnewsgta.com.br\/index.php\/wp-json\/wp\/v2\/posts\/70478"}],"collection":[{"href":"https:\/\/portalnewsgta.com.br\/index.php\/wp-json\/wp\/v2\/posts"}],"about":[{"href":"https:\/\/portalnewsgta.com.br\/index.php\/wp-json\/wp\/v2\/types\/post"}],"author":[{"embeddable":true,"href":"https:\/\/portalnewsgta.com.br\/index.php\/wp-json\/wp\/v2\/users\/2"}],"replies":[{"embeddable":true,"href":"https:\/\/portalnewsgta.com.br\/index.php\/wp-json\/wp\/v2\/comments?post=70478"}],"version-history":[{"count":1,"href":"https:\/\/portalnewsgta.com.br\/index.php\/wp-json\/wp\/v2\/posts\/70478\/revisions"}],"predecessor-version":[{"id":70480,"href":"https:\/\/portalnewsgta.com.br\/index.php\/wp-json\/wp\/v2\/posts\/70478\/revisions\/70480"}],"wp:featuredmedia":[{"embeddable":true,"href":"https:\/\/portalnewsgta.com.br\/index.php\/wp-json\/wp\/v2\/media\/70479"}],"wp:attachment":[{"href":"https:\/\/portalnewsgta.com.br\/index.php\/wp-json\/wp\/v2\/media?parent=70478"}],"wp:term":[{"taxonomy":"category","embeddable":true,"href":"https:\/\/portalnewsgta.com.br\/index.php\/wp-json\/wp\/v2\/categories?post=70478"},{"taxonomy":"post_tag","embeddable":true,"href":"https:\/\/portalnewsgta.com.br\/index.php\/wp-json\/wp\/v2\/tags?post=70478"}],"curies":[{"name":"wp","href":"https:\/\/api.w.org\/{rel}","templated":true}]}}