{"id":70475,"date":"2025-11-15T13:32:54","date_gmt":"2025-11-15T16:32:54","guid":{"rendered":"https:\/\/portalnewsgta.com.br\/?p=70475"},"modified":"2025-11-15T13:32:54","modified_gmt":"2025-11-15T16:32:54","slug":"pf-sugere-ao-stf-inclusao-de-mauro-cid-no-programa-de-protecao-a-testemunhas","status":"publish","type":"post","link":"https:\/\/portalnewsgta.com.br\/index.php\/2025\/11\/15\/pf-sugere-ao-stf-inclusao-de-mauro-cid-no-programa-de-protecao-a-testemunhas\/","title":{"rendered":"PF sugere ao STF inclus\u00e3o de Mauro Cid no programa de prote\u00e7\u00e3o a testemunhas"},"content":{"rendered":"<p class=\"credito-1\">LULA MARQUES\/AG\u00caNCIA BRASIL<\/p>\n<p><span class=\"img-conteudo pull-left\"><a href=\"https:\/\/www.gazetadigital.com.br\/storage\/webdisco\/2023\/07\/15\/1200x900\/d5832ee31fd20b084dcb3a72041f7bda.jpg\" data-fancybox=\"gallery\" data-caption=\"LULA MARQUES\/AG\u00caNCIA BRASIL\"><img decoding=\"async\" src=\"https:\/\/www.gazetadigital.com.br\/storage\/webdisco\/2023\/07\/15\/431x285\/d5832ee31fd20b084dcb3a72041f7bda.jpg\" alt=\"LULA MARQUES\/AG\u00caNCIA BRASIL\" \/><\/a><\/span><\/p>\n<p class=\"img-conteudo-desc\">\n<p><img decoding=\"async\" class=\"pull-left img-responsive\" src=\"https:\/\/www.gazetadigital.com.br\/storage\/webdisco\/2018\/09\/11\/120x80\/f304b94f4631171ec9b90cb3819249b2.jpg\" alt=\"\" \/><\/p>\n<div id=\"text-content\" class=\"mb20\">\n<p>A Pol\u00edcia Federal sugeriu ao STF (Supremo Tribunal Federal) a inclus\u00e3o do tenente-coronel Mauro Cid no programa de prote\u00e7\u00e3o a testemunhas.<\/p>\n<p>&nbsp;<\/p>\n<p>Em of\u00edcio ao tribunal, a Pol\u00edcia Federal afirma que o procedimento \u00e9 poss\u00edvel para assegurar a \u201cpreserva\u00e7\u00e3o da integridade f\u00edsica do r\u00e9u e de seus familiares\u201d.<\/p>\n<p>&nbsp;<\/p>\n<p>Uma das cl\u00e1usulas do acordo de dela\u00e7\u00e3o premiada de Mauro Cid prev\u00ea que a Pol\u00edcia Federal deve garantir a seguran\u00e7a dele e da fam\u00edlia.<\/p>\n<p>&nbsp;<\/p>\n<p>O ministro Alexandre de Moraes, relator do processo, abriu prazo para a PGR (Procuradoria-Geral da Rep\u00fablica) se manifestar sobre a proposta da PF.<\/p>\n<p>&nbsp;<\/p>\n<p>A inscri\u00e7\u00e3o no programa de prote\u00e7\u00e3o a testemunhas depende do consentimento de Mauro Cid e da fam\u00edlia. Em setembro, a defesa do tenente-coronel informou ao STF que, \u201cpor ora, n\u00e3o h\u00e1 necessidade\u201d de escolta da Pol\u00edcia Federal e que, se for necess\u00e1rio no futuro, acionar\u00e1 o tribunal para pedir prote\u00e7\u00e3o.<\/p>\n<p>&nbsp;<\/p>\n<p>A equipe jur\u00eddica do ex-assessor, formada pelos advogados Cezar Bitencourt, V\u00e2nia Bitencourt e Jair Alves Pereira, informou que est\u00e1 debatendo a possibilidade, mas em princ\u00edpio ele n\u00e3o tem interesse no programa.<\/p>\n<p>&nbsp;<\/p>\n<p>Se entrarem no programa, Mauro Cid e a fam\u00edlia ser\u00e3o obrigados a cumprir uma s\u00e9rie de regras. Em troca, recebem seguran\u00e7a em casa, escolta para deslocamentos, assist\u00eancia psicol\u00f3gica, entre outros. As medidas de seguran\u00e7a s\u00e3o analisadas segundo a gravidade de cada caso.<\/p>\n<p>&nbsp;<\/p>\n<p><strong>Cumprimento da pena<\/strong><br \/>\nO tenente-coronel tirou a tornozeleira eletr\u00f4nica na semana passada e j\u00e1 come\u00e7ou a cumprir a condena\u00e7\u00e3o da trama golpista no regime aberto.<\/p>\n<p>&nbsp;<\/p>\n<p>Por ter fechado acordo de colabora\u00e7\u00e3o premiada, o ajudante do ex-presidente Jair Bolsonaro (PL) foi condenado a apenas 2 anos de pena, com o cumprimento de medidas cautelares.<\/p>\n<p>&nbsp;<\/p>\n<p>A senten\u00e7a \u00e9 muito mais branda do que a dos outros r\u00e9us do n\u00facleo crucial do plano de golpe. Bolsonaro, por exemplo, pegou 27 anos e 3 meses em inicial regime fechado.<\/p>\n<p>&nbsp;<\/p>\n<p>Cid est\u00e1 proibido de sair de casa \u00e0 noite e nos finais de semana e deve comparecer semanalmente na Vara de Execu\u00e7\u00f5es Penais do Distrito Federal para \u201cinformar e justificar suas atividades\u201d.<\/p>\n<p>&nbsp;<\/p>\n<p>Al\u00e9m disso, est\u00e1 impedido de portar armas, usar redes sociais e se comunicar com outros condenados ou investigados nos inqu\u00e9ritos da trama golpista, \u201cqualquer que seja a fase em que se encontrem, por qualquer meio de comunica\u00e7\u00e3o\u201d.<\/p>\n<p>&nbsp;<\/p>\n<p>O tenente-coronel tamb\u00e9m n\u00e3o poder\u00e1 viajar enquanto estiver cumprindo a pena. Os passaportes dele foram cancelados.<\/p>\n<p>&nbsp;<\/p>\n<p>Mauro Cid \u00e9 o primeiro r\u00e9u da trama golpista a come\u00e7ar a cumprir pena porque n\u00e3o recorreu da senten\u00e7a.<\/p>\n<\/div>\n","protected":false},"excerpt":{"rendered":"<p>LULA MARQUES\/AG\u00caNCIA BRASIL A Pol\u00edcia Federal sugeriu ao STF (Supremo Tribunal Federal) a inclus\u00e3o do<\/p>\n","protected":false},"author":2,"featured_media":70476,"comment_status":"open","ping_status":"open","sticky":false,"template":"","format":"standard","meta":{"footnotes":""},"categories":[13,2],"tags":[1882],"aioseo_notices":[],"_links":{"self":[{"href":"https:\/\/portalnewsgta.com.br\/index.php\/wp-json\/wp\/v2\/posts\/70475"}],"collection":[{"href":"https:\/\/portalnewsgta.com.br\/index.php\/wp-json\/wp\/v2\/posts"}],"about":[{"href":"https:\/\/portalnewsgta.com.br\/index.php\/wp-json\/wp\/v2\/types\/post"}],"author":[{"embeddable":true,"href":"https:\/\/portalnewsgta.com.br\/index.php\/wp-json\/wp\/v2\/users\/2"}],"replies":[{"embeddable":true,"href":"https:\/\/portalnewsgta.com.br\/index.php\/wp-json\/wp\/v2\/comments?post=70475"}],"version-history":[{"count":1,"href":"https:\/\/portalnewsgta.com.br\/index.php\/wp-json\/wp\/v2\/posts\/70475\/revisions"}],"predecessor-version":[{"id":70477,"href":"https:\/\/portalnewsgta.com.br\/index.php\/wp-json\/wp\/v2\/posts\/70475\/revisions\/70477"}],"wp:featuredmedia":[{"embeddable":true,"href":"https:\/\/portalnewsgta.com.br\/index.php\/wp-json\/wp\/v2\/media\/70476"}],"wp:attachment":[{"href":"https:\/\/portalnewsgta.com.br\/index.php\/wp-json\/wp\/v2\/media?parent=70475"}],"wp:term":[{"taxonomy":"category","embeddable":true,"href":"https:\/\/portalnewsgta.com.br\/index.php\/wp-json\/wp\/v2\/categories?post=70475"},{"taxonomy":"post_tag","embeddable":true,"href":"https:\/\/portalnewsgta.com.br\/index.php\/wp-json\/wp\/v2\/tags?post=70475"}],"curies":[{"name":"wp","href":"https:\/\/api.w.org\/{rel}","templated":true}]}}