{"id":70472,"date":"2025-11-15T13:31:50","date_gmt":"2025-11-15T16:31:50","guid":{"rendered":"https:\/\/portalnewsgta.com.br\/?p=70472"},"modified":"2025-11-16T12:16:05","modified_gmt":"2025-11-16T15:16:05","slug":"votacao-do-projeto-de-combate-ao-crime-organizado-e-marcada-para-terca-feira","status":"publish","type":"post","link":"https:\/\/portalnewsgta.com.br\/index.php\/2025\/11\/15\/votacao-do-projeto-de-combate-ao-crime-organizado-e-marcada-para-terca-feira\/","title":{"rendered":"Vota\u00e7\u00e3o do projeto de combate ao crime organizado \u00e9 marcada para ter\u00e7a-feira"},"content":{"rendered":"<p class=\"credito-1\">Kayo Magalh\u00e3es\/C\u00e2mara dos Deputados<\/p>\n<p><span class=\"img-conteudo pull-left\"><a href=\"https:\/\/www.gazetadigital.com.br\/storage\/webdisco\/2025\/11\/14\/1200x900\/50ee81b11d462b85c39f7d1f913e31c8.jpg\" data-fancybox=\"gallery\" data-caption=\"Kayo Magalh\u00e3es\/C\u00e2mara dos Deputados\"><img decoding=\"async\" src=\"https:\/\/www.gazetadigital.com.br\/storage\/webdisco\/2025\/11\/14\/431x285\/50ee81b11d462b85c39f7d1f913e31c8.jpg\" alt=\"Kayo Magalh\u00e3es\/C\u00e2mara dos Deputados\" \/><\/a><\/span><\/p>\n<p><img decoding=\"async\" class=\"pull-left img-responsive\" src=\"https:\/\/www.gazetadigital.com.br\/storage\/webdisco\/2019\/05\/24\/120x80\/d52cd3e0a05ff6c4da4f72e8ba4df493.jpg\" alt=\"GD\" \/><\/p>\n<div id=\"text-content\" class=\"mb20\">\n<p>Foi marcada para a pr\u00f3xima ter\u00e7a-feira (18) a vota\u00e7\u00e3o do projeto que estabelece o marco legal do combate ao crime organizado (Projeto de Lei 5582\/25). O Plen\u00e1rio da C\u00e2mara deu in\u00edcio \u00e0 discuss\u00e3o da proposta na quarta-feira (12).<\/p>\n<p>&nbsp;<\/p>\n<p>&#8220;Teremos pauta \u00fanica na pr\u00f3xima ter\u00e7a-feira para que a Casa possa fazer uma ampla discuss\u00e3o e a vota\u00e7\u00e3o dessa mat\u00e9ria que \u00e9 t\u00e3o importante para nosso pa\u00eds&#8221;, disse o presidente da C\u00e2mara, Hugo Motta (Republicanos-PB).<\/p>\n<p>&nbsp;<\/p>\n<p>Motta atendeu a um pedido do relator, deputado Guilherme Derrite (PP-SP), para adiar a vota\u00e7\u00e3o. &#8220;Meu substitutivo nunca foi linha de chegada, mas ponto de partida&#8221;, disse o relator, ao pedir o adiamento.<\/p>\n<p>&nbsp;<\/p>\n<p>Derrite disse que aproveitou &#8220;boas iniciativas&#8221; do projeto original, de autoria do governo, al\u00e9m de outras sugest\u00f5es de parlamentares para entregar um novo marco no combate ao crime organizado.<\/p>\n<p>&nbsp;<\/p>\n<p><strong>Pedidos de adiamento<\/strong><br \/>\nL\u00edderes de partidos da base do governo e da oposi\u00e7\u00e3o tamb\u00e9m defenderam o adiamento da vota\u00e7\u00e3o do projeto.<\/p>\n<p>&nbsp;<\/p>\n<p>O l\u00edder do MDB, deputado Isnaldo Bulh\u00f5es Jr. (AL), pediu um prazo maior para que Derrite possa discutir e aprofundar seu relat\u00f3rio. &#8220;Este projeto precisa de serenidade, maturidade para que, realmente, o resultado seja o que a sociedade brasileira espera&#8221;, afirmou.<\/p>\n<p>&nbsp;<\/p>\n<p>O l\u00edder do PL, deputado S\u00f3stenes Cavalcante (RJ), elogiou o equil\u00edbrio e a maturidade do presidente da C\u00e2mara de ouvir os diferentes atores da quest\u00e3o. &#8220;Este debate da seguran\u00e7a j\u00e1 passou da hora de termos a maturidade pol\u00edtica de deixarmos de lado nossas paix\u00f5es ideol\u00f3gicas e partid\u00e1rias e debatermos, porque o crime \u00e9 organizado. Quem lamentavelmente est\u00e1 desorganizado \u00e9 o Estado&#8221;, disse.<\/p>\n<p>&nbsp;<\/p>\n<p>S\u00f3stenes Cavalcante afirmou que ningu\u00e9m concorda com a retirada de autoridade de nenhuma das pol\u00edcias, em refer\u00eancia \u00e0 cr\u00edtica de que o parecer de Derrite diminu\u00eda a atua\u00e7\u00e3o da Pol\u00edcia Federal na \u00e1rea.<\/p>\n<p>&nbsp;<\/p>\n<p>O coordenador da Frente Parlamentar da Seguran\u00e7a P\u00fablica, deputado Alberto Fraga (PL-DF), tamb\u00e9m solicitou o adiamento da vota\u00e7\u00e3o. &#8220;Para que a gente possa ter um tema t\u00e3o importante aprovado por quase todos no Plen\u00e1rio, \u00e9 preciso parar no \u00edmpeto de fazer as coisas de forma a\u00e7odada&#8221;, disse.<\/p>\n<p>&nbsp;<\/p>\n<p>O deputado Arthur Oliveira Maia (Uni\u00e3o-BA), relator da Lei Antiterrorismo na C\u00e2mara, disse que aquela norma foi aprovada de forma apressada. &#8220;A minha opini\u00e3o \u00e9 que devemos partir para a elabora\u00e7\u00e3o de uma lei espec\u00edfica sobre as fac\u00e7\u00f5es criminosas&#8221;, afirmou.<\/p>\n<p>&nbsp;<\/p>\n<p>Para os l\u00edderes do governo e do PT, o adiamento da vota\u00e7\u00e3o n\u00e3o precisa ser t\u00e3o prolongado como os 30 dias solicitados por governadores de partidos da oposi\u00e7\u00e3o ao governo federal. &#8220;N\u00e3o acho que devam ser 30 dias, mas, em alguns dias, d\u00e1 para construirmos um consenso para buscar o que for melhor e qualificar os instrumentos de combate sem tr\u00e9guas \u00e0s fac\u00e7\u00f5es criminosas no Brasil&#8221;, disse o l\u00edder do governo, deputado Jos\u00e9 Guimar\u00e3es (PT-CE).<\/p>\n<p>&nbsp;<\/p>\n<p>O l\u00edder do PT, deputado Lindbergh Farias (RJ), defendeu enfrentar o tema &#8220;com urg\u00eancia, para ser votado, no m\u00e1ximo, na pr\u00f3xima semana&#8221;.<\/p>\n<\/div>\n","protected":false},"excerpt":{"rendered":"<p>Kayo Magalh\u00e3es\/C\u00e2mara dos Deputados Foi marcada para a pr\u00f3xima ter\u00e7a-feira (18) a vota\u00e7\u00e3o do projeto<\/p>\n","protected":false},"author":2,"featured_media":70473,"comment_status":"open","ping_status":"open","sticky":false,"template":"","format":"standard","meta":{"footnotes":""},"categories":[13,2],"tags":[1881],"aioseo_notices":[],"_links":{"self":[{"href":"https:\/\/portalnewsgta.com.br\/index.php\/wp-json\/wp\/v2\/posts\/70472"}],"collection":[{"href":"https:\/\/portalnewsgta.com.br\/index.php\/wp-json\/wp\/v2\/posts"}],"about":[{"href":"https:\/\/portalnewsgta.com.br\/index.php\/wp-json\/wp\/v2\/types\/post"}],"author":[{"embeddable":true,"href":"https:\/\/portalnewsgta.com.br\/index.php\/wp-json\/wp\/v2\/users\/2"}],"replies":[{"embeddable":true,"href":"https:\/\/portalnewsgta.com.br\/index.php\/wp-json\/wp\/v2\/comments?post=70472"}],"version-history":[{"count":2,"href":"https:\/\/portalnewsgta.com.br\/index.php\/wp-json\/wp\/v2\/posts\/70472\/revisions"}],"predecessor-version":[{"id":70556,"href":"https:\/\/portalnewsgta.com.br\/index.php\/wp-json\/wp\/v2\/posts\/70472\/revisions\/70556"}],"wp:featuredmedia":[{"embeddable":true,"href":"https:\/\/portalnewsgta.com.br\/index.php\/wp-json\/wp\/v2\/media\/70473"}],"wp:attachment":[{"href":"https:\/\/portalnewsgta.com.br\/index.php\/wp-json\/wp\/v2\/media?parent=70472"}],"wp:term":[{"taxonomy":"category","embeddable":true,"href":"https:\/\/portalnewsgta.com.br\/index.php\/wp-json\/wp\/v2\/categories?post=70472"},{"taxonomy":"post_tag","embeddable":true,"href":"https:\/\/portalnewsgta.com.br\/index.php\/wp-json\/wp\/v2\/tags?post=70472"}],"curies":[{"name":"wp","href":"https:\/\/api.w.org\/{rel}","templated":true}]}}