{"id":70457,"date":"2025-11-15T13:13:52","date_gmt":"2025-11-15T16:13:52","guid":{"rendered":"https:\/\/portalnewsgta.com.br\/?p=70457"},"modified":"2025-11-15T13:13:52","modified_gmt":"2025-11-15T16:13:52","slug":"sema-capacita-mais-de-120-servidores-municipais-e-profissionais-liberais-na-descentralizacao-da-gestao-ambiental","status":"publish","type":"post","link":"https:\/\/portalnewsgta.com.br\/index.php\/2025\/11\/15\/sema-capacita-mais-de-120-servidores-municipais-e-profissionais-liberais-na-descentralizacao-da-gestao-ambiental\/","title":{"rendered":"Sema capacita mais de 120 servidores municipais e profissionais liberais na Descentraliza\u00e7\u00e3o da Gest\u00e3o Ambiental"},"content":{"rendered":"<h2 class=\"subtitulo mb-1\">Com pr\u00e1ticas em campo e aulas te\u00f3ricas, edi\u00e7\u00e3o em Col\u00edder capacitou servidores para fiscaliza\u00e7\u00e3o, an\u00e1lise de processos de licenciamento, monitoramento e educa\u00e7\u00e3o ambiental<\/h2>\n<div class=\"autor mb-1\">Juliana Sanders* | Sema-MT<\/div>\n<div><\/div>\n<div>\n<div class=\"container-fluid pt-4 pb-4\">\n<div class=\"container\">\n<div class=\"row text-center legenda_foto mt-2\">\n<div class=\"col-12\"><b>Cr\u00e9dito &#8211;\u00a0<\/b>Sema-MT<\/div>\n<\/div>\n<\/div>\n<\/div>\n<div class=\"container mt-5\">\n<div class=\"row justify-content-md-center\">\n<div class=\"col-sm-11 conteudo\">\n<p>A Secretaria de Estado de Meio Ambiente (Sema) capacitou esta semana mais de 120 servidores p\u00fablicos municipais e profissionais liberais no curso de Habilita\u00e7\u00e3o da Descentraliza\u00e7\u00e3o da Gest\u00e3o Ambiental. O evento ocorreu em Col\u00edder e terminou nesta quinta-feira (13.11) com a participa\u00e7\u00e3o de representantes de 35 munic\u00edpios, que puderam se qualificar com aulas te\u00f3ricas e diversas pr\u00e1ticas em campo.<\/p>\n<p>Uma parte relevante do curso foram os dois dias em campo, com visitas a empreendimentos de confinamento bovino, olaria, frigor\u00edfico e extra\u00e7\u00e3o de argila e cascalho. Durante as pr\u00e1ticas, os participantes conheceram de perto as atividades desenvolvidas pelos empreendimentos e posteriormente retornaram ao audit\u00f3rio onde puderam esclarecer suas d\u00favidas.<\/p>\n<p>O instrutor das pr\u00e1ticas de confinamento e frigor\u00edfico, e Analista de Meio Ambiente da Sema, Eliel Alves Ferreira, destacou a import\u00e2ncia das aulas de campo para consolidar o aprendizado. \u201cA import\u00e2ncia da aula pr\u00e1tica \u00e9 orientar tecnicamente sobre o correto funcionamento do frigor\u00edfico, a respeito do abastecimento de \u00e1gua, tratamento de efluentes e gest\u00e3o de res\u00edduos s\u00f3lidos\u201d, explicou o instrutor.<\/p>\n<p>Na pr\u00e1tica de confinamento bovino, realizada na agropecu\u00e1ria Teles Pires, foram observados aspectos essenciais de uma vistoria, como localiza\u00e7\u00e3o do empreendimento, alimenta\u00e7\u00e3o do gado, sistema de abastecimento de \u00e1gua, entre outros. No Frigor\u00edfico Frigol\u00edder, a pr\u00e1tica concentrou-se nas condi\u00e7\u00f5es de funcionamento e opera\u00e7\u00e3o do empreendimento conforme a legisla\u00e7\u00e3o ambiental.<\/p>\n<picture data-fileentryid=\"75652543\"><source srcset=\"\/o\/adaptive-media\/image\/75652543\/Thumbnail-1024x1024\/WhatsApp+Image+2025-11-13+at+14.32.59.jpeg?t=1763154801961\" media=\"(max-width:1024px)\" \/><img decoding=\"async\" src=\"https:\/\/www.secom.mt.gov.br\/documents\/d\/mt\/whatsapp-image-2025-11-13-at-14-32-59-jpeg?imageThumbnail=3\" alt=\"\" height=\"266\" \/><\/picture>\n<strong>Capacita\u00e7\u00e3o<\/strong><\/p>\n<p>Iniciado na ter\u00e7a-feira (11), o curso contou com carga hor\u00e1ria de 30 horas e teve como objetivo capacitar servidores municipais para atuar em a\u00e7\u00f5es de fiscaliza\u00e7\u00e3o, an\u00e1lise de processos de licenciamento, monitoramento e educa\u00e7\u00e3o ambiental.<\/p>\n<p>Al\u00e9m das pr\u00e1ticas em campo, as aulas te\u00f3ricas abordaram o Plano de Gerenciamento de Res\u00edduos S\u00f3lidos (PGRS), a estrutura\u00e7\u00e3o do \u00f3rg\u00e3o ambiental, as no\u00e7\u00f5es de fiscaliza\u00e7\u00e3o e os planos e projetos de educa\u00e7\u00e3o ambiental para os munic\u00edpios.<\/p>\n<picture data-fileentryid=\"75652618\"><source srcset=\"\/o\/adaptive-media\/image\/75652618\/Thumbnail-1024x1024\/WhatsApp+Image+2025-11-11+at+18.36.06.jpeg?t=1763154968243\" media=\"(max-width:1024px)\" \/><img decoding=\"async\" src=\"https:\/\/www.secom.mt.gov.br\/documents\/d\/mt\/whatsapp-image-2025-11-11-at-18-36-06-jpeg?imageThumbnail=3\" alt=\"\" height=\"266\" \/><\/picture>\nA capacita\u00e7\u00e3o \u00e9 uma etapa essencial do processo de descentraliza\u00e7\u00e3o realizado pela Sema e ocorre regularmente. Somente este ano, j\u00e1 foram promovidas 4 edi\u00e7\u00f5es, e a previs\u00e3o \u00e9 realizar mais quatro ou cinco eventos pelo estado em 2026.<\/p>\n<p>Para a superintendente de Gest\u00e3o de Desconcentra\u00e7\u00e3o e Descentraliza\u00e7\u00e3o da Sema, Ellen Farias Ferreira, o curso \u00e9 fundamental para capacitar os munic\u00edpios j\u00e1 descentralizados e fortalecer aqueles em processo de descentraliza\u00e7\u00e3o, cumprindo o que prev\u00ea o Art. 14 da Resolu\u00e7\u00e3o 41\/2021 do Consema\/MT.<\/p>\n<p>\u201cHoje contamos com 60 munic\u00edpios descentralizados e alguns em fase descentraliza\u00e7\u00e3o. Um dos pr\u00e9-requisitos para ser descentralizado \u00e9 ter t\u00e9cnicos habilitados, por isso a participa\u00e7\u00e3o no curso \u00e9 essencial, para que eles renovem o aprendizado e se capacitem\u201d, destacou.<\/p>\n<p>A iniciativa foi promovida pela Sema por meio da Superintend\u00eancia de Gest\u00e3o de Desconcentra\u00e7\u00e3o e Descentraliza\u00e7\u00e3o (SGDD), com o apoio das Diretorias de Unidades Desconcentradas (DUDs) e da Secretaria Municipal de Assuntos Fundi\u00e1rios e Meio Ambiente de Col\u00edder.<\/p>\n<p><em>*Com supervis\u00e3o de Renata Prata<\/em><\/p>\n<\/div>\n<\/div>\n<\/div>\n<\/div>\n","protected":false},"excerpt":{"rendered":"<p>Com pr\u00e1ticas em campo e aulas te\u00f3ricas, edi\u00e7\u00e3o em Col\u00edder capacitou servidores para fiscaliza\u00e7\u00e3o, an\u00e1lise<\/p>\n","protected":false},"author":2,"featured_media":70458,"comment_status":"open","ping_status":"open","sticky":false,"template":"","format":"standard","meta":{"footnotes":""},"categories":[7,13],"tags":[],"aioseo_notices":[],"_links":{"self":[{"href":"https:\/\/portalnewsgta.com.br\/index.php\/wp-json\/wp\/v2\/posts\/70457"}],"collection":[{"href":"https:\/\/portalnewsgta.com.br\/index.php\/wp-json\/wp\/v2\/posts"}],"about":[{"href":"https:\/\/portalnewsgta.com.br\/index.php\/wp-json\/wp\/v2\/types\/post"}],"author":[{"embeddable":true,"href":"https:\/\/portalnewsgta.com.br\/index.php\/wp-json\/wp\/v2\/users\/2"}],"replies":[{"embeddable":true,"href":"https:\/\/portalnewsgta.com.br\/index.php\/wp-json\/wp\/v2\/comments?post=70457"}],"version-history":[{"count":1,"href":"https:\/\/portalnewsgta.com.br\/index.php\/wp-json\/wp\/v2\/posts\/70457\/revisions"}],"predecessor-version":[{"id":70459,"href":"https:\/\/portalnewsgta.com.br\/index.php\/wp-json\/wp\/v2\/posts\/70457\/revisions\/70459"}],"wp:featuredmedia":[{"embeddable":true,"href":"https:\/\/portalnewsgta.com.br\/index.php\/wp-json\/wp\/v2\/media\/70458"}],"wp:attachment":[{"href":"https:\/\/portalnewsgta.com.br\/index.php\/wp-json\/wp\/v2\/media?parent=70457"}],"wp:term":[{"taxonomy":"category","embeddable":true,"href":"https:\/\/portalnewsgta.com.br\/index.php\/wp-json\/wp\/v2\/categories?post=70457"},{"taxonomy":"post_tag","embeddable":true,"href":"https:\/\/portalnewsgta.com.br\/index.php\/wp-json\/wp\/v2\/tags?post=70457"}],"curies":[{"name":"wp","href":"https:\/\/api.w.org\/{rel}","templated":true}]}}