{"id":68066,"date":"2025-10-21T09:16:08","date_gmt":"2025-10-21T12:16:08","guid":{"rendered":"https:\/\/portalnewsgta.com.br\/?p=68066"},"modified":"2025-10-21T09:16:08","modified_gmt":"2025-10-21T12:16:08","slug":"estamos-andando-mais-que-noticia-ruim-diz-julio-sobre-articulacoes-de-jayme","status":"publish","type":"post","link":"https:\/\/portalnewsgta.com.br\/index.php\/2025\/10\/21\/estamos-andando-mais-que-noticia-ruim-diz-julio-sobre-articulacoes-de-jayme\/","title":{"rendered":"\u2018Estamos andando mais que not\u00edcia ruim\u2019, diz J\u00falio sobre articula\u00e7\u00f5es de Jayme"},"content":{"rendered":"<div class=\"col-xs-12 col-sm-12 col-md-12 col-lg-12 mb10\">\n<div class=\"row\">\n<div class=\"col-xs-12 col-sm-12 col-md-12 col-lg-12 mb15\">\n<div class=\"row\">\n<div class=\"col-xs-12 col-sm-11 col-md-11 col-lg-11 autorer\"><span class=\"autores_fontes_nome\">Fred Moraes<\/span><\/p>\n<p class=\"autores_fontes_email\">fred.moraes@gazetadigital.com.br<\/p>\n<\/div>\n<\/div>\n<\/div>\n<\/div>\n<\/div>\n<div class=\"col-xs-12 col-sm-12 col-md-12 col-lg-12 mb30\">\n<p class=\"credito-1\">Reprodu\u00e7\u00e3o<\/p>\n<p><span class=\"img-conteudo pull-left\"><a href=\"https:\/\/www.gazetadigital.com.br\/storage\/webdisco\/2025\/10\/20\/1200x900\/b91082cffe451ca6e45ac8ef291ff730.png\" data-fancybox=\"gallery\" data-caption=\"Reprodu\u00e7\u00e3o \"><img decoding=\"async\" src=\"https:\/\/www.gazetadigital.com.br\/storage\/webdisco\/2025\/10\/20\/431x285\/b91082cffe451ca6e45ac8ef291ff730.png\" alt=\"Reprodu\u00e7\u00e3o \" \/><\/a><\/span><\/p>\n<p class=\"img-conteudo-desc\">\n<div id=\"text-content\" class=\"mb20\">\n<p>Em meio a especula\u00e7\u00f5es sobre o cen\u00e1rio eleitoral de 2026, o deputado J\u00falio Campos (Uni\u00e3o Brasil) afirmou que ele e um grupo do partido avan\u00e7am nas articula\u00e7\u00f5es para lan\u00e7ar o senador Jayme Campos (Uni\u00e3o) como candidato ao governo do Estado. O deputado refor\u00e7ou que o projeto pol\u00edtico est\u00e1 em fase de constru\u00e7\u00e3o e n\u00e3o h\u00e1 pressa para declara\u00e7\u00f5es p\u00fablicas.<\/p>\n<p>Durante conversas com jornalistas, o parlamentar explicou que os apoiadores andam mais &#8220;que not\u00edcia ruim&#8221; pelo estado.<\/p>\n<p><a href=\"https:\/\/www.gazetadigital.com.br\/editorias\/politica-de-mt\/obras-na-fernando-correa-e-construcao-de-terminal-em-vg-durarao-um-ano-anuncia-secretario\/825731\"><strong>Leia tamb\u00e9m &#8211;\u00a0Obras na Fernando Corr\u00eaa e constru\u00e7\u00e3o de terminal em VG durar\u00e3o um ano, anuncia secret\u00e1rio<\/strong><\/a><\/p>\n<p>Segundo J\u00falio, as articula\u00e7\u00f5es do Uni\u00e3o t\u00eam ocorrido de forma intensa, com visitas ao interior e conversas estrat\u00e9gicas com lideran\u00e7as pol\u00edticas durante todo fim de semana, em uma tentativa de consolidar o partido como protagonista nas elei\u00e7\u00f5es do pr\u00f3ximo ano.<\/p>\n<p>\u201cH\u00e1 um grupo grande de pol\u00edticos, n\u00e3o s\u00f3 da \u00e1rea estadual, que defende que para o Uni\u00e3o Progressistas ter sucesso nas elei\u00e7\u00f5es do ano que vem, precisamos de uma candidatura pr\u00f3pria. Todo partido deveria disputar o primeiro turno com candidatos pr\u00f3prios e no segundo fazer composi\u00e7\u00f5es de apoio. Por que n\u00e3o vamos arriscar? As pesquisas mostram que temos um bom nome\u201d, alegou o parlamentar.<\/p>\n<p>O pol\u00edtico criticou a antecipa\u00e7\u00e3o de an\u00e1lises sobre as elei\u00e7\u00f5es de 2026, ressaltando que o cen\u00e1rio eleitoral s\u00f3 ser\u00e1 definido a partir de abril, quando come\u00e7a a janela partid\u00e1ria: \u201cN\u00e3o \u00e9 momento de fazer declara\u00e7\u00f5es para campanha. A imprensa est\u00e1 precipitada, n\u00e3o saiu nem resolu\u00e7\u00e3o do TRE e j\u00e1 querem colocar candidatura na rua. Pr\u00e9-candidatura j\u00e1 tem 3, a imprensa que n\u00e3o entende. O que fazemos \u00e9 voltado para a\u00e7\u00f5es de candidatura, estamos andando mais que not\u00edcia ruim\u201d, argumentou.<\/p>\n<p>Na \u00faltima semana, como mostrou o\u00a0<img decoding=\"async\" class=\"content-logo-thumb\" src=\"https:\/\/www.gazetadigital.com.br\/images\/logo-thumb.png\" \/>, a executiva nacional do Partido Social Democr\u00e1tico (PSD) j\u00e1 convidou Jayme para ingressar na sigla, diante da dificuldade em emplacar candidatura no atual partido. No entanto, o senador explicou que est\u00e1 bem acomodado no Uni\u00e3o, sem pretens\u00f5es de sair.<\/p>\n<p>&nbsp;<\/p>\n<div style=\"width: 640px;\" class=\"wp-video\"><!--[if lt IE 9]><script>document.createElement('video');<\/script><![endif]-->\n<video class=\"wp-video-shortcode\" id=\"video-68066-1\" width=\"640\" height=\"362\" preload=\"metadata\" controls=\"controls\"><source type=\"video\/mp4\" src=\"https:\/\/portalnewsgta.com.br\/wp-content\/uploads\/2025\/10\/WhatsApp-Video-2025-10-20-at-11.10.01.mp4?_=1\" \/><a href=\"https:\/\/portalnewsgta.com.br\/wp-content\/uploads\/2025\/10\/WhatsApp-Video-2025-10-20-at-11.10.01.mp4\">https:\/\/portalnewsgta.com.br\/wp-content\/uploads\/2025\/10\/WhatsApp-Video-2025-10-20-at-11.10.01.mp4<\/a><\/video><\/div>\n<p>&nbsp;<\/p>\n<\/div>\n<\/div>\n","protected":false},"excerpt":{"rendered":"<p>Fred Moraes fred.moraes@gazetadigital.com.br Reprodu\u00e7\u00e3o Em meio a especula\u00e7\u00f5es sobre o cen\u00e1rio eleitoral de 2026, o<\/p>\n","protected":false},"author":2,"featured_media":68067,"comment_status":"open","ping_status":"open","sticky":false,"template":"","format":"standard","meta":{"footnotes":""},"categories":[13,2],"tags":[1769],"aioseo_notices":[],"_links":{"self":[{"href":"https:\/\/portalnewsgta.com.br\/index.php\/wp-json\/wp\/v2\/posts\/68066"}],"collection":[{"href":"https:\/\/portalnewsgta.com.br\/index.php\/wp-json\/wp\/v2\/posts"}],"about":[{"href":"https:\/\/portalnewsgta.com.br\/index.php\/wp-json\/wp\/v2\/types\/post"}],"author":[{"embeddable":true,"href":"https:\/\/portalnewsgta.com.br\/index.php\/wp-json\/wp\/v2\/users\/2"}],"replies":[{"embeddable":true,"href":"https:\/\/portalnewsgta.com.br\/index.php\/wp-json\/wp\/v2\/comments?post=68066"}],"version-history":[{"count":1,"href":"https:\/\/portalnewsgta.com.br\/index.php\/wp-json\/wp\/v2\/posts\/68066\/revisions"}],"predecessor-version":[{"id":68069,"href":"https:\/\/portalnewsgta.com.br\/index.php\/wp-json\/wp\/v2\/posts\/68066\/revisions\/68069"}],"wp:featuredmedia":[{"embeddable":true,"href":"https:\/\/portalnewsgta.com.br\/index.php\/wp-json\/wp\/v2\/media\/68067"}],"wp:attachment":[{"href":"https:\/\/portalnewsgta.com.br\/index.php\/wp-json\/wp\/v2\/media?parent=68066"}],"wp:term":[{"taxonomy":"category","embeddable":true,"href":"https:\/\/portalnewsgta.com.br\/index.php\/wp-json\/wp\/v2\/categories?post=68066"},{"taxonomy":"post_tag","embeddable":true,"href":"https:\/\/portalnewsgta.com.br\/index.php\/wp-json\/wp\/v2\/tags?post=68066"}],"curies":[{"name":"wp","href":"https:\/\/api.w.org\/{rel}","templated":true}]}}