{"id":68063,"date":"2025-10-21T09:14:10","date_gmt":"2025-10-21T12:14:10","guid":{"rendered":"https:\/\/portalnewsgta.com.br\/?p=68063"},"modified":"2025-10-21T09:14:10","modified_gmt":"2025-10-21T12:14:10","slug":"stf-retoma-julgamento-dos-reus-do-nucleo-4-da-trama-golpista","status":"publish","type":"post","link":"https:\/\/portalnewsgta.com.br\/index.php\/2025\/10\/21\/stf-retoma-julgamento-dos-reus-do-nucleo-4-da-trama-golpista\/","title":{"rendered":"STF retoma julgamento dos r\u00e9us do N\u00facleo 4 da trama golpista"},"content":{"rendered":"<p class=\"credito-1\">Gustavo Moreno\/STF<\/p>\n<p><span class=\"img-conteudo pull-left\"><a href=\"https:\/\/www.gazetadigital.com.br\/storage\/webdisco\/2025\/10\/14\/1200x900\/bb5d6206084e9439ace926ff48875f2c.jpg\" data-fancybox=\"gallery\" data-caption=\"Gustavo Moreno\/STF\"><img decoding=\"async\" src=\"https:\/\/www.gazetadigital.com.br\/storage\/webdisco\/2025\/10\/14\/431x285\/bb5d6206084e9439ace926ff48875f2c.jpg\" alt=\"Gustavo Moreno\/STF\" \/><\/a><\/span><\/p>\n<p class=\"img-conteudo-desc\">\n<p><img decoding=\"async\" class=\"pull-left img-responsive\" src=\"https:\/\/www.gazetadigital.com.br\/storage\/webdisco\/2018\/09\/11\/120x80\/1989f6f1bda0a00b820ece8296bb5d50.jpg\" alt=\"\" \/><\/p>\n<div id=\"text-content\" class=\"mb20\">\n<p>A Primeira Turma do Supremo Tribunal Federal (STF) retoma nesta ter\u00e7a-feira (21) o julgamento dos r\u00e9us do N\u00facleo 4 da trama golpista, ocorrida durante o governo do ex-presidente Jair Bolsonaro.<\/p>\n<p>&nbsp;<\/p>\n<p>O julgamento come\u00e7ou na semana passada, quando a Procuradoria-Geral da Rep\u00fablica (PGR) defendeu a condena\u00e7\u00e3o dos sete r\u00e9us que fazem parte do grupo, que \u00e9 acusado de organizar a\u00e7\u00f5es de desinforma\u00e7\u00e3o para propagar not\u00edcias falsas sobre o processo eleitoral e ataques virtuais a institui\u00e7\u00f5es e autoridades, em 2022.<\/p>\n<p>&nbsp;<\/p>\n<p>Na mesma sess\u00e3o, as defesas dos acusados pediram absolvi\u00e7\u00e3o e negaram o envolvimento dos r\u00e9us em a\u00e7\u00f5es para dissemina\u00e7\u00e3o de desinforma\u00e7\u00e3o.<\/p>\n<p>&nbsp;<\/p>\n<p>Fazem parte desse n\u00facleo os seguintes investigados: Ailton Gon\u00e7alves Moraes Barros (major da reserva do Ex\u00e9rcito), \u00c2ngelo Martins Denicoli (major da reserva do Ex\u00e9rcito), Giancarlo Gomes Rodrigues (subtenente do Ex\u00e9rcito), Guilherme Marques de Almeida (tenente-coronel do Ex\u00e9rcito), Reginaldo Vieira de Abreu (coronel do Ex\u00e9rcito), Marcelo Ara\u00fajo Bormevet (policial federal) e Carlos Cesar Moretzsohn Rocha (presidente do Instituto Voto Legal).<\/p>\n<p>&nbsp;<\/p>\n<p>Eles respondem pelos crimes de organiza\u00e7\u00e3o criminosa armada, tentativa de aboli\u00e7\u00e3o violenta do Estado Democr\u00e1tico de Direito, golpe de Estado, dano qualificado pela viol\u00eancia e grave amea\u00e7a e deteriora\u00e7\u00e3o de patrim\u00f4nio tombado.<\/p>\n<p>&nbsp;<\/p>\n<p><strong>Vota\u00e7\u00e3o<\/strong><\/p>\n<p>A sess\u00e3o ser\u00e1 aberta com o voto do ministro Alexandre de Moraes, relator da a\u00e7\u00e3o penal do N\u00facleo 4.<\/p>\n<p>&nbsp;<\/p>\n<p>O ministro vai decidir se condena ou absolve os acusados. Em caso de condena\u00e7\u00e3o, Moraes tamb\u00e9m vai anunciar a pena dos r\u00e9us.<\/p>\n<p>&nbsp;<\/p>\n<p>Em seguida, os demais integrantes da Primeira Turma come\u00e7am a votar. O ministro Cristiano Zanin ser\u00e1 o primeiro a se manifestar ap\u00f3s o relator. Posteriormente, votar\u00e3o os ministros Luiz Fux, C\u00e1rmen L\u00facia e Fl\u00e1vio Dino, presidente do colegiado.<\/p>\n<p>&nbsp;<\/p>\n<p>Os acusados que forem condenados pelo STF n\u00e3o ser\u00e3o presos automaticamente. As defesas poder\u00e3o recorrer da eventual condena\u00e7\u00e3o.<\/p>\n<p>&nbsp;<\/p>\n<p><strong>Outros n\u00facleos<\/strong><\/p>\n<p>At\u00e9 o momento, somente o N\u00facleo 1, formado pelo ex-presidente Jair Bolsonaro e mais sete r\u00e9us, foi condenado.<\/p>\n<p>Al\u00e9m do N\u00facleo 4, ser\u00e3o julgados ainda neste ano os n\u00facleos 2 e 3. O julgamento do N\u00facleo 3 est\u00e1 marcado para 11 de novembro. O grupo 2 ser\u00e1 julgado em dezembro.<\/p>\n<p>&nbsp;<\/p>\n<p>O N\u00facleo 5 \u00e9 formado pelo empres\u00e1rio Paulo Figueiredo, neto do ex-presidente Jo\u00e3o Figueiredo. Ele mora dos Estados Unidos e n\u00e3o apresentou defesa no processo. Ainda n\u00e3o h\u00e1 previs\u00e3o de data para o julgamento.<\/p>\n<\/div>\n","protected":false},"excerpt":{"rendered":"<p>Gustavo Moreno\/STF A Primeira Turma do Supremo Tribunal Federal (STF) retoma nesta ter\u00e7a-feira (21) o<\/p>\n","protected":false},"author":2,"featured_media":68064,"comment_status":"open","ping_status":"open","sticky":false,"template":"","format":"standard","meta":{"footnotes":""},"categories":[13,2],"tags":[1768],"aioseo_notices":[],"_links":{"self":[{"href":"https:\/\/portalnewsgta.com.br\/index.php\/wp-json\/wp\/v2\/posts\/68063"}],"collection":[{"href":"https:\/\/portalnewsgta.com.br\/index.php\/wp-json\/wp\/v2\/posts"}],"about":[{"href":"https:\/\/portalnewsgta.com.br\/index.php\/wp-json\/wp\/v2\/types\/post"}],"author":[{"embeddable":true,"href":"https:\/\/portalnewsgta.com.br\/index.php\/wp-json\/wp\/v2\/users\/2"}],"replies":[{"embeddable":true,"href":"https:\/\/portalnewsgta.com.br\/index.php\/wp-json\/wp\/v2\/comments?post=68063"}],"version-history":[{"count":1,"href":"https:\/\/portalnewsgta.com.br\/index.php\/wp-json\/wp\/v2\/posts\/68063\/revisions"}],"predecessor-version":[{"id":68065,"href":"https:\/\/portalnewsgta.com.br\/index.php\/wp-json\/wp\/v2\/posts\/68063\/revisions\/68065"}],"wp:featuredmedia":[{"embeddable":true,"href":"https:\/\/portalnewsgta.com.br\/index.php\/wp-json\/wp\/v2\/media\/68064"}],"wp:attachment":[{"href":"https:\/\/portalnewsgta.com.br\/index.php\/wp-json\/wp\/v2\/media?parent=68063"}],"wp:term":[{"taxonomy":"category","embeddable":true,"href":"https:\/\/portalnewsgta.com.br\/index.php\/wp-json\/wp\/v2\/categories?post=68063"},{"taxonomy":"post_tag","embeddable":true,"href":"https:\/\/portalnewsgta.com.br\/index.php\/wp-json\/wp\/v2\/tags?post=68063"}],"curies":[{"name":"wp","href":"https:\/\/api.w.org\/{rel}","templated":true}]}}