{"id":68031,"date":"2025-10-21T08:43:01","date_gmt":"2025-10-21T11:43:01","guid":{"rendered":"https:\/\/portalnewsgta.com.br\/?p=68031"},"modified":"2025-10-21T08:43:01","modified_gmt":"2025-10-21T11:43:01","slug":"governo-de-mt-tj-mp-e-tce-firmam-parceria-para-reforcar-combate-a-corrupcao","status":"publish","type":"post","link":"https:\/\/portalnewsgta.com.br\/index.php\/2025\/10\/21\/governo-de-mt-tj-mp-e-tce-firmam-parceria-para-reforcar-combate-a-corrupcao\/","title":{"rendered":"Governo de MT, TJ, MP e TCE firmam parceria para refor\u00e7ar combate \u00e0 corrup\u00e7\u00e3o"},"content":{"rendered":"<h2 class=\"subtitulo mb-1\">A\u00e7\u00e3o ser\u00e1 coordenada pelo Comit\u00ea Interinstitucional de Defesa do Patrim\u00f4nio P\u00fablico<\/h2>\n<div class=\"autor mb-1\">Secom-MT<\/div>\n<div>\n<div class=\"container-fluid pt-4 pb-4\">\n<div class=\"container\">\n<div class=\"row text-center legenda_foto mt-2\">\n<div class=\"col-12\">\n<b>Cr\u00e9dito &#8211;\u00a0<\/b>Tonico Pinheiro\/Secom-MT<\/div>\n<\/div>\n<\/div>\n<\/div>\n<div class=\"container mt-5\">\n<div class=\"row justify-content-md-center\">\n<div class=\"col-sm-11 conteudo\">\n<p>O Governo de Mato Grosso assinou, nesta segunda-feira (20.10), um Termo de Coopera\u00e7\u00e3o com o Tribunal de Justi\u00e7a de Mato Grosso (TJMT) para refor\u00e7ar as a\u00e7\u00f5es de combate \u00e0 corrup\u00e7\u00e3o, \u00e0 improbidade administrativa e \u00e0 lavagem de dinheiro. Pelo Governo do Estado, participam a Secretaria de Estado de Seguran\u00e7a P\u00fablica (Sesp) e a Controladoria-Geral do Estado (CGE-MT). Tamb\u00e9m assinaram o Minist\u00e9rio P\u00fablico do Estado e o Tribunal de Contas do Estado.<\/p>\n<p>O governador Mauro Mendes destacou que esse tema \u00e9 extremamente relevante para o dia-a-dia do pa\u00eds.<\/p>\n<p>\u201cHoje aqui eu sinto um alento. Quando a gente faz esse esfor\u00e7o, o Tribunal de Justi\u00e7a liderando esse esfor\u00e7o, eu percebo que ainda existem servidores comprometidos com o combate \u00e0 corrup\u00e7\u00e3o e a defesa do bem coletivo. Aqui, muito mais do que a\u00e7\u00e3o, muito mais ou de um ato de coopera\u00e7\u00e3o, n\u00f3s estamos ajudando a transformar positivamente o nosso Mato Grosso\u201d, destacou.<\/p>\n<p>Para o presidente do Tribunal de Justi\u00e7a, desembargador Jos\u00e9 Zuquim Nogueira, o termo de coopera\u00e7\u00e3o \u00e9 um compromisso firmado que busca somar esfor\u00e7os para proteger o dinheiro p\u00fablico e combater crimes como corrup\u00e7\u00e3o, lavagem de dinheiro e improbidade administrativa\u201d.<\/p>\n<p>O Termo ser\u00e1 coordenado pelo Comit\u00ea Interinstitucional de Defesa do Patrim\u00f4nio P\u00fablico (CIPP), presidido pelo desembargador H\u00e9lio Nishiyama e ter\u00e1 a\u00e7\u00f5es de capacita\u00e7\u00e3o, campanhas educativas, cria\u00e7\u00e3o de um painel para monitorar processos judiciais e o compartilhamento seguro de informa\u00e7\u00f5es entre os \u00f3rg\u00e3os.<\/p>\n<p>\u201cEssa integra\u00e7\u00e3o do poder executivo, com Judici\u00e1rio, \u00f3rg\u00e3os de controle e outras institui\u00e7\u00f5es cria um canal de conex\u00e3o e velocidade. Esse termo, os cursos que vir\u00e3o, mostram a\u00e7\u00f5es efetivas e que com a integra\u00e7\u00e3o dos poderes conseguimos resultados muito melhores\u201d, avaliou o secret\u00e1rio de Estado de Seguran\u00e7a P\u00fablica, coronel C\u00e9sar Roveri.<\/p>\n<p>Tamb\u00e9m assinaram o termo o procurador-geral de Justi\u00e7a, Rodrigo Fonseca da Costa, o presidente do TCE, conselheiro S\u00e9rgio Ricardo de Almeida, a delegada-geral da Pol\u00edcia Judici\u00e1ria Civil, Daniela Silveira Maidel, e o controlador-geral do Estado, Paulo Farias.<\/p>\n<\/div>\n<\/div>\n<\/div>\n<\/div>\n","protected":false},"excerpt":{"rendered":"<p>A\u00e7\u00e3o ser\u00e1 coordenada pelo Comit\u00ea Interinstitucional de Defesa do Patrim\u00f4nio P\u00fablico Secom-MT Cr\u00e9dito &#8211;\u00a0Tonico Pinheiro\/Secom-MT<\/p>\n","protected":false},"author":2,"featured_media":68034,"comment_status":"open","ping_status":"open","sticky":false,"template":"","format":"standard","meta":{"footnotes":""},"categories":[13,2],"tags":[39],"aioseo_notices":[],"_links":{"self":[{"href":"https:\/\/portalnewsgta.com.br\/index.php\/wp-json\/wp\/v2\/posts\/68031"}],"collection":[{"href":"https:\/\/portalnewsgta.com.br\/index.php\/wp-json\/wp\/v2\/posts"}],"about":[{"href":"https:\/\/portalnewsgta.com.br\/index.php\/wp-json\/wp\/v2\/types\/post"}],"author":[{"embeddable":true,"href":"https:\/\/portalnewsgta.com.br\/index.php\/wp-json\/wp\/v2\/users\/2"}],"replies":[{"embeddable":true,"href":"https:\/\/portalnewsgta.com.br\/index.php\/wp-json\/wp\/v2\/comments?post=68031"}],"version-history":[{"count":1,"href":"https:\/\/portalnewsgta.com.br\/index.php\/wp-json\/wp\/v2\/posts\/68031\/revisions"}],"predecessor-version":[{"id":68035,"href":"https:\/\/portalnewsgta.com.br\/index.php\/wp-json\/wp\/v2\/posts\/68031\/revisions\/68035"}],"wp:featuredmedia":[{"embeddable":true,"href":"https:\/\/portalnewsgta.com.br\/index.php\/wp-json\/wp\/v2\/media\/68034"}],"wp:attachment":[{"href":"https:\/\/portalnewsgta.com.br\/index.php\/wp-json\/wp\/v2\/media?parent=68031"}],"wp:term":[{"taxonomy":"category","embeddable":true,"href":"https:\/\/portalnewsgta.com.br\/index.php\/wp-json\/wp\/v2\/categories?post=68031"},{"taxonomy":"post_tag","embeddable":true,"href":"https:\/\/portalnewsgta.com.br\/index.php\/wp-json\/wp\/v2\/tags?post=68031"}],"curies":[{"name":"wp","href":"https:\/\/api.w.org\/{rel}","templated":true}]}}