{"id":67883,"date":"2025-10-19T14:48:37","date_gmt":"2025-10-19T17:48:37","guid":{"rendered":"https:\/\/portalnewsgta.com.br\/?p=67883"},"modified":"2025-10-19T14:48:37","modified_gmt":"2025-10-19T17:48:37","slug":"governador-entrega-chaves-da-casa-propria-para-200-familias-em-campos-de-julio-e-anuncia-investimentos","status":"publish","type":"post","link":"https:\/\/portalnewsgta.com.br\/index.php\/2025\/10\/19\/governador-entrega-chaves-da-casa-propria-para-200-familias-em-campos-de-julio-e-anuncia-investimentos\/","title":{"rendered":"Governador entrega chaves da casa pr\u00f3pria para 200 fam\u00edlias em Campos de Julio e anuncia investimentos"},"content":{"rendered":"<p>O governador Mauro Mendes e a primeira-dama Virginia Mendes entregaram, em Campos de J\u00falio, hoje de manh\u00e3, as chaves da casa pr\u00f3pria para 200 fam\u00edlias e tamb\u00e9m anunciaram investimentos de mais de R$ 25 milh\u00f5es para novas obras no munic\u00edpio.<\/p>\n<p>As casas foram constru\u00eddas em parceria com o governo Federal e a prefeitura, dentro do programa SER Fam\u00edlia Habita\u00e7\u00e3o, na modalidade \u201centrada facilitada\u201d. As unidades fazem parte do residencial S\u00e3o Sebasti\u00e3o, localizado no bairro Vila Nova. Ao todo, o Estado aportou R$ 3,09 milh\u00f5es no empreendimento.<\/p>\n<p>Antes da solenidade de entrega das chaves, o governador e a primeira-dama visitaram o residencial onde foram constru\u00eddas as casas e conheceram duas fam\u00edlias beneficiadas.<\/p>\n<p>O programa SER Fam\u00edlia Habita\u00e7\u00e3o concede at\u00e9 R$ 35 mil para serem aplicados na entrada de im\u00f3veis, permitindo que mais fam\u00edlias realizem o sonho da casa pr\u00f3pria. O valor pode ser somado aos benef\u00edcios do programa federal de habita\u00e7\u00e3o Minha Casa, Minha Vida, e o terreno doado pelo munic\u00edpio tamb\u00e9m \u00e9 abatido do valor total do im\u00f3vel, tornando a aquisi\u00e7\u00e3o ainda mais acess\u00edvel.<\/p>\n<p>Antes da entrega das casas, Mauro assinou ainda a autoriza\u00e7\u00e3o para novos conv\u00eanios com a prefeitura de Campos de J\u00falio, que permitir\u00e3o o asfaltamento de 12 km da MT-388, com previs\u00e3o de R$ 19,2 milh\u00f5es em recursos do Estado, al\u00e9m da constru\u00e7\u00e3o de um gin\u00e1sio poliesportivo no munic\u00edpio. Este \u00faltimo deve receber investimento de cerca de R$ 6 milh\u00f5es dos cofres do Estado.<\/p>\n","protected":false},"excerpt":{"rendered":"<p>O governador Mauro Mendes e a primeira-dama Virginia Mendes entregaram, em Campos de J\u00falio, hoje<\/p>\n","protected":false},"author":2,"featured_media":67884,"comment_status":"open","ping_status":"open","sticky":false,"template":"","format":"standard","meta":{"footnotes":""},"categories":[7,13],"tags":[1740],"aioseo_notices":[],"_links":{"self":[{"href":"https:\/\/portalnewsgta.com.br\/index.php\/wp-json\/wp\/v2\/posts\/67883"}],"collection":[{"href":"https:\/\/portalnewsgta.com.br\/index.php\/wp-json\/wp\/v2\/posts"}],"about":[{"href":"https:\/\/portalnewsgta.com.br\/index.php\/wp-json\/wp\/v2\/types\/post"}],"author":[{"embeddable":true,"href":"https:\/\/portalnewsgta.com.br\/index.php\/wp-json\/wp\/v2\/users\/2"}],"replies":[{"embeddable":true,"href":"https:\/\/portalnewsgta.com.br\/index.php\/wp-json\/wp\/v2\/comments?post=67883"}],"version-history":[{"count":1,"href":"https:\/\/portalnewsgta.com.br\/index.php\/wp-json\/wp\/v2\/posts\/67883\/revisions"}],"predecessor-version":[{"id":67885,"href":"https:\/\/portalnewsgta.com.br\/index.php\/wp-json\/wp\/v2\/posts\/67883\/revisions\/67885"}],"wp:featuredmedia":[{"embeddable":true,"href":"https:\/\/portalnewsgta.com.br\/index.php\/wp-json\/wp\/v2\/media\/67884"}],"wp:attachment":[{"href":"https:\/\/portalnewsgta.com.br\/index.php\/wp-json\/wp\/v2\/media?parent=67883"}],"wp:term":[{"taxonomy":"category","embeddable":true,"href":"https:\/\/portalnewsgta.com.br\/index.php\/wp-json\/wp\/v2\/categories?post=67883"},{"taxonomy":"post_tag","embeddable":true,"href":"https:\/\/portalnewsgta.com.br\/index.php\/wp-json\/wp\/v2\/tags?post=67883"}],"curies":[{"name":"wp","href":"https:\/\/api.w.org\/{rel}","templated":true}]}}