{"id":67854,"date":"2025-10-19T14:36:59","date_gmt":"2025-10-19T17:36:59","guid":{"rendered":"https:\/\/portalnewsgta.com.br\/?p=67854"},"modified":"2025-10-19T14:36:59","modified_gmt":"2025-10-19T17:36:59","slug":"mendes-vai-a-china-inaugurar-escritorio-para-ampliar-exportacoes","status":"publish","type":"post","link":"https:\/\/portalnewsgta.com.br\/index.php\/2025\/10\/19\/mendes-vai-a-china-inaugurar-escritorio-para-ampliar-exportacoes\/","title":{"rendered":"Mendes vai \u00e0 China inaugurar escrit\u00f3rio para ampliar exporta\u00e7\u00f5es"},"content":{"rendered":"<section class=\"FullLine\">\n<div class=\"conteudo\">\n<h3>Governador ir\u00e1 no in\u00edcio de novembro; 45,9% das exporta\u00e7\u00f5es do Estado s\u00e3o feitas para a China<\/h3>\n<\/div>\n<\/section>\n<section>\n<div class=\"FullLine\">\n<div class=\"conteudo_foto\">\n<div class=\"imgcontent\">\n<p class=\"credito_foto\">Victor Ostetti\/MidiaNews<\/p>\n<p><a href=\"https:\/\/www.midianews.com.br\/\/storage\/webdisco\/2025\/10\/16\/886x590\/d9361e9c109d90fe62ed9ef8c66e38d9.jpg\" rel=\"lightbox\" data-title=\"O governador Mauro Mendes, que ir\u00e1 para a China\"><img loading=\"lazy\" decoding=\"async\" id=\"img_conteudo\" class=\"img-responsive\" src=\"https:\/\/www.midianews.com.br\/\/storage\/webdisco\/2025\/10\/16\/438x291\/d9361e9c109d90fe62ed9ef8c66e38d9.jpg\" alt=\"O governador Mauro Mendes, que ir\u00e1 para a China\" width=\"438\" height=\"292\" border=\"0\" \/><\/a><\/p>\n<p class=\"descricao_foto\">O governador Mauro Mendes, que ir\u00e1 para a China<\/p>\n<\/div>\n<\/div>\n<div class=\"Font14Bold\">C\u00cdNTIA BORGES<br \/>\nDA REDA\u00c7\u00c3O<\/div>\n<div id=\"texto\" class=\"texto\">\n<p>O governador Mauro Mendes (Uni\u00e3o) anunciou que vai inaugurar o escrit\u00f3rio do Invest MT na China durante a Feira Internacional de Importa\u00e7\u00e3o da China, que ser\u00e1 realizada em Xangai, entre 4 e 9 de novembro de 2025.<\/p>\n<p>&nbsp;<\/p>\n<div class=\"quote-wrapper right\">\n<div class=\"quote-img-wrapper right\"><img decoding=\"async\" class=\"quote-img right\" src=\"https:\/\/www.midianews.com.br\/images\/aspas_right.gif\" \/><\/div>\n<h2 class=\"quote-content\">Ele permitir\u00e1 que a iniciativa privada, com apoio do governo, promova os produtos e o com\u00e9rcio de Mato Grosso com o mundo<\/h2>\n<\/div>\n<p>Mendes explicou que o escrit\u00f3rio funcionar\u00e1 como uma base de promo\u00e7\u00e3o comercial e atra\u00e7\u00e3o de investimentos, com foco em aproximar o setor produtivo mato-grossense do mercado asi\u00e1tico.<\/p>\n<p>&nbsp;<\/p>\n<p>A iniciativa tem como objetivo, segundo o governador, dar suporte a empresas de pequeno e m\u00e9dio porte do Estado interessadas em exportar para a \u00c1sia.<\/p>\n<p>&nbsp;<\/p>\n<p>\u201cN\u00f3s vamos inaugurar na China o escrit\u00f3rio do Investe Mato Grosso, um mecanismo que criamos e acredito ser muito excepcional e inteligente. Ele permitir\u00e1 que a iniciativa privada, com apoio do governo, promova os produtos e o com\u00e9rcio de Mato Grosso com o mundo\u201d, afirmou o governador.<\/p>\n<div id=\"taboola-mid-article-thumbnails\" class=\"trc_related_container tbl-trecs-container trc_spotlight_widget trc_elastic trc_elastic_alternating-thumbnails-a-mid-article\" data-placement-name=\"Mid Article Thumbnails\">\n<div class=\"trc_rbox_container\">\n<div>\n<div id=\"trc_wrapper_5384561206\" class=\"trc_rbox alternating-thumbnails-a-mid-article trc-content-hybrid\">\n<div id=\"trc_header_5384561206\" class=\"trc_rbox_header trc_rbox_border_elm\">\n<div class=\"trc_header_ext\"><\/div>\n<\/div>\n<\/div>\n<\/div>\n<\/div>\n<\/div>\n<p>&nbsp;<\/p>\n<p>Mendes ressaltou que, embora os grandes produtores e tradings j\u00e1 possuam estruturas pr\u00f3prias de exporta\u00e7\u00e3o, pequenos e m\u00e9dios empres\u00e1rios mato-grossenses ainda enfrentam dificuldades para acessar o mercado asi\u00e1tico.<\/p>\n<p>&nbsp;<\/p>\n<p>\u201cEsse apoio \u00e9 fundamental para criar mais la\u00e7os econ\u00f4micos e comerciais com os mercados, n\u00e3o s\u00f3 chineses, mas tamb\u00e9m asi\u00e1ticos\u201d, disse.<\/p>\n<p>&nbsp;<\/p>\n<p>Segundo a Secretaria de Desenvolvimento Econ\u00f4mico (Sedec), Mato Grosso exportou US$ 14,69 bilh\u00f5es no primeiro semestre de 2025. Desse montante, 45,9% das exporta\u00e7\u00f5es foi para a China.<\/p>\n<\/div>\n<\/div>\n<\/section>\n","protected":false},"excerpt":{"rendered":"<p>Governador ir\u00e1 no in\u00edcio de novembro; 45,9% das exporta\u00e7\u00f5es do Estado s\u00e3o feitas para a<\/p>\n","protected":false},"author":2,"featured_media":67855,"comment_status":"open","ping_status":"open","sticky":false,"template":"","format":"standard","meta":{"footnotes":""},"categories":[13,2],"tags":[1747],"aioseo_notices":[],"_links":{"self":[{"href":"https:\/\/portalnewsgta.com.br\/index.php\/wp-json\/wp\/v2\/posts\/67854"}],"collection":[{"href":"https:\/\/portalnewsgta.com.br\/index.php\/wp-json\/wp\/v2\/posts"}],"about":[{"href":"https:\/\/portalnewsgta.com.br\/index.php\/wp-json\/wp\/v2\/types\/post"}],"author":[{"embeddable":true,"href":"https:\/\/portalnewsgta.com.br\/index.php\/wp-json\/wp\/v2\/users\/2"}],"replies":[{"embeddable":true,"href":"https:\/\/portalnewsgta.com.br\/index.php\/wp-json\/wp\/v2\/comments?post=67854"}],"version-history":[{"count":1,"href":"https:\/\/portalnewsgta.com.br\/index.php\/wp-json\/wp\/v2\/posts\/67854\/revisions"}],"predecessor-version":[{"id":67856,"href":"https:\/\/portalnewsgta.com.br\/index.php\/wp-json\/wp\/v2\/posts\/67854\/revisions\/67856"}],"wp:featuredmedia":[{"embeddable":true,"href":"https:\/\/portalnewsgta.com.br\/index.php\/wp-json\/wp\/v2\/media\/67855"}],"wp:attachment":[{"href":"https:\/\/portalnewsgta.com.br\/index.php\/wp-json\/wp\/v2\/media?parent=67854"}],"wp:term":[{"taxonomy":"category","embeddable":true,"href":"https:\/\/portalnewsgta.com.br\/index.php\/wp-json\/wp\/v2\/categories?post=67854"},{"taxonomy":"post_tag","embeddable":true,"href":"https:\/\/portalnewsgta.com.br\/index.php\/wp-json\/wp\/v2\/tags?post=67854"}],"curies":[{"name":"wp","href":"https:\/\/api.w.org\/{rel}","templated":true}]}}