{"id":67777,"date":"2025-10-18T19:59:38","date_gmt":"2025-10-18T22:59:38","guid":{"rendered":"https:\/\/portalnewsgta.com.br\/?p=67777"},"modified":"2025-10-18T19:59:38","modified_gmt":"2025-10-18T22:59:38","slug":"governo-de-mt-entrega-casas-para-familias-em-situacao-de-vulnerabilidade-esperei-12-anos-por-esse-momento-afirma-contemplada","status":"publish","type":"post","link":"https:\/\/portalnewsgta.com.br\/index.php\/2025\/10\/18\/governo-de-mt-entrega-casas-para-familias-em-situacao-de-vulnerabilidade-esperei-12-anos-por-esse-momento-afirma-contemplada\/","title":{"rendered":"Governo de MT entrega casas para fam\u00edlias em situa\u00e7\u00e3o de vulnerabilidade: \u201cEsperei 12 anos por esse momento\u201d, afirma contemplada"},"content":{"rendered":"<h2 class=\"subtitulo mb-1\">Governador e primeira-dama tamb\u00e9m lan\u00e7aram marco para constru\u00e7\u00e3o de mais 2 mil casas no munic\u00edpio<\/h2>\n<div class=\"autor mb-1\">Allan Pereira | Secom-MT<\/div>\n<div><\/div>\n<div>\n<div class=\"container-fluid pt-4 pb-4\">\n<div class=\"container\">\n<div class=\"row text-center legenda_foto mt-2\">\n<div class=\"col-12\"><b>Cr\u00e9dito &#8211;\u00a0<\/b>Mayke Toscano\/Secom-MT<\/div>\n<\/div>\n<\/div>\n<\/div>\n<div class=\"container mt-5\">\n<div class=\"row justify-content-md-center\">\n<div class=\"col-sm-11 conteudo\">\n<p>O Governo de Mato Grosso realizou, na manh\u00e3 deste s\u00e1bado (18.10), a segunda entrega de chaves de casas populares do dia, pelo programa SER Fam\u00edlia Habita\u00e7\u00e3o. Em Lucas do Rio Verde, 30 fam\u00edlias em situa\u00e7\u00e3o de vulnerabilidade social receberam gratuitamente as chaves da casa pr\u00f3pria, no bairro Jardim Primavera III.<\/p>\n<p>Ainda no munic\u00edpio, o governador Mauro Mendes e a primeira-dama Virginia Mendes realizaram o lan\u00e7amento da pedra fundamental para a constru\u00e7\u00e3o de mais 2 mil casas pelo programa.<\/p>\n<p>Uma das contempladas com a doa\u00e7\u00e3o da casa \u00e9 a moradora Sueli Ferreira. \u201cEsperei 12 anos por esse momento, de ser contemplada com uma casa. Sempre pedi muito a Deus, muitas vezes eu chorava, mas aqui estou hoje com a chave gra\u00e7as a voc\u00eas do Governo. Estou muito feliz, voc\u00eas n\u00e3o t\u00eam nem explica\u00e7\u00e3o\u201d, comentou.<\/p>\n<p>Sueli e as outras 29 fam\u00edlias tamb\u00e9m foram contempladas pelo SER Fam\u00edlia Habita\u00e7\u00e3o Faixa 0, voltado para fam\u00edlias com renda per capita de at\u00e9 R$ 218. Elas recebem a casa sem precisar dar entrada ou pagar pelo financiamento.<\/p>\n<p>&nbsp;<\/p>\n<p>\u201c\u00c9 um sonho de todo ser humano ter uma casa pr\u00f3pria. Estou muito grata a Deus, ao Governo e \u00e0 Prefeitura por essa entrega. \u00c9 a realiza\u00e7\u00e3o de um sonho, essa casa vai mudar minha vida\u201d, destacou Creuza da Silva, outra moradora contemplada com a doa\u00e7\u00e3o da casa.<\/p>\n<p>O governador Mauro Mendes afirmou que os im\u00f3veis dar\u00e3o mais seguran\u00e7a para as fam\u00edlias contempladas. \u201cSeguran\u00e7a \u00e9 um dos valores fundamentais para o ser humano. Para voc\u00ea se sentir numa fam\u00edlia segura, \u00e9 preciso ter um lar, um teto, para saber que, no final do dia, voc\u00ea vai criar uma vida e ter um local para repousar quando chegar \u00e0 velhice. Estamos, em nome do povo mato-grossense, realizando o sonho dessas pessoas\u201d, pontuou.<\/p>\n<p>Idealizadora do programa, a primeira-dama Virginia Mendes tamb\u00e9m afirmou que a entrega representa a realiza\u00e7\u00e3o de um sonho das fam\u00edlias. \u201cEntregar uma casa pr\u00f3pria \u00e9 oferecer dignidade, esperan\u00e7a e seguran\u00e7a para cada fam\u00edlia. A gratid\u00e3o \u00e9 imensa. Agrade\u00e7o a Deus pela oportunidade de proporcionar essa felicidade e transformar vidas por meio desse programa\u201d, destacou.<\/p>\n<figure class=\"image\"><picture data-fileentryid=\"75217341\"><source srcset=\"\/o\/adaptive-media\/image\/75217341\/Thumbnail-1024x1024\/Casas_lucas+do+rio+verde_ser+familia-0312.jpg?t=1760818440840\" media=\"(max-width:1024px)\" \/><img decoding=\"async\" src=\"https:\/\/www.secom.mt.gov.br\/documents\/d\/mt\/casas_lucas-do-rio-verde_ser-familia-0312?imageThumbnail=3\" alt=\"\" height=\"266\" \/><\/picture><figcaption><sup>Casas entregues para as 30 fam\u00edlias em Lucas do Rio Verde. Foto: Mayke Toscano\/Secom-MT<\/sup><\/figcaption><\/figure>\n<p><strong>Mais unidades habitacionais para Lucas do Rio Verde<\/strong><\/p>\n<p>Ap\u00f3s a doa\u00e7\u00e3o das casas, o governador Mauro Mendes lan\u00e7ou a pedra fundamental para a constru\u00e7\u00e3o de mais 2 mil unidades habitacionais do Residencial Jardim Esperan\u00e7a I, em Lucas do Rio Verde, por meio das demais faixas do programa SER Fam\u00edlia Habita\u00e7\u00e3o. O empreendimento j\u00e1 est\u00e1 em obras e fica localizado no bairro Jardim Esperan\u00e7a. O aporte do Estado pode chegar a mais de R$ 33 milh\u00f5es nos im\u00f3veis.<\/p>\n<p>\u201c\u00c9 fundamental para a vida das pessoas ter a oportunidade de conquistar a casa pr\u00f3pria. Para a cidade, \u00e9 importante fixar as pessoas aqui, fortalecendo o processo de crescimento e desenvolvimento. Contem com o Governo para que possamos continuar desenvolvendo o setor de habita\u00e7\u00e3o e realizando os sonhos das pessoas\u201d, destacou o governador Mauro Mendes.<\/p>\n<figure class=\"image\"><picture data-fileentryid=\"75217885\"><source srcset=\"\/o\/adaptive-media\/image\/75217885\/Thumbnail-1024x1024\/Casas_lucas+do+rio+verde_ser+familia-1598.jpg?t=1760818452562\" media=\"(max-width:1024px)\" \/><img decoding=\"async\" src=\"https:\/\/www.secom.mt.gov.br\/documents\/d\/mt\/casas_lucas-do-rio-verde_ser-familia-1598?imageThumbnail=3\" alt=\"\" height=\"266\" \/><\/picture><figcaption><sup>Governador Mauro Mendes em coletiva de imprensa.\u00a0Foto: Mayke Toscano\/Secom-MT<\/sup><\/figcaption><\/figure>\n<p>Pelas Faixas 1 a 4, o programa SER Fam\u00edlia Habita\u00e7\u00e3o, na modalidade Entrada Facilitada, concede at\u00e9 R$ 35 mil para serem aplicados na entrada de im\u00f3veis, para fam\u00edlias que recebem at\u00e9 R$ 12 mil de renda. O valor pode ser somado aos benef\u00edcios do programa federal de habita\u00e7\u00e3o Minha Casa, Minha Vida, e o terreno doado pelo munic\u00edpio tamb\u00e9m \u00e9 abatido do valor total do im\u00f3vel, tornando a aquisi\u00e7\u00e3o ainda mais acess\u00edvel.<\/p>\n<p>O prefeito de Lucas do Rio Verde, Miguel Vaz, apontou que, al\u00e9m dos subs\u00eddios dos governos federal e estadual, a Prefeitura ainda faz um aporte de mais R$ 10 mil para cada benefici\u00e1rio do programa.<\/p>\n<p>\u201c\u00c9 o programa de habita\u00e7\u00e3o mais inovador do Brasil. Eu n\u00e3o conhe\u00e7o nenhum outro governo que tenha um programa com a participa\u00e7\u00e3o t\u00e3o intensa e cir\u00fargica para resolver o problema do d\u00e9ficit habitacional nas cidades. Se n\u00e3o fosse o apoio dos governos, metade dos beneficiados ficaria no caminho, porque n\u00e3o tem dinheiro para pagar a entrada. Essa \u00e9 uma realidade aqui em Lucas: 70% dos nossos trabalhadores recebem at\u00e9 cinco sal\u00e1rios m\u00ednimos e pagam um aluguel de R$ 1,5 mil reais. Como sobra para fazer uma poupan\u00e7a? Por isso, esse programa tem tido tanto sucesso, por conta dessa uni\u00e3o de esfor\u00e7os\u201d, disse.<\/p>\n<p>&nbsp;<\/p>\n<figure class=\"image\"><picture data-fileentryid=\"75217834\"><source srcset=\"\/o\/adaptive-media\/image\/75217834\/Thumbnail-1024x1024\/Casas_lucas+do+rio+verde_ser+familia-1377.jpg?t=1760818451350\" media=\"(max-width:1024px)\" \/><img decoding=\"async\" src=\"https:\/\/www.secom.mt.gov.br\/documents\/d\/mt\/casas_lucas-do-rio-verde_ser-familia-1377?imageThumbnail=3\" alt=\"\" height=\"266\" \/><\/picture><figcaption><sup>Foto: Mayke Toscano\/Secom-MT<\/sup><\/figcaption><\/figure>\n<p>O assessor especial da Presid\u00eancia da Rep\u00fablica, Valtenir Pereira, que representou o Governo Federal, destacou que as casas v\u00e3o marcar um novo cap\u00edtulo na hist\u00f3ria das fam\u00edlias.<\/p>\n<p>\u201cCada casa que come\u00e7a a se erguer neste solo representa um sonho que deixa de ser promessa e passa a ser realidade. Este canteiro de obras \u00e9 o s\u00edmbolo de uma grande alian\u00e7a pelo povo, por meio dos programas Minha Casa, Minha Vida e SER Fam\u00edlia Habita\u00e7\u00e3o. Dois programas, dois governos e um mesmo prop\u00f3sito: dar dignidade, moradia e esperan\u00e7a ao povo\u201d, disse.<\/p>\n<p>Tamb\u00e9m acompanharam o deputado estadual Valmir Moretto, os secret\u00e1rios Klebson Gomes (Assist\u00eancia Social e Cidadania) e Vitor Hugo Bruzulato (Justi\u00e7a), o presidente da MT Par, Wener Santos, o comandante-geral da PM, coronel Fernando Tinoco, e o superintendente da Caixa Econ\u00f4mica Federal em Mato Grosso, Jo\u00e3o Henrique Oliveira.<\/p>\n<figure class=\"image\"><picture data-fileentryid=\"75217765\"><source srcset=\"\/o\/adaptive-media\/image\/75217765\/Thumbnail-1024x1024\/Casas_lucas+do+rio+verde_ser+familia-1354.jpg?t=1760818449702\" media=\"(max-width:1024px)\" \/><img decoding=\"async\" src=\"https:\/\/www.secom.mt.gov.br\/documents\/d\/mt\/casas_lucas-do-rio-verde_ser-familia-1354?imageThumbnail=3\" alt=\"\" height=\"266\" \/><\/picture><figcaption><sup>Casas em constru\u00e7\u00e3o pelo programa SER Fam\u00edlia Habita\u00e7\u00e3o.\u00a0Foto: Mayke Toscano\/Secom-MT<\/sup><\/figcaption><\/figure>\n<\/div>\n<\/div>\n<\/div>\n<\/div>\n","protected":false},"excerpt":{"rendered":"<p>Governador e primeira-dama tamb\u00e9m lan\u00e7aram marco para constru\u00e7\u00e3o de mais 2 mil casas no munic\u00edpio<\/p>\n","protected":false},"author":2,"featured_media":67778,"comment_status":"open","ping_status":"open","sticky":false,"template":"","format":"standard","meta":{"footnotes":""},"categories":[7,13],"tags":[951],"aioseo_notices":[],"_links":{"self":[{"href":"https:\/\/portalnewsgta.com.br\/index.php\/wp-json\/wp\/v2\/posts\/67777"}],"collection":[{"href":"https:\/\/portalnewsgta.com.br\/index.php\/wp-json\/wp\/v2\/posts"}],"about":[{"href":"https:\/\/portalnewsgta.com.br\/index.php\/wp-json\/wp\/v2\/types\/post"}],"author":[{"embeddable":true,"href":"https:\/\/portalnewsgta.com.br\/index.php\/wp-json\/wp\/v2\/users\/2"}],"replies":[{"embeddable":true,"href":"https:\/\/portalnewsgta.com.br\/index.php\/wp-json\/wp\/v2\/comments?post=67777"}],"version-history":[{"count":1,"href":"https:\/\/portalnewsgta.com.br\/index.php\/wp-json\/wp\/v2\/posts\/67777\/revisions"}],"predecessor-version":[{"id":67779,"href":"https:\/\/portalnewsgta.com.br\/index.php\/wp-json\/wp\/v2\/posts\/67777\/revisions\/67779"}],"wp:featuredmedia":[{"embeddable":true,"href":"https:\/\/portalnewsgta.com.br\/index.php\/wp-json\/wp\/v2\/media\/67778"}],"wp:attachment":[{"href":"https:\/\/portalnewsgta.com.br\/index.php\/wp-json\/wp\/v2\/media?parent=67777"}],"wp:term":[{"taxonomy":"category","embeddable":true,"href":"https:\/\/portalnewsgta.com.br\/index.php\/wp-json\/wp\/v2\/categories?post=67777"},{"taxonomy":"post_tag","embeddable":true,"href":"https:\/\/portalnewsgta.com.br\/index.php\/wp-json\/wp\/v2\/tags?post=67777"}],"curies":[{"name":"wp","href":"https:\/\/api.w.org\/{rel}","templated":true}]}}