{"id":67771,"date":"2025-10-18T19:57:12","date_gmt":"2025-10-18T22:57:12","guid":{"rendered":"https:\/\/portalnewsgta.com.br\/?p=67771"},"modified":"2025-10-18T19:57:12","modified_gmt":"2025-10-18T22:57:12","slug":"governo-de-mt-entrega-chaves-da-casa-propria-para-200-familias-e-anuncia-investimentos","status":"publish","type":"post","link":"https:\/\/portalnewsgta.com.br\/index.php\/2025\/10\/18\/governo-de-mt-entrega-chaves-da-casa-propria-para-200-familias-e-anuncia-investimentos\/","title":{"rendered":"Governo de MT entrega chaves da casa pr\u00f3pria para 200 fam\u00edlias e anuncia investimentos"},"content":{"rendered":"<h2 class=\"subtitulo mb-1\">Governador Mauro Mendes e primeira-dama Virginia Mendes cumpriram agenda no munic\u00edpio na manh\u00e3 deste s\u00e1bado<\/h2>\n<div class=\"autor mb-1\">Allan Pereira | Secom-MT<\/div>\n<div><\/div>\n<div>\n<section id=\"content\" class=\"\">\n<div id=\"main-content\" class=\"layout-content portlet-layout\" role=\"main\">\n<div class=\"lfr-layout-structure-item-basic-component-html lfr-layout-structure-item-bda1c57d-ebfb-7ab5-34ae-f5ebeccc3ede \">\n<div id=\"fragment-7388c6ad-e49f-aebc-6b40-adbc6a4de5d0\">\n<div class=\"component-html\" data-lfr-editable-id=\"element-html\" data-lfr-editable-type=\"html\">\n<div class=\"container-fluid viewNoticia mt-4 mb-5\">\n<div class=\"container-fluid pt-4 pb-4\">\n<div class=\"container\">\n<div class=\"row text-center legenda_foto mt-2\">\n<div class=\"col-12\"><b>Cr\u00e9dito &#8211;\u00a0<\/b>Christiano Antonucci\/Secom-MT<\/div>\n<\/div>\n<\/div>\n<\/div>\n<div class=\"container mt-5\">\n<div class=\"row justify-content-md-center\">\n<div class=\"col-sm-11 conteudo\">\n<p>O Governo de Mato Grosso entregou, em Campos de J\u00falio, na manh\u00e3 deste s\u00e1bado (18.10), as chaves da casa pr\u00f3pria para 200 fam\u00edlias e tamb\u00e9m anunciou investimentos de mais de R$ 25 milh\u00f5es para novas obras no munic\u00edpio. O governador Mauro Mendes e a primeira-dama Virginia Mendes fizeram as entregas e an\u00fancios.<\/p>\n<p>Para o prefeito de Campos de J\u00falio, Irineu Marcos Parmeggiani, os investimentos do Estado t\u00eam feito a diferen\u00e7a na vida do munic\u00edpio.<\/p>\n<p>&#8220;Todos os dias recebemos a\u00e7\u00f5es e investimentos do Estado. Somos muito gratos por esse olhar. Isso mostra que o Governo de Mato Grosso est\u00e1 presente e tem olhado para os 142 munic\u00edpios. Isso \u00e9 fazer gest\u00e3o e ser grande, de n\u00e3o s\u00f3 pensar nos pr\u00f3prios p\u00e9s, mas sim nos p\u00e9s da popula\u00e7\u00e3o&#8221;, disse.<\/p>\n<figure class=\"image\"><picture data-fileentryid=\"75214131\"><source srcset=\"\/o\/adaptive-media\/image\/75214131\/Thumbnail-1024x1024\/prefeito+campos+de+julio.jpeg?t=1760809943474\" media=\"(max-width:1024px)\" \/><img decoding=\"async\" src=\"https:\/\/www.secom.mt.gov.br\/documents\/d\/mt\/prefeito-campos-de-julio-jpeg?imageThumbnail=3\" alt=\"\" height=\"266\" \/><\/picture><figcaption><sup><strong>Foto:\u00a0<\/strong>Christiano Antonucci\/Secom-MT<\/sup><\/figcaption><\/figure>\n<p>Entre outras a\u00e7\u00f5es citadas pelo prefeito, est\u00e3o investimentos na educa\u00e7\u00e3o, entrega de cobertores, cestas b\u00e1sicas e filtros de barro, pela assist\u00eancia social, al\u00e9m da constru\u00e7\u00e3o de uma unidade da Pol\u00edcia Militar no munic\u00edpio.<\/p>\n<p>O governador Mauro Mendes afirmou que a parceria s\u00f3 \u00e9 poss\u00edvel porque a gest\u00e3o tem aplicado corretamente os recursos p\u00fablicos.<\/p>\n<p>&#8220;Estamos completando sete anos de gest\u00e3o e j\u00e1 come\u00e7o a olhar para o final do nosso mandato com muita alegria e satisfa\u00e7\u00e3o. Vejo que o Governo de Mato Grosso conseguiu melhorar muitas coisas neste Estado, que cobra impostos, recolhe esse dinheiro e aplica corretamente de volta para a popula\u00e7\u00e3o. \u00c9 isso que tem gerado prosperidade em Mato Grosso. Poderia ficar aqui muito tempo falando sobre essas realiza\u00e7\u00f5es, muitas delas voc\u00eas conhecem, ent\u00e3o todo mundo sabe que aquilo que n\u00f3s falamos \u00e9 absolutamente verdade, e essa verdade \u00e9 reconhecida por grande parte da nossa popula\u00e7\u00e3o&#8221;, afirmou.<\/p>\n<figure class=\"image\"><picture data-fileentryid=\"75214827\"><source srcset=\"\/o\/adaptive-media\/image\/75214827\/Thumbnail-1024x1024\/CAPA+campos.jpeg?t=1760810844751\" media=\"(max-width:1024px)\" \/><img decoding=\"async\" src=\"https:\/\/www.secom.mt.gov.br\/documents\/d\/mt\/capa-campos-jpeg-1?imageThumbnail=3\" alt=\"\" height=\"266\" \/><\/picture><figcaption><sup><strong>Foto:\u00a0<\/strong>Christiano Antonucci\/Secom-MT<\/sup><\/figcaption><\/figure>\n<p><strong>Vistorias<\/strong><\/p>\n<p>A agenda do governador Mauro Mendes e da primeira-dama Virginia Mendes em Campos de J\u00falio come\u00e7ou com a vistoria \u00e0s obras de asfalto novo da estrada vicinal conhecida como Linha Caba\u00e7u. S\u00e3o 42 quil\u00f4metros que ser\u00e3o asfaltados em um investimento superior a R$ 55 milh\u00f5es, resultado da parceria entre o Governo e a Prefeitura.<\/p>\n<p>Mauro e Virginia Mendes tamb\u00e9m vistoriaram as obras de reforma e amplia\u00e7\u00e3o da Escola Estadual Angelina Franciscon Mazutti, com um investimento de R$ 2,7 milh\u00f5es em mais um conv\u00eanio entre Estado e Prefeitura. L\u00e1, eles foram recebidos por alunos e professores, conhecendo projetos e a estrutura da unidade escolar, que funciona no modelo c\u00edvico-militar.<\/p>\n<figure class=\"image\"><picture data-fileentryid=\"75214742\"><source srcset=\"\/o\/adaptive-media\/image\/75214742\/Thumbnail-1024x1024\/Campos+de+Julio+5.jpeg?t=1760809968834\" media=\"(max-width:1024px)\" \/><img decoding=\"async\" src=\"https:\/\/www.secom.mt.gov.br\/documents\/d\/mt\/campos-de-julio-5-jpeg?imageThumbnail=3\" alt=\"\" height=\"266\" \/><\/picture><figcaption><sup><strong>Foto:\u00a0<\/strong>Christiano Antonucci\/Secom-MT<\/sup><\/figcaption><\/figure>\n<p><strong>Entrega de casas<\/strong><\/p>\n<p>Neste s\u00e1bado, o Governo de Mato Grosso, em parceria com o Governo Federal e a Prefeitura de Campos de J\u00falio, tamb\u00e9m realizou a entrega das chaves da casa pr\u00f3pria para 200 fam\u00edlias pelo programa SER Fam\u00edlia Habita\u00e7\u00e3o, na modalidade Entrada Facilitada. As unidades fazem parte do Residencial S\u00e3o Sebasti\u00e3o, localizado no bairro Vila Nova. Ao todo, o Estado aportou R$ 3,09 milh\u00f5es no empreendimento.<\/p>\n<p>Antes da solenidade de entrega das chaves, o governador Mauro Mendes e a primeira-dama Virginia Mendes visitaram o residencial onde foram constru\u00eddas as casas e conheceram duas fam\u00edlias beneficiadas.<\/p>\n<p>Idealizado pela primeira-dama, Virginia Mendes, o programa SER Fam\u00edlia Habita\u00e7\u00e3o, na modalidade Entrada Facilitada, concede at\u00e9 R$ 35 mil para serem aplicados na entrada de im\u00f3veis, permitindo que mais fam\u00edlias realizem o sonho da casa pr\u00f3pria. O valor pode ser somado aos benef\u00edcios do programa federal de habita\u00e7\u00e3o Minha Casa, Minha Vida, e o terreno doado pelo munic\u00edpio tamb\u00e9m \u00e9 abatido do valor total do im\u00f3vel, tornando a aquisi\u00e7\u00e3o ainda mais acess\u00edvel.<\/p>\n<figure class=\"image\"><picture data-fileentryid=\"75216457\"><source srcset=\"\/o\/adaptive-media\/image\/75216457\/Thumbnail-1024x1024\/Chaves+Campos+de+Julio.jpeg?t=1760811068632\" media=\"(max-width:1024px)\" \/><img decoding=\"async\" src=\"https:\/\/www.secom.mt.gov.br\/documents\/d\/mt\/chaves-campos-de-julio-jpeg-1?imageThumbnail=3\" alt=\"\" height=\"266\" \/><\/picture><figcaption><sup><strong>Foto:\u00a0<\/strong>Christiano Antonucci\/Secom-MT<\/sup><\/figcaption><\/figure>\n<p>O presidente da MT Participa\u00e7\u00f5es e Projetos (MTPar), Wener Santos, destacou que o Estado j\u00e1 viabilizou a constru\u00e7\u00e3o de mais de 30 mil unidades habitacionais pelo SER Fam\u00edlia Habita\u00e7\u00e3o.<\/p>\n<p>&#8220;Esse programa come\u00e7ou com um sonho e, desde o primeiro momento, o governador Mauro Mendes e a primeira-dama Virginia Mendes cobraram muito para que o Governo constru\u00edsse casas e permitisse que as pessoas pudessem sair do aluguel. Estruturamos o SER Fam\u00edlia Habita\u00e7\u00e3o e, em parceria com o Governo Federal e os munic\u00edpios, temos conseguido atender as fam\u00edlias que ganham at\u00e9 R$ 12 mil. E a nossa meta \u00e9 atender 40 mil fam\u00edlias em todo Mato Grosso at\u00e9 2026&#8221;, disse.<\/p>\n<p>Representando o Governo Federal, o assessor especial da Presid\u00eancia da Rep\u00fablica, Valtenir Pereira, destacou o esfor\u00e7o conjunto entre os tr\u00eas n\u00edveis do Poder Executivo (federal, estadual e municipal) para a entrega das casas. &#8220;Celebramos muito mais do que a entrega de casas: celebramos dignidade, seguran\u00e7a e esperan\u00e7a. Este momento representa o compromisso dos governos que, por meio do Minha Casa, Minha Vida e do SER Fam\u00edlia Habita\u00e7\u00e3o, constroem n\u00e3o apenas paredes, mas hist\u00f3rias; devolvem sonhos e abrem portas para o futuro. Isso mostra que, quando o di\u00e1logo prevalece e o prop\u00f3sito \u00e9 o mesmo, os resultados acontecem para melhorar a vida das pessoas&#8221;, afirmou.<\/p>\n<figure class=\"image\"><picture data-fileentryid=\"75214753\"><source srcset=\"\/o\/adaptive-media\/image\/75214753\/Thumbnail-1024x1024\/Campso+de+julio+3+Casas.jpeg?t=1760809995086\" media=\"(max-width:1024px)\" \/><img decoding=\"async\" src=\"https:\/\/www.secom.mt.gov.br\/documents\/d\/mt\/campso-de-julio-3-casas-jpeg?imageThumbnail=3\" alt=\"\" height=\"266\" \/><\/picture><figcaption><sup><strong>Foto:\u00a0<\/strong>Christiano Antonucci\/Secom-MT<\/sup><\/figcaption><\/figure>\n<p>O deputado estadual Valmir Moretto ressaltou que o SER Fam\u00edlia Habita\u00e7\u00e3o tem devolvido o sonho \u00e0s fam\u00edlias. &#8220;\u00c9 muito bom ver essas fam\u00edlias felizes e realizadas. Sei que muitos sonhavam e, \u00e0s vezes, nem acreditavam que pudessem ter a casa pr\u00f3pria. Mas podem acreditar e confiar que o Governo e a Assembleia Legislativa v\u00e3o trabalhar s\u00e9rio para mais entregas como essas&#8221;, disse.<\/p>\n<p><strong>Mais investimentos<\/strong><\/p>\n<p>Antes da entrega das casas, o governador Mauro Mendes assinou ainda a autoriza\u00e7\u00e3o para novos conv\u00eanios com a Prefeitura de Campos de J\u00falio, que permitir\u00e3o o asfaltamento de 12 km da MT-388, com previs\u00e3o de R$ 19,2 milh\u00f5es em recursos do Estado, al\u00e9m da constru\u00e7\u00e3o de um gin\u00e1sio poliesportivo no munic\u00edpio. Este \u00faltimo deve receber investimento de cerca de R$ 6 milh\u00f5es dos cofres do Estado.<\/p>\n<p>Tamb\u00e9m acompanharam a agenda os secret\u00e1rios Klebson Gomes (Assist\u00eancia Social e Cidadania) e Vitor Hugo Bruzulato (Justi\u00e7a) e o comandante-geral da PM, coronel Fernando Tinoco.<\/p>\n<figure class=\"image\"><picture data-fileentryid=\"75214764\"><source srcset=\"\/o\/adaptive-media\/image\/75214764\/Thumbnail-1024x1024\/Campos+de+J%C3%BAlio+2.jpeg?t=1760810021092\" media=\"(max-width:1024px)\" \/><img decoding=\"async\" src=\"https:\/\/www.secom.mt.gov.br\/documents\/d\/mt\/campos-de-julio-2-jpeg?imageThumbnail=3\" alt=\"\" height=\"266\" \/><\/picture><figcaption><sup><strong>Foto:\u00a0<\/strong>Christiano Antonucci\/Secom-MT<\/sup><\/figcaption><\/figure>\n<\/div>\n<\/div>\n<\/div>\n<\/div>\n<\/div>\n<\/div>\n<\/div>\n<div><\/div>\n<\/div>\n<\/section>\n<div class=\"container-fluid\"><\/div>\n<\/div>\n","protected":false},"excerpt":{"rendered":"<p>Governador Mauro Mendes e primeira-dama Virginia Mendes cumpriram agenda no munic\u00edpio na manh\u00e3 deste s\u00e1bado<\/p>\n","protected":false},"author":2,"featured_media":67772,"comment_status":"open","ping_status":"open","sticky":false,"template":"","format":"standard","meta":{"footnotes":""},"categories":[13,2],"tags":[1740],"aioseo_notices":[],"_links":{"self":[{"href":"https:\/\/portalnewsgta.com.br\/index.php\/wp-json\/wp\/v2\/posts\/67771"}],"collection":[{"href":"https:\/\/portalnewsgta.com.br\/index.php\/wp-json\/wp\/v2\/posts"}],"about":[{"href":"https:\/\/portalnewsgta.com.br\/index.php\/wp-json\/wp\/v2\/types\/post"}],"author":[{"embeddable":true,"href":"https:\/\/portalnewsgta.com.br\/index.php\/wp-json\/wp\/v2\/users\/2"}],"replies":[{"embeddable":true,"href":"https:\/\/portalnewsgta.com.br\/index.php\/wp-json\/wp\/v2\/comments?post=67771"}],"version-history":[{"count":1,"href":"https:\/\/portalnewsgta.com.br\/index.php\/wp-json\/wp\/v2\/posts\/67771\/revisions"}],"predecessor-version":[{"id":67773,"href":"https:\/\/portalnewsgta.com.br\/index.php\/wp-json\/wp\/v2\/posts\/67771\/revisions\/67773"}],"wp:featuredmedia":[{"embeddable":true,"href":"https:\/\/portalnewsgta.com.br\/index.php\/wp-json\/wp\/v2\/media\/67772"}],"wp:attachment":[{"href":"https:\/\/portalnewsgta.com.br\/index.php\/wp-json\/wp\/v2\/media?parent=67771"}],"wp:term":[{"taxonomy":"category","embeddable":true,"href":"https:\/\/portalnewsgta.com.br\/index.php\/wp-json\/wp\/v2\/categories?post=67771"},{"taxonomy":"post_tag","embeddable":true,"href":"https:\/\/portalnewsgta.com.br\/index.php\/wp-json\/wp\/v2\/tags?post=67771"}],"curies":[{"name":"wp","href":"https:\/\/api.w.org\/{rel}","templated":true}]}}