{"id":67573,"date":"2025-10-16T09:17:09","date_gmt":"2025-10-16T12:17:09","guid":{"rendered":"https:\/\/portalnewsgta.com.br\/?p=67573"},"modified":"2025-10-16T09:17:09","modified_gmt":"2025-10-16T12:17:09","slug":"gestao-municipal-de-colider-celebra-com-profissionais-da-educacao-a-premiacao-do-alfabetiza-mt","status":"publish","type":"post","link":"https:\/\/portalnewsgta.com.br\/index.php\/2025\/10\/16\/gestao-municipal-de-colider-celebra-com-profissionais-da-educacao-a-premiacao-do-alfabetiza-mt\/","title":{"rendered":"Gest\u00e3o municipal de Col\u00edder celebra com profissionais da Educa\u00e7\u00e3o a premia\u00e7\u00e3o do Alfabetiza MT"},"content":{"rendered":"<p>Por: Reda\u00e7\u00e3o Nort\u00e3o Online<\/p>\n<p><main class=\"v-main\" data-booted=\"true\"><\/p>\n<div class=\"v-main__wrap\">\n<div class=\"page-template\" data-v-70493042=\"\">\n<div class=\"container py-4 py-lg-8\">\n<div class=\"article-custom-view_main\" data-v-70493042=\"\">\n<div class=\"article-custom-view_content\" data-v-70493042=\"\">\n<figure class=\"mb-2\" data-v-70493042=\"\"><figcaption class=\"text-body-2 font-weight-bold grey--text text--darken-2\" data-v-70493042=\"\">Foto por: Assessoria<\/figcaption><\/figure>\n<div class=\"ck-content font-weight-medium mb-4\" data-v-70493042=\"\">\n<p>Col\u00edder foi reconhecida na 4\u00aa edi\u00e7\u00e3o do\u00a0Pr\u00eamio Alfabetiza MT, que premia as 100 escolas p\u00fablicas com melhores resultados em alfabetiza\u00e7\u00e3o no estado. Entre as 50 melhores do Mato Grosso,\u00a0duas escolas municipais se destacaram: a\u00a0Escola Municipal S\u00e3o Mateus, em 47\u00ba lugar, e a\u00a0Escola Municipal F\u00e1bio Ribeiro da Cruz, em 48\u00ba lugar.<\/p>\n<p>Uma solenidade foi realizada nesta semana, no Centro de Eventos, com a presen\u00e7a do\u00a0Prefeito Rodrigo Luiz Benassi, do\u00a0Secret\u00e1rio de Educa\u00e7\u00e3o Adriano Camilo\u00a0e de profissionais da educa\u00e7\u00e3o do munic\u00edpio, que celebraram o trabalho conjunto de\u00a0gestores, professores e estudantes, respons\u00e1veis pelo excelente desempenho das escolas.<\/p>\n<p>O prefeito Rodrigo Benassi destacou que a premia\u00e7\u00e3o valoriza os profissionais e estudantes que, com dedica\u00e7\u00e3o, planejamento e metodologias eficazes, contribuem para a\u00a0alfabetiza\u00e7\u00e3o na idade certa. Segundo ele, a\u00e7\u00f5es como essa refor\u00e7am o compromisso do munic\u00edpio com a educa\u00e7\u00e3o de qualidade e incentivam a continuidade de pr\u00e1ticas pedag\u00f3gicas bem-sucedidas.<\/p>\n<p>O secret\u00e1rio de Educa\u00e7\u00e3o, Adriano Camilo, destacou ao Nort\u00e3o Online que essa conquista \u00e9 resultado do trabalho comprometido e da parceria entre escola e fam\u00edlia, que, unidas, apresentam resultados expressivos na aprendizagem dos estudantes.<\/p>\n<p>\u201cA gest\u00e3o municipal parabeniza a todos por esse excelente desempenho e reafirma o compromisso de continuar investindo na educa\u00e7\u00e3o, valorizando os profissionais e fortalecendo a rela\u00e7\u00e3o entre escola, fam\u00edlia e comunidade\u201d, pontuou ele.<\/p>\n<figure class=\"image\"><img decoding=\"async\" src=\"https:\/\/admin.nortaoonline.com\/upload\/9\/36178\/68f0da45f5b477e7e1.jpeg\" \/><\/figure>\n<\/div>\n<\/div>\n<div class=\"banner-widget banner-widget--col\" data-v-70493042=\"\">\n<div><\/div>\n<\/div>\n<\/div>\n<\/div>\n<\/div>\n<\/div>\n<p><\/main><\/p>\n<footer class=\"footer\" data-v-31a56a09=\"\">\n<div class=\"v-sheet theme--light primary\" data-v-31a56a09=\"\">\n<div class=\"container main py-4 py-md-8\" data-v-31a56a09=\"\"><\/div>\n<\/div>\n<\/footer>\n","protected":false},"excerpt":{"rendered":"<p>Por: Reda\u00e7\u00e3o Nort\u00e3o Online Foto por: Assessoria Col\u00edder foi reconhecida na 4\u00aa edi\u00e7\u00e3o do\u00a0Pr\u00eamio Alfabetiza<\/p>\n","protected":false},"author":2,"featured_media":67574,"comment_status":"open","ping_status":"open","sticky":false,"template":"","format":"standard","meta":{"footnotes":""},"categories":[7,13],"tags":[],"aioseo_notices":[],"_links":{"self":[{"href":"https:\/\/portalnewsgta.com.br\/index.php\/wp-json\/wp\/v2\/posts\/67573"}],"collection":[{"href":"https:\/\/portalnewsgta.com.br\/index.php\/wp-json\/wp\/v2\/posts"}],"about":[{"href":"https:\/\/portalnewsgta.com.br\/index.php\/wp-json\/wp\/v2\/types\/post"}],"author":[{"embeddable":true,"href":"https:\/\/portalnewsgta.com.br\/index.php\/wp-json\/wp\/v2\/users\/2"}],"replies":[{"embeddable":true,"href":"https:\/\/portalnewsgta.com.br\/index.php\/wp-json\/wp\/v2\/comments?post=67573"}],"version-history":[{"count":1,"href":"https:\/\/portalnewsgta.com.br\/index.php\/wp-json\/wp\/v2\/posts\/67573\/revisions"}],"predecessor-version":[{"id":67575,"href":"https:\/\/portalnewsgta.com.br\/index.php\/wp-json\/wp\/v2\/posts\/67573\/revisions\/67575"}],"wp:featuredmedia":[{"embeddable":true,"href":"https:\/\/portalnewsgta.com.br\/index.php\/wp-json\/wp\/v2\/media\/67574"}],"wp:attachment":[{"href":"https:\/\/portalnewsgta.com.br\/index.php\/wp-json\/wp\/v2\/media?parent=67573"}],"wp:term":[{"taxonomy":"category","embeddable":true,"href":"https:\/\/portalnewsgta.com.br\/index.php\/wp-json\/wp\/v2\/categories?post=67573"},{"taxonomy":"post_tag","embeddable":true,"href":"https:\/\/portalnewsgta.com.br\/index.php\/wp-json\/wp\/v2\/tags?post=67573"}],"curies":[{"name":"wp","href":"https:\/\/api.w.org\/{rel}","templated":true}]}}