{"id":67542,"date":"2025-10-16T09:00:19","date_gmt":"2025-10-16T12:00:19","guid":{"rendered":"https:\/\/portalnewsgta.com.br\/?p=67542"},"modified":"2025-10-16T09:00:31","modified_gmt":"2025-10-16T12:00:31","slug":"acao-da-forca-tatica-termina-com-dois-mortos-em-rodovia-de-mt","status":"publish","type":"post","link":"https:\/\/portalnewsgta.com.br\/index.php\/2025\/10\/16\/acao-da-forca-tatica-termina-com-dois-mortos-em-rodovia-de-mt\/","title":{"rendered":"A\u00e7\u00e3o da For\u00e7a T\u00e1tica termina com dois mortos em rodovia de MT"},"content":{"rendered":"<p>armados e com drogas<\/p>\n<div class=\"col-xs-12 col-sm-12 col-md-12 col-lg-12 mb10\">\n<div class=\"row\">\n<div class=\"col-xs-12 col-sm-12 col-md-12 col-lg-12 mb15\">\n<div class=\"row\">\n<div class=\"col-xs-12 col-sm-11 col-md-11 col-lg-11 autorer\">\n<p><span class=\"autores_fontes_nome\">Yuri Ramires<\/span><\/p>\n<p class=\"autores_fontes_email\">yuri@gazetadigital.com.br<\/p>\n<\/div>\n<\/div>\n<\/div>\n<\/div>\n<\/div>\n<div class=\"col-xs-12 col-sm-12 col-md-12 col-lg-12 mb30\">\n<p class=\"credito-1\">Reprodu\u00e7\u00e3o\/PowerMix<\/p>\n<p><span class=\"img-conteudo pull-left\"><a href=\"https:\/\/www.gazetadigital.com.br\/storage\/webdisco\/2025\/10\/16\/1200x900\/4eb3e267114f5ef6da904ad6639c137d.png\" data-fancybox=\"gallery\" data-caption=\"Reprodu\u00e7\u00e3o\/PowerMix\"><img decoding=\"async\" src=\"https:\/\/www.gazetadigital.com.br\/storage\/webdisco\/2025\/10\/16\/431x285\/4eb3e267114f5ef6da904ad6639c137d.png\" alt=\"Reprodu\u00e7\u00e3o\/PowerMix\" \/><\/a><\/span><\/p>\n<div id=\"text-content\" class=\"mb20\">\n<p>Jeov\u00e1 Adrian da Silva Campos, 22, e Diego da Concei\u00e7\u00e3o Semeler, 23, morreram em uma a\u00e7\u00e3o da Pol\u00edcia Militar, na zona rural entre Nova Mutum e S\u00e3o Jos\u00e9 do Rio Claro, na tarde de quarta-feira (15). Eles estavam armados e teriam reagido durante uma abordagem. Pol\u00edcia apreendeu armas e por\u00e7\u00f5es de drogas.<\/p>\n<p>&nbsp;<\/p>\n<p>Conforme as informa\u00e7\u00f5es apuradas pelo\u00a0<img decoding=\"async\" class=\"content-logo-thumb\" src=\"https:\/\/www.gazetadigital.com.br\/images\/logo-thumb.png\" \/>, por volta das 16h35, equipe da For\u00e7a T\u00e1tica estava em opera\u00e7\u00e3o na MT-249, ponto constante de roubos de ve\u00edculos, cargas e rota para traficantes.<\/p>\n<p>&nbsp;<\/p>\n<p>Em determinado momento, depois da ponte do rio Arinos, foi poss\u00edvel flagrar um ve\u00edculo \u00d4nix vermelho em alta velocidade. Foi realizado o acompanhamento e sinais sonoros e luminosos foram emitidos para o carro parar.<\/p>\n<p>&nbsp;<\/p>\n<p>Por\u00e9m, o motorista continuou em fuga. Em determinado ponto da rodovia, o motorista parou o carro e desceu com uma arma em punhos. J\u00e1 o outro ocupante desceu sacando um rev\u00f3lver.<\/p>\n<p>&nbsp;<\/p>\n<p>Diante dos fatos, os policiais atiraram contra os suspeitos, que foram baleados. Com sinais vitais, foram socorridos pela equipe e encaminhados para o Pronto-Socorro de Nova Mutum, mas n\u00e3o resistiram aos ferimentos e morreram.<\/p>\n<p>&nbsp;<\/p>\n<p>Cena foi isolada na rodovia at\u00e9 a chegada da Per\u00edcia Oficial (Politec). Uma sacola com drogas foi encontrada no porta-malas do ve\u00edculo. As armas de fogo usadas pela dupla tamb\u00e9m foram apreendidas.<\/p>\n<\/div>\n<\/div>\n","protected":false},"excerpt":{"rendered":"<p>armados e com drogas Yuri Ramires yuri@gazetadigital.com.br Reprodu\u00e7\u00e3o\/PowerMix Jeov\u00e1 Adrian da Silva Campos, 22, e<\/p>\n","protected":false},"author":2,"featured_media":67543,"comment_status":"open","ping_status":"open","sticky":false,"template":"","format":"standard","meta":{"footnotes":""},"categories":[13,8],"tags":[1708],"aioseo_notices":[],"_links":{"self":[{"href":"https:\/\/portalnewsgta.com.br\/index.php\/wp-json\/wp\/v2\/posts\/67542"}],"collection":[{"href":"https:\/\/portalnewsgta.com.br\/index.php\/wp-json\/wp\/v2\/posts"}],"about":[{"href":"https:\/\/portalnewsgta.com.br\/index.php\/wp-json\/wp\/v2\/types\/post"}],"author":[{"embeddable":true,"href":"https:\/\/portalnewsgta.com.br\/index.php\/wp-json\/wp\/v2\/users\/2"}],"replies":[{"embeddable":true,"href":"https:\/\/portalnewsgta.com.br\/index.php\/wp-json\/wp\/v2\/comments?post=67542"}],"version-history":[{"count":2,"href":"https:\/\/portalnewsgta.com.br\/index.php\/wp-json\/wp\/v2\/posts\/67542\/revisions"}],"predecessor-version":[{"id":67545,"href":"https:\/\/portalnewsgta.com.br\/index.php\/wp-json\/wp\/v2\/posts\/67542\/revisions\/67545"}],"wp:featuredmedia":[{"embeddable":true,"href":"https:\/\/portalnewsgta.com.br\/index.php\/wp-json\/wp\/v2\/media\/67543"}],"wp:attachment":[{"href":"https:\/\/portalnewsgta.com.br\/index.php\/wp-json\/wp\/v2\/media?parent=67542"}],"wp:term":[{"taxonomy":"category","embeddable":true,"href":"https:\/\/portalnewsgta.com.br\/index.php\/wp-json\/wp\/v2\/categories?post=67542"},{"taxonomy":"post_tag","embeddable":true,"href":"https:\/\/portalnewsgta.com.br\/index.php\/wp-json\/wp\/v2\/tags?post=67542"}],"curies":[{"name":"wp","href":"https:\/\/api.w.org\/{rel}","templated":true}]}}