{"id":67539,"date":"2025-10-16T08:55:13","date_gmt":"2025-10-16T11:55:13","guid":{"rendered":"https:\/\/portalnewsgta.com.br\/?p=67539"},"modified":"2025-10-16T08:57:37","modified_gmt":"2025-10-16T11:57:37","slug":"policia-prende-faccionado-que-liderava-trafico-em-bairros-de-vg","status":"publish","type":"post","link":"https:\/\/portalnewsgta.com.br\/index.php\/2025\/10\/16\/policia-prende-faccionado-que-liderava-trafico-em-bairros-de-vg\/","title":{"rendered":"Pol\u00edcia prende faccionado que liderava tr\u00e1fico em bairros de VG"},"content":{"rendered":"<h3>Investiga\u00e7\u00f5es iniciaram ap\u00f3s a pris\u00e3o de um suspeito, no ano de 2022, que ocupava uma posi\u00e7\u00e3o de lideran\u00e7a do grupo criminoso<\/h3>\n<section>\n<div class=\"FullLine\">\n<div class=\"conteudo_foto\">\n<div class=\"imgcontent\">\n<p class=\"credito_foto\">PJC-MT<\/p>\n<p><a href=\"https:\/\/www.midianews.com.br\/\/storage\/webdisco\/2025\/10\/16\/886x590\/1f0c1646ff294913d5702b40dc6e17f6.jpg\" rel=\"lightbox\" data-title=\"Agentes da Denarc durante cumprimento de mandado em VG \"><img loading=\"lazy\" decoding=\"async\" id=\"img_conteudo\" class=\"img-responsive\" src=\"https:\/\/www.midianews.com.br\/\/storage\/webdisco\/2025\/10\/16\/438x291\/1f0c1646ff294913d5702b40dc6e17f6.jpg\" alt=\"Agentes da Denarc durante cumprimento de mandado em VG \" width=\"438\" height=\"292\" border=\"0\" \/><\/a><\/p>\n<p class=\"descricao_foto\">Agentes da Denarc durante cumprimento de mandado em VG<\/p>\n<\/div>\n<\/div>\n<div class=\"Font14Bold\">DA REDA\u00c7\u00c3O<\/div>\n<div id=\"texto\" class=\"texto\">\n<p>A Pol\u00edcia Civil de Mato Grosso, por meio da Delegacia Especializada de Repress\u00e3o a Narc\u00f3ticos (Denarc), deflagrou nesta quinta-feira (16) a Opera\u00e7\u00e3o Opaco, para cumprimento de ordens judiciais com foco na desarticula\u00e7\u00e3o n\u00facleos operacionais de uma fac\u00e7\u00e3o criminosa na cidade de V\u00e1rzea Grande.<\/p>\n<p>&nbsp;<\/p>\n<p>Na opera\u00e7\u00e3o, s\u00e3o cumpridas cinco ordens judiciais, sendo um mandado de pris\u00e3o preventiva e quatro mandados de busca e apreens\u00e3o domiciliar, expedidos pelo Juizo 4.0 de Garantias da Capital, ap\u00f3s manifesta\u00e7\u00e3o do Grupo de Atua\u00e7\u00e3o Especial de Combate ao Crime Organizado (Gaeco), baseadas nas investiga\u00e7\u00f5es da Pol\u00edcia Civil.<\/p>\n<p>&nbsp;<\/p>\n<p>A opera\u00e7\u00e3o decorre do aprofundamento de uma pris\u00e3o realizada pela Denarc, no ano de 2022 durante\u00a0 cumprimento de mandado de busca e apreens\u00e3o no qual foram localizados entorpecentes (maconha e coca\u00edna), cadernos com anota\u00e7\u00f5es do tr\u00e1fico, balan\u00e7a de precis\u00e3o e expressiva quantidade de cestas b\u00e1sicas, distribu\u00eddas a familiares de faccionados presos.<\/p>\n<p>&nbsp;<\/p>\n<p>O criminoso preso na ocasi\u00e3o foi condenado por tr\u00e1fico de drogas pela\u00a0 3\u00aa Vara Criminal de V\u00e1rzea Grande, e, com o avan\u00e7o das investiga\u00e7\u00f5es, foram levantadas evid\u00eancias de que a sua atua\u00e7\u00e3o ia al\u00e9m do tr\u00e1fico isolado, descortinando um grupo criminoso estruturado, com divis\u00e3o de fun\u00e7\u00f5es e atua\u00e7\u00e3o voltada \u00e0 pr\u00e1tica reiterada de crimes.<\/p>\n<div id=\"taboola-mid-article-thumbnails\" class=\"trc_related_container tbl-trecs-container trc_spotlight_widget trc_elastic trc_elastic_alternating-thumbnails-a-mid-article\" data-placement-name=\"Mid Article Thumbnails\">\n<div class=\"trc_rbox_container\">\n<div>\n<div id=\"trc_wrapper_5170813688\" class=\"trc_rbox alternating-thumbnails-a-mid-article trc-content-hybrid\">\n<div id=\"trc_header_5170813688\" class=\"trc_rbox_header trc_rbox_border_elm\">\n<div class=\"trc_header_ext\"><\/div>\n<\/div>\n<\/div>\n<\/div>\n<\/div>\n<\/div>\n<p>&nbsp;<\/p>\n<p>As investiga\u00e7\u00f5es revelaram que o investigado ocupava posi\u00e7\u00e3o de lideran\u00e7a dentro da fac\u00e7\u00e3o criminosa, exercendo atividades como cobran\u00e7as de d\u00edvidas com amea\u00e7as, media\u00e7\u00e3o de conflitos internos, aplica\u00e7\u00e3o de san\u00e7\u00f5es a outros membros, e coordena\u00e7\u00e3o da log\u00edstica de distribui\u00e7\u00e3o de benef\u00edcios.<\/p>\n<p>&nbsp;<\/p>\n<p>Mesmo condenado por tr\u00e1fico de drogas, o investigado foi colocado em liberdade condicional e buscava manter-se em evid\u00eancia na estrutura criminosa.<\/p>\n<p>&nbsp;<\/p>\n<p>O delegado titular da Denarc, Wilson Cibulskis J\u00fanior, refor\u00e7a que den\u00fancias an\u00f4nimas s\u00e3o fundamentais para a continuidade do trabalho de combate ao tr\u00e1fico de drogas e ao crime organizado no Estado.<\/p>\n<p>&nbsp;<\/p>\n<p>\u201cInforma\u00e7\u00f5es podem ser passadas anonimamente por meio dos disque-den\u00fancias da Pol\u00edcia Civil, nos n\u00fameros 197 e 181, auxiliando o trabalho da Pol\u00edcia no combate \u00e0 criminalidade na regi\u00e3o metropolitana e no interior do estado.<\/p>\n<p>&nbsp;<\/p>\n<p><strong>Opera\u00e7\u00e3o Opaco<\/strong><\/p>\n<p>&nbsp;<\/p>\n<p>O nome da opera\u00e7\u00e3o faz alus\u00e3o direta a um dos principais alvos da investiga\u00e7\u00e3o, cujo prenome remete simbolicamente \u00e0 ideia de brilho e destaque.<\/p>\n<p>&nbsp;<\/p>\n<p>A denomina\u00e7\u00e3o da opera\u00e7\u00e3o reflete o objetivo policial de ofuscar sua influ\u00eancia, interrompendo sua atua\u00e7\u00e3o il\u00edcita e devolvendo opacidade \u00e0 figura que atuava nas sombras do crime organizado.<\/p>\n<p>&nbsp;<\/p>\n<p>&nbsp;<\/p>\n<div class=\"texto-extra\">\n<p><strong>Entre no grupo do MidiaNews no WhatsApp e receba not\u00edcias em tempo real (<a href=\"https:\/\/chat.whatsapp.com\/FVr93BTJZebEaf7UN3KRid\" target=\"_blank\" rel=\"noopener noreferrer\">CLIQUE AQUI<\/a>).<\/strong><\/p>\n<\/div>\n<\/div>\n<\/div>\n<\/section>\n<section>\n<div class=\"FullLine\">\n<div id=\"BarMultimidia\">\n<div class=\"row\">\n<div class=\"col-sm-12\">\n<div class=\"secao-borda\">\n<div class=\"titulo-vermalho\">GALERIA DE FOTOS<\/div>\n<\/div>\n<\/div>\n<\/div>\n<div class=\"row\">\n<div id=\"main-galeria\" class=\"royalSlider rsDefault rsHor rsWithBullets\">\n<div class=\"rsOverflow grab-cursor\">\n<div class=\"rsContainer\">\n<div class=\"rsSlide \">\n<article class=\"rsContent\">\n<div id=\"credito\">PJC-MT<\/div>\n<div class=\"col-xs-12\">\n<h3>Opera\u00e7\u00e3o Opaco<\/h3>\n<\/div>\n<div class=\"col-xs-12\"><img decoding=\"async\" class=\"rsImg rsMainSlideImage\" src=\"https:\/\/www.midianews.com.br\/\/storage\/webdisco\/2025\/10\/16\/886x590\/1f0c1646ff294913d5702b40dc6e17f6.jpg\" alt=\"\" width=\"100%\" \/><\/div>\n<\/article>\n<\/div>\n<div class=\"rsSlide \">\n<article class=\"rsContent\">\n<div id=\"credito\">PJC-MT<\/div>\n<div class=\"col-xs-12\">\n<h3>Opera\u00e7\u00e3o Opaco<\/h3>\n<\/div>\n<div class=\"col-xs-12\"><img decoding=\"async\" class=\"rsImg rsMainSlideImage\" src=\"https:\/\/www.midianews.com.br\/\/storage\/webdisco\/2025\/10\/16\/886x590\/23c95ac17cb829d407be8cdd437b16e1.jpg\" alt=\"\" width=\"100%\" \/><\/div>\n<\/article>\n<\/div>\n<\/div>\n<div class=\"rsArrow rsArrowLeft rsHidden\">\n<div class=\"rsArrowIcn\"><\/div>\n<\/div>\n<div class=\"rsArrow rsArrowRight rsHidden\">\n<div class=\"rsArrowIcn\"><\/div>\n<\/div>\n<\/div>\n<\/div>\n<\/div>\n<\/div>\n<\/div>\n<\/section>\n<div class=\"row\">\n<div class=\"col-sm-12\">\n<hr \/>\n<\/div>\n<\/div>\n<div class=\"row\">\n<div class=\"col-sm-12\">\n<div class=\"botoes-top relativo\">\n<div class=\"socialaaa\">\n<div class=\"sc-btn sc--facebook caixa_azul\"><\/div>\n<\/div>\n<div class=\"socialaaa twitterb\">\n<div class=\"sc-btn sc--twitter caixa_azulb\"><\/div>\n<\/div>\n<div class=\"socialaaa waths\">\n<div class=\"sc-btn sc--twitter caixa_azulb\"><\/div>\n<\/div>\n<\/div>\n<\/div>\n<\/div>\n","protected":false},"excerpt":{"rendered":"<p>Investiga\u00e7\u00f5es iniciaram ap\u00f3s a pris\u00e3o de um suspeito, no ano de 2022, que ocupava uma<\/p>\n","protected":false},"author":2,"featured_media":67540,"comment_status":"open","ping_status":"open","sticky":false,"template":"","format":"standard","meta":{"footnotes":""},"categories":[13,8],"tags":[1707],"aioseo_notices":[],"_links":{"self":[{"href":"https:\/\/portalnewsgta.com.br\/index.php\/wp-json\/wp\/v2\/posts\/67539"}],"collection":[{"href":"https:\/\/portalnewsgta.com.br\/index.php\/wp-json\/wp\/v2\/posts"}],"about":[{"href":"https:\/\/portalnewsgta.com.br\/index.php\/wp-json\/wp\/v2\/types\/post"}],"author":[{"embeddable":true,"href":"https:\/\/portalnewsgta.com.br\/index.php\/wp-json\/wp\/v2\/users\/2"}],"replies":[{"embeddable":true,"href":"https:\/\/portalnewsgta.com.br\/index.php\/wp-json\/wp\/v2\/comments?post=67539"}],"version-history":[{"count":1,"href":"https:\/\/portalnewsgta.com.br\/index.php\/wp-json\/wp\/v2\/posts\/67539\/revisions"}],"predecessor-version":[{"id":67541,"href":"https:\/\/portalnewsgta.com.br\/index.php\/wp-json\/wp\/v2\/posts\/67539\/revisions\/67541"}],"wp:featuredmedia":[{"embeddable":true,"href":"https:\/\/portalnewsgta.com.br\/index.php\/wp-json\/wp\/v2\/media\/67540"}],"wp:attachment":[{"href":"https:\/\/portalnewsgta.com.br\/index.php\/wp-json\/wp\/v2\/media?parent=67539"}],"wp:term":[{"taxonomy":"category","embeddable":true,"href":"https:\/\/portalnewsgta.com.br\/index.php\/wp-json\/wp\/v2\/categories?post=67539"},{"taxonomy":"post_tag","embeddable":true,"href":"https:\/\/portalnewsgta.com.br\/index.php\/wp-json\/wp\/v2\/tags?post=67539"}],"curies":[{"name":"wp","href":"https:\/\/api.w.org\/{rel}","templated":true}]}}