{"id":67528,"date":"2025-10-16T08:49:51","date_gmt":"2025-10-16T11:49:51","guid":{"rendered":"https:\/\/portalnewsgta.com.br\/?p=67528"},"modified":"2025-10-16T08:49:51","modified_gmt":"2025-10-16T11:49:51","slug":"governo-do-estado-anuncia-a-brb-stock-car-no-moderno-autodromo-de-mt","status":"publish","type":"post","link":"https:\/\/portalnewsgta.com.br\/index.php\/2025\/10\/16\/governo-do-estado-anuncia-a-brb-stock-car-no-moderno-autodromo-de-mt\/","title":{"rendered":"Governo do Estado anuncia a BRB Stock Car no moderno aut\u00f3dromo de MT"},"content":{"rendered":"<h2 class=\"subtitulo mb-1\">A mais nova pista do Brasil ser\u00e1 inaugurada com a 10\u00aa etapa da principal categoria do pa\u00eds<\/h2>\n<div class=\"autor mb-1\">Assessorias Stock Car e Secom-MT<\/div>\n<div><\/div>\n<div>\n<div class=\"container-fluid pt-4 pb-4\">\n<div class=\"container\">\n<div class=\"row text-center legenda_foto mt-2\">\n<div class=\"col-12\"><b>Cr\u00e9dito &#8211;\u00a0<\/b>Tonico Pinheiro\/Secom-MT<\/div>\n<\/div>\n<\/div>\n<\/div>\n<div class=\"container mt-5\">\n<div class=\"row justify-content-md-center\">\n<div class=\"col-sm-11 conteudo\">\n<p>O governador de Mato Grosso, Mauro Mendes, anunciou que a BRB Stock Car Pro Series ser\u00e1 a principal atra\u00e7\u00e3o do evento inaugural da pista do Aut\u00f3dromo Internacional de Mato Grosso \u2013 um complexo esportivo moderno, projetado para sediar competi\u00e7\u00f5es nacionais e internacionais. O an\u00fancio, que aconteceu na tarde desta quarta-feira (15.10), em Cuiab\u00e1, contou com a presen\u00e7a do CEO da Vicar, Lincoln Oliveira. A empresa \u00e9 maior promotora do esporte a motor na Am\u00e9rica Latina, respons\u00e1vel pela Stock Car e outros quatro dos principais campeonatos do continente.<\/p>\n<p>A inaugura\u00e7\u00e3o da pista localizada na capital mato-grossense est\u00e1 marcada para 13 e 15 de novembro. No encontro desta quarta-feira tamb\u00e9m foram confirmadas provas do campeonato continental TCR South America Banco BRB e da Turismo Nacional \u2013 categoria de forma\u00e7\u00e3o de novos pilotos que sonham em chegar \u00e0 Stock Car. Os dois campeonatos tamb\u00e9m s\u00e3o geridos pela Vicar.<\/p>\n<p>&#8220;Mato Grosso passa agora a integrar a rota da modalidade mais popular do automobilismo brasileiro. E pela primeira vez, a corrida vai acontecer no per\u00edodo noturno, inaugurando essa nova etapa de corridas no Brasil. Estamos muito orgulhosos dessa conquista e de saber que a popula\u00e7\u00e3o vai poder assistir, gratuitamente, esse grande espet\u00e1culo, agora no m\u00eas de novembro&#8221;, afirmou o governador Mauro Mendes.<\/p>\n<p>\u201cPara n\u00f3s, da comunidade da BRB Stock Car, \u00e9 uma honra sermos escolhidos para inaugurar um projeto t\u00e3o importante para o esporte brasileiro. O n\u00edvel dos equipamentos e o conceito do projeto como um todo chamam a aten\u00e7\u00e3o pela vis\u00e3o empresarial e de futuro do esporte \u2013 exatamente como \u00e9 a filosofia que transformou a Stock em uma das principais categorias do mundo\u201d, disse\u00a0 Lincoln Oliveira. \u201cEsta nova pra\u00e7a \u00e9 um grande passo para o fortalecimento do automobilismo, mas tamb\u00e9m ser\u00e1 um importante polo gerador de empregos e recursos para o Mato Grosso \u2013 um benef\u00edcio que a Stock leva a todas as suas cidades parceiras ao longo da temporada\u201d, completou o executivo.<\/p>\n<p>\u201c\u00c9 uma grande alegria ver se transformar em realidade esse grande empreendimento que Mato Grosso oferece \u00e0 sua popula\u00e7\u00e3o e ao automobilismo brasileiro. S\u00f3 mesmo um governador de coragem, como Mauro Mendes, poderia pisar t\u00e3o fundo no acelerador e construir esse fenomenal Parque Novo Mato Grosso, com um dos melhores aut\u00f3dromos do Brasil\u201d, festejou Giovanni Guerra, presidente da Confedera\u00e7\u00e3o Brasileira de Automobilismo. \u201cJ\u00e1 estive no canteiro de obras v\u00e1rias vezes e sempre ficava mais entusiasmado ainda e agradecido a Deus pelo presente que estava prestes a ser oferecido para o nosso esporte. Essa aben\u00e7oada hora chegou e \u00e9 somente o ponto de partida para as coisas maravilhosas que acontecer\u00e3o no aut\u00f3dromo. Muito obrigado, governador\u201d, finalizou o presidente.<\/p>\n<picture data-fileentryid=\"75159026\"><source srcset=\"\/o\/adaptive-media\/image\/75159026\/Thumbnail-1024x1024\/mauro+stock+car+2.jpeg?t=1760562986464\" media=\"(max-width:1024px)\" \/><img decoding=\"async\" src=\"https:\/\/www.secom.mt.gov.br\/documents\/d\/mt\/mauro-stock-car-2-jpeg?imageThumbnail=3\" alt=\"\" height=\"266\" \/><\/picture>\nLocalizado no Parque Novo Mato Grosso, constru\u00eddo para ser o maior centro multieventos da Am\u00e9rica Latina, o tra\u00e7ado de Cuiab\u00e1 ser\u00e1 a 23a pista diferente a receber uma prova da BRB Stock Car Pro Series ao longo de 46 anos de hist\u00f3ria. At\u00e9 o momento, o Aut\u00f3dromo Victor Borrat Fabini, na cidade uruguaia de El Pinar, havia sido o \u00faltimo local in\u00e9dito a ser visitado pela categoria, em 2024.<\/p>\n<p>O tra\u00e7ado cuiabano foi projetado seguindo normas esportivas e de seguran\u00e7a da Federa\u00e7\u00e3o Internacional do Autom\u00f3vel (FIA) e Federa\u00e7\u00e3o Internacional de Motociclismo (FIA), as duas entidades mundiais do esporte a motor, atendendo assim tamb\u00e9m aos par\u00e2metros das Confedera\u00e7\u00f5es Brasileiras de Automobilismo e Motociclismo (CBA e CBM). Com 4.500 metros de extens\u00e3o no tra\u00e7ado misto e 2.800 no anel externo, a pista completa tem um total de 13 curvas: nove \u00e0 direita e quatro \u00e0 esquerda. A reta de largada\/chegada possui 670 metros, mas a maior \u00e9 a reta oposta, com 750.<\/p>\n<p>Tamb\u00e9m participaram do anuncio o deputado estadual Valmir Moretto, os secret\u00e1rios estaduais F\u00e1bio Garcia (Casa Civil), David Moura (Cultura, Esporte e Lazer) e Laice Souza (Comunica\u00e7\u00e3o), o presidente da MT Par, Wener Santos, o ex-deputado e ex-piloto de automobilismo, Reck J\u00fanior, al\u00e9m de representantes ligados a Vicar e autoridades pol\u00edticas.<\/p>\n<\/div>\n<\/div>\n<\/div>\n<\/div>\n","protected":false},"excerpt":{"rendered":"<p>A mais nova pista do Brasil ser\u00e1 inaugurada com a 10\u00aa etapa da principal categoria<\/p>\n","protected":false},"author":2,"featured_media":67531,"comment_status":"open","ping_status":"open","sticky":false,"template":"","format":"standard","meta":{"footnotes":""},"categories":[13,2],"tags":[555],"aioseo_notices":[],"_links":{"self":[{"href":"https:\/\/portalnewsgta.com.br\/index.php\/wp-json\/wp\/v2\/posts\/67528"}],"collection":[{"href":"https:\/\/portalnewsgta.com.br\/index.php\/wp-json\/wp\/v2\/posts"}],"about":[{"href":"https:\/\/portalnewsgta.com.br\/index.php\/wp-json\/wp\/v2\/types\/post"}],"author":[{"embeddable":true,"href":"https:\/\/portalnewsgta.com.br\/index.php\/wp-json\/wp\/v2\/users\/2"}],"replies":[{"embeddable":true,"href":"https:\/\/portalnewsgta.com.br\/index.php\/wp-json\/wp\/v2\/comments?post=67528"}],"version-history":[{"count":1,"href":"https:\/\/portalnewsgta.com.br\/index.php\/wp-json\/wp\/v2\/posts\/67528\/revisions"}],"predecessor-version":[{"id":67532,"href":"https:\/\/portalnewsgta.com.br\/index.php\/wp-json\/wp\/v2\/posts\/67528\/revisions\/67532"}],"wp:featuredmedia":[{"embeddable":true,"href":"https:\/\/portalnewsgta.com.br\/index.php\/wp-json\/wp\/v2\/media\/67531"}],"wp:attachment":[{"href":"https:\/\/portalnewsgta.com.br\/index.php\/wp-json\/wp\/v2\/media?parent=67528"}],"wp:term":[{"taxonomy":"category","embeddable":true,"href":"https:\/\/portalnewsgta.com.br\/index.php\/wp-json\/wp\/v2\/categories?post=67528"},{"taxonomy":"post_tag","embeddable":true,"href":"https:\/\/portalnewsgta.com.br\/index.php\/wp-json\/wp\/v2\/tags?post=67528"}],"curies":[{"name":"wp","href":"https:\/\/api.w.org\/{rel}","templated":true}]}}