{"id":67508,"date":"2025-10-15T19:42:36","date_gmt":"2025-10-15T22:42:36","guid":{"rendered":"https:\/\/portalnewsgta.com.br\/index.php\/2025\/10\/15\/ator-de-esqueceram-de-mim-e-internado-apos-emergencia-medica\/"},"modified":"2025-10-15T19:42:36","modified_gmt":"2025-10-15T22:42:36","slug":"ator-de-esqueceram-de-mim-e-internado-apos-emergencia-medica","status":"publish","type":"post","link":"https:\/\/portalnewsgta.com.br\/index.php\/2025\/10\/15\/ator-de-esqueceram-de-mim-e-internado-apos-emergencia-medica\/","title":{"rendered":"Ator de &#8216;Esqueceram de Mim&#8217; \u00e9 internado ap\u00f3s emerg\u00eancia m\u00e9dica"},"content":{"rendered":"<p>S\u00c3O PAULO, SP (UOL\/FOLHAPRESS) &#8211; Daniel Stern, 68, que viveu o ladr\u00e3o Marv em &#8220;Esqueceram de Mim&#8221;, foi hospitalizado no in\u00edcio do m\u00eas ap\u00f3s uma emer&#8230;<br \/>\n                 leia mais no Not\u00edcias ao Minuto Brasil <a href=\"https:\/\/www.noticiasaominuto.com.br\/fama\/2323900\/ator-de-esqueceram-de-mim-e-internado-apos-emergencia-medica?utm_source=rss-fama&amp;utm_medium=rss&amp;utm_campaign=rssfeed\">aqui<\/a>.<\/p>\n<p>Fonte: noticiasaominuto.com.br<\/p>\n","protected":false},"excerpt":{"rendered":"<p>S\u00c3O PAULO, SP (UOL\/FOLHAPRESS) &#8211; Daniel Stern, 68, que viveu o ladr\u00e3o Marv em &#8220;Esqueceram<\/p>\n","protected":false},"author":0,"featured_media":67509,"comment_status":"open","ping_status":"open","sticky":false,"template":"","format":"standard","meta":{"footnotes":""},"categories":[6],"tags":[],"aioseo_notices":[],"_links":{"self":[{"href":"https:\/\/portalnewsgta.com.br\/index.php\/wp-json\/wp\/v2\/posts\/67508"}],"collection":[{"href":"https:\/\/portalnewsgta.com.br\/index.php\/wp-json\/wp\/v2\/posts"}],"about":[{"href":"https:\/\/portalnewsgta.com.br\/index.php\/wp-json\/wp\/v2\/types\/post"}],"replies":[{"embeddable":true,"href":"https:\/\/portalnewsgta.com.br\/index.php\/wp-json\/wp\/v2\/comments?post=67508"}],"version-history":[{"count":0,"href":"https:\/\/portalnewsgta.com.br\/index.php\/wp-json\/wp\/v2\/posts\/67508\/revisions"}],"wp:featuredmedia":[{"embeddable":true,"href":"https:\/\/portalnewsgta.com.br\/index.php\/wp-json\/wp\/v2\/media\/67509"}],"wp:attachment":[{"href":"https:\/\/portalnewsgta.com.br\/index.php\/wp-json\/wp\/v2\/media?parent=67508"}],"wp:term":[{"taxonomy":"category","embeddable":true,"href":"https:\/\/portalnewsgta.com.br\/index.php\/wp-json\/wp\/v2\/categories?post=67508"},{"taxonomy":"post_tag","embeddable":true,"href":"https:\/\/portalnewsgta.com.br\/index.php\/wp-json\/wp\/v2\/tags?post=67508"}],"curies":[{"name":"wp","href":"https:\/\/api.w.org\/{rel}","templated":true}]}}