{"id":67471,"date":"2025-10-15T11:40:27","date_gmt":"2025-10-15T14:40:27","guid":{"rendered":"https:\/\/portalnewsgta.com.br\/?p=67471"},"modified":"2025-10-15T11:40:27","modified_gmt":"2025-10-15T14:40:27","slug":"tenente-coronel-pedro-miguel-assume-comando-da-policia-militar-em-colider","status":"publish","type":"post","link":"https:\/\/portalnewsgta.com.br\/index.php\/2025\/10\/15\/tenente-coronel-pedro-miguel-assume-comando-da-policia-militar-em-colider\/","title":{"rendered":"Tenente-coronel Pedro Miguel assume comando da Pol\u00edcia Militar em Col\u00edder"},"content":{"rendered":"<p>Por: Angela Foga\u00e7a\/Nort\u00e3o Online<\/p>\n<figure class=\"mb-2\" data-v-70493042=\"\"><figcaption class=\"text-body-2 font-weight-bold grey--text text--darken-2\" data-v-70493042=\"\">Foto por: Reprodu\u00e7\u00e3o<\/figcaption><\/figure>\n<div class=\"ck-content font-weight-medium mb-4\" data-v-70493042=\"\">\n<p>Realizada na manh\u00e3 desta quarta-feira (15), na C\u00e2mara Municipal de Col\u00edder, a solenidade de troca de comando da Pol\u00edcia Militar marcou a posse do tenente-coronel Pedro Miguel de Sousa, que passa a responder pelo comando da corpora\u00e7\u00e3o no munic\u00edpio. Ele substitui o major Leonel Avelino Corbellini, que esteve \u00e0 frente da unidade neste ano.<\/p>\n<p>Durante o evento, o novo comandante destacou o compromisso com a seguran\u00e7a p\u00fablica e o fortalecimento do trabalho j\u00e1 desenvolvido pelos policiais da regi\u00e3o.<\/p>\n<p>\u201cAssumir o comando em Col\u00edder \u00e9 um grande desafio e tamb\u00e9m uma honra. Encontramos aqui profissionais dedicados e queremos somar, aprimorando o policiamento e intensificando o combate \u00e0s fac\u00e7\u00f5es criminosas. Nosso objetivo \u00e9 garantir \u00e0 popula\u00e7\u00e3o um servi\u00e7o cada vez mais eficiente e pr\u00f3ximo da comunidade\u201d, afirmou o tenente-coronel Pedro Miguel.<\/p>\n<p>Ele tamb\u00e9m ressaltou a import\u00e2ncia da aproxima\u00e7\u00e3o entre a Pol\u00edcia Militar e a sociedade.<\/p>\n<p>\u201cQueremos que a popula\u00e7\u00e3o conhe\u00e7a o comandante, entenda nosso trabalho e seja parceira da PM. O apoio da sociedade \u00e9 fundamental para o enfrentamento da criminalidade\u201d, completou.<\/p>\n<p>O major Leonel Corbellini Neto, ao se despedir do comando, expressou gratid\u00e3o pelo per\u00edodo em que esteve \u00e0 frente da companhia.<\/p>\n<p>\u201cSou grato a todos os parceiros, autoridades e \u00e0 sociedade colidense, que sempre nos acolheu com respeito e confian\u00e7a. O trabalho realizado s\u00f3 foi poss\u00edvel gra\u00e7as ao empenho e comprometimento de todo o efetivo da Pol\u00edcia Militar\u201d, afirmou.<\/p>\n<p>O secret\u00e1rio de Estado de Seguran\u00e7a P\u00fablica, coronel C\u00e9sar Roveri, destacou a trajet\u00f3ria dos oficiais e o reconhecimento da comunidade.<\/p>\n<p>\u201c\u00c9 uma alegria ver a evolu\u00e7\u00e3o profissional de nossos comandantes e perceber o respeito que conquistam junto \u00e0 sociedade. Seguiremos fortalecendo as institui\u00e7\u00f5es e investindo na valoriza\u00e7\u00e3o da fam\u00edlia e da seguran\u00e7a p\u00fablica\u201d, disse.<\/p>\n<p>O presidente da C\u00e2mara Municipal, vereador Luciano Milani, tamb\u00e9m participou da solenidade e parabenizou o novo comandante.<\/p>\n<p>\u201c\u00c9 uma honra receber o tenente-coronel Pedro Miguel em Col\u00edder. Desejamos sucesso nessa nova miss\u00e3o e refor\u00e7amos que a C\u00e2mara est\u00e1 sempre de portas abertas para eventos e parcerias que fortale\u00e7am nossas institui\u00e7\u00f5es\u201d, ressaltou Milani.<\/p>\n<p>A cerim\u00f4nia contou com a presen\u00e7a de autoridades civis e militares, representantes de institui\u00e7\u00f5es e membros da comunidade colidense, que prestigiaram o momento de transi\u00e7\u00e3o e reafirmaram o apoio ao trabalho da Pol\u00edcia Militar no munic\u00edpio.<\/p>\n<figure class=\"image\"><img decoding=\"async\" src=\"https:\/\/admin.nortaoonline.com\/upload\/9\/36164\/68efaedb2efe073d87.jpg\" \/><\/figure>\n<figure class=\"image\"><img decoding=\"async\" src=\"https:\/\/admin.nortaoonline.com\/upload\/9\/36164\/68efaec1f2fd30ae89.jpg\" \/><\/figure>\n<\/div>\n<div class=\"font-weight-bold grey--text text--darken-2 mb-4\" data-v-70493042=\"\">Fonte: Angela Foga\u00e7a\/Nort\u00e3o Online<\/div>\n","protected":false},"excerpt":{"rendered":"<p>Por: Angela Foga\u00e7a\/Nort\u00e3o Online Foto por: Reprodu\u00e7\u00e3o Realizada na manh\u00e3 desta quarta-feira (15), na C\u00e2mara<\/p>\n","protected":false},"author":2,"featured_media":67472,"comment_status":"open","ping_status":"open","sticky":false,"template":"","format":"standard","meta":{"footnotes":""},"categories":[13,8],"tags":[],"aioseo_notices":[],"_links":{"self":[{"href":"https:\/\/portalnewsgta.com.br\/index.php\/wp-json\/wp\/v2\/posts\/67471"}],"collection":[{"href":"https:\/\/portalnewsgta.com.br\/index.php\/wp-json\/wp\/v2\/posts"}],"about":[{"href":"https:\/\/portalnewsgta.com.br\/index.php\/wp-json\/wp\/v2\/types\/post"}],"author":[{"embeddable":true,"href":"https:\/\/portalnewsgta.com.br\/index.php\/wp-json\/wp\/v2\/users\/2"}],"replies":[{"embeddable":true,"href":"https:\/\/portalnewsgta.com.br\/index.php\/wp-json\/wp\/v2\/comments?post=67471"}],"version-history":[{"count":1,"href":"https:\/\/portalnewsgta.com.br\/index.php\/wp-json\/wp\/v2\/posts\/67471\/revisions"}],"predecessor-version":[{"id":67473,"href":"https:\/\/portalnewsgta.com.br\/index.php\/wp-json\/wp\/v2\/posts\/67471\/revisions\/67473"}],"wp:featuredmedia":[{"embeddable":true,"href":"https:\/\/portalnewsgta.com.br\/index.php\/wp-json\/wp\/v2\/media\/67472"}],"wp:attachment":[{"href":"https:\/\/portalnewsgta.com.br\/index.php\/wp-json\/wp\/v2\/media?parent=67471"}],"wp:term":[{"taxonomy":"category","embeddable":true,"href":"https:\/\/portalnewsgta.com.br\/index.php\/wp-json\/wp\/v2\/categories?post=67471"},{"taxonomy":"post_tag","embeddable":true,"href":"https:\/\/portalnewsgta.com.br\/index.php\/wp-json\/wp\/v2\/tags?post=67471"}],"curies":[{"name":"wp","href":"https:\/\/api.w.org\/{rel}","templated":true}]}}