{"id":67438,"date":"2025-10-15T10:40:45","date_gmt":"2025-10-15T13:40:45","guid":{"rendered":"https:\/\/portalnewsgta.com.br\/?p=67438"},"modified":"2025-10-15T10:40:45","modified_gmt":"2025-10-15T13:40:45","slug":"cada-vida-de-mulher-perdida-e-muito-frustrante-lamenta-mendes","status":"publish","type":"post","link":"https:\/\/portalnewsgta.com.br\/index.php\/2025\/10\/15\/cada-vida-de-mulher-perdida-e-muito-frustrante-lamenta-mendes\/","title":{"rendered":"&#8220;Cada vida de mulher perdida \u00e9 muito frustrante&#8221;, lamenta Mendes"},"content":{"rendered":"<section class=\"FullLine\">\n<div class=\"conteudo\">\n<h3>Ele diz que mesmo com mais esfor\u00e7os e investimentos no combate ao crime, o n\u00famero de casos \u00e9 alto<\/h3>\n<\/div>\n<\/section>\n<section>\n<div class=\"FullLine\">\n<div class=\"conteudo_foto\">\n<div class=\"imgcontent\">\n<p class=\"credito_foto\">Victor Ostetti\/MidiaNews<\/p>\n<p><a href=\"https:\/\/www.midianews.com.br\/\/storage\/webdisco\/2025\/10\/07\/886x590\/352bd527fb7da8e366db15aea339a5ee.jpg\" rel=\"lightbox\" data-title=\"O governador Mauro Mendes, que se disse frustrado ao n\u00e3o ver queda dos feminic\u00eddios\"><img loading=\"lazy\" decoding=\"async\" id=\"img_conteudo\" class=\"img-responsive\" src=\"https:\/\/www.midianews.com.br\/\/storage\/webdisco\/2025\/10\/07\/438x291\/352bd527fb7da8e366db15aea339a5ee.jpg\" alt=\"O governador Mauro Mendes, que se disse frustrado ao n\u00e3o ver queda dos feminic\u00eddios\" width=\"438\" height=\"292\" border=\"0\" \/><\/a><\/p>\n<p class=\"descricao_foto\">O governador Mauro Mendes, que se disse frustrado ao n\u00e3o ver queda dos feminic\u00eddios<\/p>\n<\/div>\n<\/div>\n<div class=\"Font14Bold\">GIORDANO TOMASELLI E VIT\u00d3RIA GOMES<br \/>\nDA REDA\u00c7\u00c3O<\/div>\n<div id=\"texto\" class=\"texto\">\n<p>O governador Mauro Mendes (Uni\u00e3o) voltou a lamentar a posi\u00e7\u00e3o de Mato Grosso como Estado l\u00edder no n\u00famero de femic\u00eddios no pa\u00eds. Segundo ele, \u00e9 \u201cfrustrante\u201d aumentar os esfor\u00e7os e investimentos no combate a esse crime e ainda ver o n\u00famero de casos ser alto.<\/p>\n<p>&nbsp;<\/p>\n<div class=\"quote-wrapper right\">\n<div class=\"quote-img-wrapper right\"><img decoding=\"async\" class=\"quote-img right\" src=\"https:\/\/www.midianews.com.br\/images\/aspas_right.gif\" \/><\/div>\n<h2 class=\"quote-content\">\u00c9 muito frustrante para mim n\u00e3o ver a diminui\u00e7\u00e3o desse tipo de crime. Cada vida de uma mulher perdida para viol\u00eancia \u00e9 muito frustrante<\/h2>\n<\/div>\n<p>\u201c\u00c9 muito frustrante para mim n\u00e3o ver a diminui\u00e7\u00e3o desse tipo de crime. Cada vida de uma mulher perdida para viol\u00eancia \u00e9 muito frustrante. Agora, existe no Brasil uma sensa\u00e7\u00e3o de impunidade gigante que leva pessoas que nunca cometeram nenhum tipo de crime, de repente, acorda, surta, e resolve matar\u201d, disse o governador.<\/p>\n<p>&nbsp;<\/p>\n<p>A declara\u00e7\u00e3o foi feita\u00a0nesta ter\u00e7a-feira (14),\u00a0ap\u00f3s palestra sobre preven\u00e7\u00e3o \u00e0 viol\u00eancia contra a mulher,\u00a0parte da campanha \u201cA Viol\u00eancia Come\u00e7a Antes do Primeiro Soco\u201d, promovida pela\u00a0primeira-dama Virginia Mendes, com palestras especiais de Kyra Gracie e Malvino Salvador.<\/p>\n<p>&nbsp;<\/p>\n<p>Mato Grosso lidera o ranking nacional de feminic\u00eddios entre os Estados brasileiros, segundo o Anu\u00e1rio Brasileiro de Seguran\u00e7a P\u00fablica. De acordo com o Observat\u00f3rio Caliandra, do Minist\u00e9rio P\u00fablico Estadual (MPE), at\u00e9 o momento j\u00e1 foram 44 feminic\u00eddios em 2025, enquanto em todo o ano de 2024 foram 47 registrados.<\/p>\n<div id=\"taboola-mid-article-thumbnails\" class=\"trc_related_container tbl-trecs-container trc_spotlight_widget trc_elastic trc_elastic_alternating-thumbnails-a-mid-article\" data-placement-name=\"Mid Article Thumbnails\">\n<div class=\"trc_rbox_container\">\n<div>\n<div id=\"trc_wrapper_7696185127\" class=\"trc_rbox alternating-thumbnails-a-mid-article trc-content-hybrid\">\n<div id=\"trc_header_7696185127\" class=\"trc_rbox_header trc_rbox_border_elm\">\n<div class=\"trc_header_ext\"><\/div>\n<\/div>\n<\/div>\n<\/div>\n<\/div>\n<\/div>\n<p>&nbsp;<\/p>\n<p>\u201cN\u00f3s temos que investir cada vez mais em preven\u00e7\u00e3o, mas n\u00e3o d\u00e1 para colocar, obviamente, um policial andando ao lado de cada mulher, mas d\u00e1 para fazer muitas campanhas, e \u00e9 isso que o governo est\u00e1 fazendo. Investindo em todas as \u00e1reas, ampliando investimentos e colocando em pr\u00e1tica todas as a\u00e7\u00f5es\u201d, completou.<\/p>\n<p>&nbsp;<\/p>\n<p>Mendes j\u00e1 disse anteriormente que o n\u00famero envergonhava o Governo e recentemente tamb\u00e9m assinou um protocolo de inten\u00e7\u00f5es com o MPE e o Poder Judici\u00e1rio, estabelecendo a\u00e7\u00f5es para fortalecer a preven\u00e7\u00e3o e o enfrentamento da viol\u00eancia dom\u00e9stica.<\/p>\n<p>&nbsp;<\/p>\n<p><strong>Efici\u00eancia de prote\u00e7\u00e3o<\/strong><\/p>\n<p>&nbsp;<\/p>\n<p>Segundo Mendes, a prote\u00e7\u00e3o do Estado tem funcionado. Entre as mulheres que denunciaram e receberam prote\u00e7\u00e3o do poder p\u00fablico, somente um n\u00famero m\u00ednimo foi v\u00edtima do crime.<\/p>\n<p>&nbsp;<\/p>\n<p>\u201cO Governo tem hoje in\u00fameras pol\u00edticas que est\u00e3o funcionando. N\u00f3s temos quase 14 mil medidas protetivas e dessas 14 mil mulheres que acionaram o Estado, apenas duas sofreram o crime de feminic\u00eddio\u201d.<\/p>\n<p>&nbsp;<\/p>\n<p>\u201cDos 39 casos que n\u00f3s tivemos, 34 foram pessoas que nunca tinham cometido nenhum tipo de crime ou acionamento para a prote\u00e7\u00e3o [no caso da mulher]. Em Mato Grosso n\u00f3s registramos todos os dados, n\u00e3o escondemos, a melhor forma de enfrentar um problema \u00e9 torn\u00e1-lo real e assumir de frente, mesmo quando os n\u00fameros n\u00e3o sejam bons\u201d, encerrou.<\/p>\n<p>&nbsp;<\/p>\n<p><strong>V\u00eddeo:<\/strong><\/p>\n<div style=\"width: 640px;\" class=\"wp-video\"><!--[if lt IE 9]><script>document.createElement('video');<\/script><![endif]-->\n<video class=\"wp-video-shortcode\" id=\"video-67438-1\" width=\"640\" height=\"1138\" preload=\"metadata\" controls=\"controls\"><source type=\"video\/mp4\" src=\"https:\/\/portalnewsgta.com.br\/wp-content\/uploads\/2025\/10\/4f3213f243c4f4d96379ba256496b9d8.mp4?_=1\" \/><a href=\"https:\/\/portalnewsgta.com.br\/wp-content\/uploads\/2025\/10\/4f3213f243c4f4d96379ba256496b9d8.mp4\">https:\/\/portalnewsgta.com.br\/wp-content\/uploads\/2025\/10\/4f3213f243c4f4d96379ba256496b9d8.mp4<\/a><\/video><\/div>\n<p>&nbsp;<\/p>\n<\/div>\n<\/div>\n<\/section>\n","protected":false},"excerpt":{"rendered":"<p>Ele diz que mesmo com mais esfor\u00e7os e investimentos no combate ao crime, o n\u00famero<\/p>\n","protected":false},"author":2,"featured_media":67441,"comment_status":"open","ping_status":"open","sticky":false,"template":"","format":"standard","meta":{"footnotes":""},"categories":[13,2],"tags":[1702],"aioseo_notices":[],"_links":{"self":[{"href":"https:\/\/portalnewsgta.com.br\/index.php\/wp-json\/wp\/v2\/posts\/67438"}],"collection":[{"href":"https:\/\/portalnewsgta.com.br\/index.php\/wp-json\/wp\/v2\/posts"}],"about":[{"href":"https:\/\/portalnewsgta.com.br\/index.php\/wp-json\/wp\/v2\/types\/post"}],"author":[{"embeddable":true,"href":"https:\/\/portalnewsgta.com.br\/index.php\/wp-json\/wp\/v2\/users\/2"}],"replies":[{"embeddable":true,"href":"https:\/\/portalnewsgta.com.br\/index.php\/wp-json\/wp\/v2\/comments?post=67438"}],"version-history":[{"count":1,"href":"https:\/\/portalnewsgta.com.br\/index.php\/wp-json\/wp\/v2\/posts\/67438\/revisions"}],"predecessor-version":[{"id":67442,"href":"https:\/\/portalnewsgta.com.br\/index.php\/wp-json\/wp\/v2\/posts\/67438\/revisions\/67442"}],"wp:featuredmedia":[{"embeddable":true,"href":"https:\/\/portalnewsgta.com.br\/index.php\/wp-json\/wp\/v2\/media\/67441"}],"wp:attachment":[{"href":"https:\/\/portalnewsgta.com.br\/index.php\/wp-json\/wp\/v2\/media?parent=67438"}],"wp:term":[{"taxonomy":"category","embeddable":true,"href":"https:\/\/portalnewsgta.com.br\/index.php\/wp-json\/wp\/v2\/categories?post=67438"},{"taxonomy":"post_tag","embeddable":true,"href":"https:\/\/portalnewsgta.com.br\/index.php\/wp-json\/wp\/v2\/tags?post=67438"}],"curies":[{"name":"wp","href":"https:\/\/api.w.org\/{rel}","templated":true}]}}