{"id":67434,"date":"2025-10-15T10:32:44","date_gmt":"2025-10-15T13:32:44","guid":{"rendered":"https:\/\/portalnewsgta.com.br\/?p=67434"},"modified":"2025-10-15T10:32:44","modified_gmt":"2025-10-15T13:32:44","slug":"julio-virginia-tem-todas-as-condicoes-de-tentar-qualquer-cargo","status":"publish","type":"post","link":"https:\/\/portalnewsgta.com.br\/index.php\/2025\/10\/15\/julio-virginia-tem-todas-as-condicoes-de-tentar-qualquer-cargo\/","title":{"rendered":"J\u00falio: Virginia tem todas as condi\u00e7\u00f5es de tentar qualquer cargo"},"content":{"rendered":"<section class=\"FullLine\">\n<div class=\"conteudo\">\n<h3>O nome da primeira-dama \u00e9 cotado para a disputa \u00e0 C\u00e2mara Federal; Uni\u00e3o busca montar chapa forte<\/h3>\n<\/div>\n<\/section>\n<section>\n<div class=\"FullLine\">\n<div class=\"conteudo_foto\">\n<div class=\"imgcontent\">\n<p class=\"credito_foto\">Victor Ostetti\/MidiaNews<\/p>\n<p><a href=\"https:\/\/www.midianews.com.br\/\/storage\/webdisco\/2025\/08\/20\/886x590\/137cc09c983f008bb19e731190f739a8.jpg\" rel=\"lightbox\" data-title=\"O deputado estadual, J\u00falio Campos, destacou o trabalho social de Virginia Mendes\"><img loading=\"lazy\" decoding=\"async\" id=\"img_conteudo\" class=\"img-responsive\" src=\"https:\/\/www.midianews.com.br\/\/storage\/webdisco\/2025\/08\/20\/438x291\/137cc09c983f008bb19e731190f739a8.jpg\" alt=\"O deputado estadual, J\u00falio Campos, destacou o trabalho social de Virginia Mendes\" width=\"438\" height=\"292\" border=\"0\" \/><\/a><\/p>\n<p class=\"descricao_foto\">O deputado estadual, J\u00falio Campos, destacou o trabalho social de Virginia Mendes<\/p>\n<\/div>\n<\/div>\n<div class=\"Font14Bold\">VIT\u00d3RIA GOMES E GIORDANO TOMASELLI<br \/>\nDA REDA\u00c7\u00c3O<\/div>\n<div id=\"texto\" class=\"texto\">\n<p>O deputado estadual J\u00falio Campos (Uni\u00e3o) afirmou que a primeira-dama de Mato Grosso, Virginia Mendes (Uni\u00e3o), tem condi\u00e7\u00f5es de tentar qualquer vaga na disputa eleitoral de 2026.<\/p>\n<p>&nbsp;<\/p>\n<div class=\"quote-wrapper right\">\n<div class=\"quote-img-wrapper right\"><img decoding=\"async\" class=\"quote-img right\" src=\"https:\/\/www.midianews.com.br\/images\/aspas_right.gif\" \/><\/div>\n<h2 class=\"quote-content\">Ela tem todas as condi\u00e7\u00f5es, n\u00e3o s\u00f3 de ser candidata a deputada federal, a qualquer posi\u00e7\u00e3o pol\u00edtica em Mato Grosso<\/h2>\n<\/div>\n<p>O nome da primeira-dama \u00e9 ventilado para a disputa desde o ano passado. Mas, nesta semana, Virginia foi inclu\u00edda em uma lista com nove poss\u00edveis candidatos \u00e0 C\u00e2mara Federal.<\/p>\n<p>&nbsp;<\/p>\n<p>\u201cEla tem todas as condi\u00e7\u00f5es, n\u00e3o s\u00f3 de ser candidata a deputada federal, a qualquer posi\u00e7\u00e3o pol\u00edtica em Mato Grosso, porque ela fez e vem fazendo um grande trabalho frente \u00e0 \u00e1rea social do Governo\u201d, afirmou.<\/p>\n<p>&nbsp;<\/p>\n<p>\u201c\u00c9 uma pessoa bastante af\u00e1vel, muito respeitada e querida. Acho que a Virginia tem plena condi\u00e7\u00e3o\u201d, acrescentou.<\/p>\n<div id=\"taboola-mid-article-thumbnails\" class=\"trc_related_container tbl-trecs-container trc_spotlight_widget trc_elastic trc_elastic_alternating-thumbnails-a-mid-article\" data-placement-name=\"Mid Article Thumbnails\">\n<div class=\"trc_rbox_container\">\n<div>\n<div id=\"trc_wrapper_7891931868\" class=\"trc_rbox alternating-thumbnails-a-mid-article trc-content-hybrid\">\n<div id=\"trc_header_7891931868\" class=\"trc_rbox_header trc_rbox_border_elm\">\n<div class=\"trc_header_ext\"><\/div>\n<\/div>\n<\/div>\n<\/div>\n<\/div>\n<\/div>\n<p>&nbsp;<\/p>\n<p>A pr\u00f3pria primeira-dama comentou sobre esses rumores em rela\u00e7\u00e3o a sua candidatura e, apesar de se mostrar feliz por ser lembrada pelo partido, negou que esteja pensando em elei\u00e7\u00e3o no momento.<\/p>\n<p>&nbsp;<\/p>\n<p>Virginia ainda condicionou sua candidatura \u00e0 vontade do povo, alegando que iria depender da popula\u00e7\u00e3o para lan\u00e7ar seu nome na disputa eleitoral.<\/p>\n<p>&nbsp;<\/p>\n<p><strong>Articula\u00e7\u00e3o partid\u00e1ria<\/strong><\/p>\n<p>&nbsp;<\/p>\n<p>Apesar de n\u00e3o cravar a primeira-dama como pr\u00e9-candidata, J\u00falio afirmou que o Uni\u00e3o est\u00e1 trabalhando para montar chapas fortes tanto para federal quanto para estadual.<\/p>\n<p>&nbsp;<\/p>\n<p>\u201cN\u00f3s estamos trabalhando ligando para pol\u00edticos do interior, para somar uma chapa forte para n\u00f3s conseguirmos eleger pelo menos dois a tr\u00eas deputados federais e quatro a cinco deputados estaduais. Essa \u00e9 a meta que a gente quer trabalhar\u201d.<\/p>\n<p>&nbsp;<\/p>\n<p><strong>Veja v\u00eddeo:<\/strong><\/p>\n<div style=\"width: 478px;\" class=\"wp-video\"><!--[if lt IE 9]><script>document.createElement('video');<\/script><![endif]-->\n<video class=\"wp-video-shortcode\" id=\"video-67434-1\" width=\"478\" height=\"850\" preload=\"metadata\" controls=\"controls\"><source type=\"video\/mp4\" src=\"https:\/\/portalnewsgta.com.br\/wp-content\/uploads\/2025\/10\/03cd0dad3228a9b369433830ba70f962.mp4?_=1\" \/><a href=\"https:\/\/portalnewsgta.com.br\/wp-content\/uploads\/2025\/10\/03cd0dad3228a9b369433830ba70f962.mp4\">https:\/\/portalnewsgta.com.br\/wp-content\/uploads\/2025\/10\/03cd0dad3228a9b369433830ba70f962.mp4<\/a><\/video><\/div>\n<p>&nbsp;<\/p>\n<div class=\"texto-extra\"><\/div>\n<\/div>\n<\/div>\n<\/section>\n","protected":false},"excerpt":{"rendered":"<p>O nome da primeira-dama \u00e9 cotado para a disputa \u00e0 C\u00e2mara Federal; Uni\u00e3o busca montar<\/p>\n","protected":false},"author":2,"featured_media":67435,"comment_status":"open","ping_status":"open","sticky":false,"template":"","format":"standard","meta":{"footnotes":""},"categories":[13,2],"tags":[1701],"aioseo_notices":[],"_links":{"self":[{"href":"https:\/\/portalnewsgta.com.br\/index.php\/wp-json\/wp\/v2\/posts\/67434"}],"collection":[{"href":"https:\/\/portalnewsgta.com.br\/index.php\/wp-json\/wp\/v2\/posts"}],"about":[{"href":"https:\/\/portalnewsgta.com.br\/index.php\/wp-json\/wp\/v2\/types\/post"}],"author":[{"embeddable":true,"href":"https:\/\/portalnewsgta.com.br\/index.php\/wp-json\/wp\/v2\/users\/2"}],"replies":[{"embeddable":true,"href":"https:\/\/portalnewsgta.com.br\/index.php\/wp-json\/wp\/v2\/comments?post=67434"}],"version-history":[{"count":1,"href":"https:\/\/portalnewsgta.com.br\/index.php\/wp-json\/wp\/v2\/posts\/67434\/revisions"}],"predecessor-version":[{"id":67437,"href":"https:\/\/portalnewsgta.com.br\/index.php\/wp-json\/wp\/v2\/posts\/67434\/revisions\/67437"}],"wp:featuredmedia":[{"embeddable":true,"href":"https:\/\/portalnewsgta.com.br\/index.php\/wp-json\/wp\/v2\/media\/67435"}],"wp:attachment":[{"href":"https:\/\/portalnewsgta.com.br\/index.php\/wp-json\/wp\/v2\/media?parent=67434"}],"wp:term":[{"taxonomy":"category","embeddable":true,"href":"https:\/\/portalnewsgta.com.br\/index.php\/wp-json\/wp\/v2\/categories?post=67434"},{"taxonomy":"post_tag","embeddable":true,"href":"https:\/\/portalnewsgta.com.br\/index.php\/wp-json\/wp\/v2\/tags?post=67434"}],"curies":[{"name":"wp","href":"https:\/\/api.w.org\/{rel}","templated":true}]}}