{"id":67431,"date":"2025-10-15T10:27:05","date_gmt":"2025-10-15T13:27:05","guid":{"rendered":"https:\/\/portalnewsgta.com.br\/?p=67431"},"modified":"2025-10-15T10:27:05","modified_gmt":"2025-10-15T13:27:05","slug":"pgr-diz-que-deputados-nao-podem-pedir-prisao-de-eduardo-bolsonaro","status":"publish","type":"post","link":"https:\/\/portalnewsgta.com.br\/index.php\/2025\/10\/15\/pgr-diz-que-deputados-nao-podem-pedir-prisao-de-eduardo-bolsonaro\/","title":{"rendered":"PGR diz que deputados n\u00e3o podem pedir pris\u00e3o de Eduardo Bolsonaro"},"content":{"rendered":"<p class=\"credito-1\">Marcelo Camargo\/Ag\u00eancia Brasil<\/p>\n<p><span class=\"img-conteudo pull-left\"><a href=\"https:\/\/www.gazetadigital.com.br\/storage\/webdisco\/2025\/09\/23\/1200x900\/6e48d846694baa008f017782a1a76300.jpg\" data-fancybox=\"gallery\" data-caption=\"Marcelo Camargo\/Ag\u00eancia Brasil\"><img decoding=\"async\" src=\"https:\/\/www.gazetadigital.com.br\/storage\/webdisco\/2025\/09\/23\/431x285\/6e48d846694baa008f017782a1a76300.jpg\" alt=\"Marcelo Camargo\/Ag\u00eancia Brasil\" \/><\/a><\/span><\/p>\n<p class=\"img-conteudo-desc\">\n<p><img decoding=\"async\" class=\"pull-left img-responsive\" src=\"https:\/\/www.gazetadigital.com.br\/storage\/webdisco\/2018\/09\/11\/120x80\/1989f6f1bda0a00b820ece8296bb5d50.jpg\" alt=\"\" \/><\/p>\n<div id=\"text-content\" class=\"mb20\">\n<p>O procurador-geral da Rep\u00fablica, Paulo Gonet, enviou nesta ter\u00e7a-feira (14) ao Supremo Tribunal Federal (STF) parecer no qual afirma que parlamentares n\u00e3o podem requerer a pris\u00e3o do deputado Eduardo Bolsonaro (PL-SP).<\/p>\n<p>O parecer foi enviado ao ministro Alexandre de Moraes ap\u00f3s os deputados Lindbergh Farias (PT-RJ) e Tal\u00edria Petrone (PSOL-RJ) pedirem a pris\u00e3o do filho do ex-presidente Jair Bolsonaro, que \u00e9 investigado na Corte pelo tarifa\u00e7o dos Estados Unidos contra as exporta\u00e7\u00f5es brasileiras.<\/p>\n<p>Segundo Gonet, somente o Minist\u00e9rio P\u00fablico, a Pol\u00edcia Federal ou um assistente de acusa\u00e7\u00e3o podem solicitar a medida.<\/p>\n<p>\u201cSS. Exas [Suas Excel\u00eancias] n\u00e3o est\u00e3o habilitadas no feito em nenhuma dessas posi\u00e7\u00f5es, o que lhes subtrai a legitimidade processual para postular no feito\u201d, afirmou.<\/p>\n<p>Contudo, o procurador disse que poder\u00e1 avaliar a decreta\u00e7\u00e3o de medidas cautelares contra Eduardo Bolsonaro.<\/p>\n<p>\u201cDe toda sorte, a Procuradoria-Geral da Rep\u00fablica se reserva \u00e0 avalia\u00e7\u00e3o, em instante que estime oportuno, de eventual requerimento de medidas cautelares, inclusive no que tange ao aspecto da sua viabilidade efetiva\u201d, completou.<\/p>\n<p>&nbsp;<\/p>\n<p>No m\u00eas passado, Gonet apresentou den\u00fancia contra o filho de Bolsonaro e o blogueiro Paulo Figueiredo pelo crime de coa\u00e7\u00e3o no curso do processo.<\/p>\n<p>&nbsp;<\/p>\n<p>Ambos moram nos Estados Unidos e foram investigados no inqu\u00e9rito que apurou a participa\u00e7\u00e3o deles na promo\u00e7\u00e3o do tarifa\u00e7o contra o Brasil e de san\u00e7\u00f5es contra integrantes do governo federal e do Supremo.<\/p>\n<\/div>\n","protected":false},"excerpt":{"rendered":"<p>Marcelo Camargo\/Ag\u00eancia Brasil O procurador-geral da Rep\u00fablica, Paulo Gonet, enviou nesta ter\u00e7a-feira (14) ao Supremo<\/p>\n","protected":false},"author":2,"featured_media":67432,"comment_status":"open","ping_status":"open","sticky":false,"template":"","format":"standard","meta":{"footnotes":""},"categories":[13,2],"tags":[1700],"aioseo_notices":[],"_links":{"self":[{"href":"https:\/\/portalnewsgta.com.br\/index.php\/wp-json\/wp\/v2\/posts\/67431"}],"collection":[{"href":"https:\/\/portalnewsgta.com.br\/index.php\/wp-json\/wp\/v2\/posts"}],"about":[{"href":"https:\/\/portalnewsgta.com.br\/index.php\/wp-json\/wp\/v2\/types\/post"}],"author":[{"embeddable":true,"href":"https:\/\/portalnewsgta.com.br\/index.php\/wp-json\/wp\/v2\/users\/2"}],"replies":[{"embeddable":true,"href":"https:\/\/portalnewsgta.com.br\/index.php\/wp-json\/wp\/v2\/comments?post=67431"}],"version-history":[{"count":1,"href":"https:\/\/portalnewsgta.com.br\/index.php\/wp-json\/wp\/v2\/posts\/67431\/revisions"}],"predecessor-version":[{"id":67433,"href":"https:\/\/portalnewsgta.com.br\/index.php\/wp-json\/wp\/v2\/posts\/67431\/revisions\/67433"}],"wp:featuredmedia":[{"embeddable":true,"href":"https:\/\/portalnewsgta.com.br\/index.php\/wp-json\/wp\/v2\/media\/67432"}],"wp:attachment":[{"href":"https:\/\/portalnewsgta.com.br\/index.php\/wp-json\/wp\/v2\/media?parent=67431"}],"wp:term":[{"taxonomy":"category","embeddable":true,"href":"https:\/\/portalnewsgta.com.br\/index.php\/wp-json\/wp\/v2\/categories?post=67431"},{"taxonomy":"post_tag","embeddable":true,"href":"https:\/\/portalnewsgta.com.br\/index.php\/wp-json\/wp\/v2\/tags?post=67431"}],"curies":[{"name":"wp","href":"https:\/\/api.w.org\/{rel}","templated":true}]}}