{"id":67427,"date":"2025-10-15T10:20:24","date_gmt":"2025-10-15T13:20:24","guid":{"rendered":"https:\/\/portalnewsgta.com.br\/?p=67427"},"modified":"2025-10-15T10:24:09","modified_gmt":"2025-10-15T13:24:09","slug":"quadrilha-que-sequestrou-e-torturou-menor-no-dia-das-criancas-e-alvo-da-policia","status":"publish","type":"post","link":"https:\/\/portalnewsgta.com.br\/index.php\/2025\/10\/15\/quadrilha-que-sequestrou-e-torturou-menor-no-dia-das-criancas-e-alvo-da-policia\/","title":{"rendered":"Quadrilha que sequestrou e torturou menor no Dia das Crian\u00e7as \u00e9 alvo da Pol\u00edcia"},"content":{"rendered":"<div class=\"col-xs-12 col-sm-12 col-md-12 col-lg-12 mb10\">\n<div class=\"row\">\n<div class=\"col-xs-12 col-sm-12 col-md-12 col-lg-12 mb15\">\n<div class=\"row\">\n<div class=\"col-xs-12 col-sm-11 col-md-11 col-lg-11 autorer\">\n<p><span class=\"autores_fontes_nome\">Reda\u00e7\u00e3o do GD<\/span><\/p>\n<p class=\"autores_fontes_email\">redacao@gazetadigital.com.br<\/p>\n<\/div>\n<\/div>\n<\/div>\n<\/div>\n<\/div>\n<div class=\"col-xs-12 col-sm-12 col-md-12 col-lg-12 mb30\">\n<p class=\"credito-1\">Pol\u00edcia Civil-MT<\/p>\n<p><span class=\"img-conteudo pull-left\"><a href=\"https:\/\/www.gazetadigital.com.br\/storage\/webdisco\/2025\/10\/14\/1200x900\/7f82e8e2f39de59bf3f2fef475121b4e.png\" data-fancybox=\"gallery\" data-caption=\"Pol\u00edcia Civil-MT\"><img decoding=\"async\" src=\"https:\/\/www.gazetadigital.com.br\/storage\/webdisco\/2025\/10\/14\/431x285\/7f82e8e2f39de59bf3f2fef475121b4e.png\" alt=\"Pol\u00edcia Civil-MT\" \/><\/a><\/span><\/p>\n<div id=\"text-content\" class=\"mb20\">\n<p>9 pessoas foram presas pelo envolvimento no sequestro e tortura de um adolescente de 14 anos em \u00c1gua Boa (730 km ao leste de Cuiab\u00e1). O crime ocorreu no domingo (12), quando a v\u00edtima foi mantida em cativeiro e agredida por membros de uma fac\u00e7\u00e3o criminosa. Depois de resgatado, o menor foi encaminhado para o atendimento m\u00e9dico em estado debilitado.<\/p>\n<p>As pris\u00f5es fazem parte da Opera\u00e7\u00e3o Salvare, deflagrada no domingo (12) pela Pol\u00edcia Civil. As dilig\u00eancias come\u00e7aram ap\u00f3s a Pol\u00edcia Militar receber den\u00fancias e conseguir prender dois envolvidos em flagrante, enquanto outros dois conseguiram fugir.<\/p>\n<p>A partir das informa\u00e7\u00f5es iniciais, a Pol\u00edcia Civil come\u00e7ou a investigar, conseguindo identificar e capturar outros integrantes da fac\u00e7\u00e3o nas horas seguintes.<\/p>\n<p>Durante as a\u00e7\u00f5es, foram apreendidos dois ve\u00edculos utilizados na pr\u00e1tica criminosa, al\u00e9m de diversos celulares, drogas, apetrechos utilizados para o tr\u00e1fico e valores em esp\u00e9cie. Ao todo, 9 pessoas foram conduzidas \u00e0 delegacia local.<\/p>\n<p>Os conduzidos tiveram participa\u00e7\u00e3o ativa no crime, sendo identificado mandantes e integrantes do grupo que participaram das agress\u00f5es.<\/p>\n<p>Outros envolvidos no crime foram identificados e continuam procurados pela Pol\u00edcia Civil, sendo alvo de novas dilig\u00eancias.<\/p>\n<\/div>\n<\/div>\n","protected":false},"excerpt":{"rendered":"<p>Reda\u00e7\u00e3o do GD redacao@gazetadigital.com.br Pol\u00edcia Civil-MT 9 pessoas foram presas pelo envolvimento no sequestro e<\/p>\n","protected":false},"author":2,"featured_media":67428,"comment_status":"open","ping_status":"open","sticky":false,"template":"","format":"standard","meta":{"footnotes":""},"categories":[13,2],"tags":[1699],"aioseo_notices":[],"_links":{"self":[{"href":"https:\/\/portalnewsgta.com.br\/index.php\/wp-json\/wp\/v2\/posts\/67427"}],"collection":[{"href":"https:\/\/portalnewsgta.com.br\/index.php\/wp-json\/wp\/v2\/posts"}],"about":[{"href":"https:\/\/portalnewsgta.com.br\/index.php\/wp-json\/wp\/v2\/types\/post"}],"author":[{"embeddable":true,"href":"https:\/\/portalnewsgta.com.br\/index.php\/wp-json\/wp\/v2\/users\/2"}],"replies":[{"embeddable":true,"href":"https:\/\/portalnewsgta.com.br\/index.php\/wp-json\/wp\/v2\/comments?post=67427"}],"version-history":[{"count":2,"href":"https:\/\/portalnewsgta.com.br\/index.php\/wp-json\/wp\/v2\/posts\/67427\/revisions"}],"predecessor-version":[{"id":67430,"href":"https:\/\/portalnewsgta.com.br\/index.php\/wp-json\/wp\/v2\/posts\/67427\/revisions\/67430"}],"wp:featuredmedia":[{"embeddable":true,"href":"https:\/\/portalnewsgta.com.br\/index.php\/wp-json\/wp\/v2\/media\/67428"}],"wp:attachment":[{"href":"https:\/\/portalnewsgta.com.br\/index.php\/wp-json\/wp\/v2\/media?parent=67427"}],"wp:term":[{"taxonomy":"category","embeddable":true,"href":"https:\/\/portalnewsgta.com.br\/index.php\/wp-json\/wp\/v2\/categories?post=67427"},{"taxonomy":"post_tag","embeddable":true,"href":"https:\/\/portalnewsgta.com.br\/index.php\/wp-json\/wp\/v2\/tags?post=67427"}],"curies":[{"name":"wp","href":"https:\/\/api.w.org\/{rel}","templated":true}]}}