{"id":67424,"date":"2025-10-15T10:17:54","date_gmt":"2025-10-15T13:17:54","guid":{"rendered":"https:\/\/portalnewsgta.com.br\/?p=67424"},"modified":"2025-10-15T10:17:54","modified_gmt":"2025-10-15T13:17:54","slug":"governo-de-mt-doa-caminhoes-pipa-a-tres-municipios-para-fortalecer-combate-aos-incendios","status":"publish","type":"post","link":"https:\/\/portalnewsgta.com.br\/index.php\/2025\/10\/15\/governo-de-mt-doa-caminhoes-pipa-a-tres-municipios-para-fortalecer-combate-aos-incendios\/","title":{"rendered":"Governo de MT doa caminh\u00f5es-pipa a tr\u00eas munic\u00edpios para fortalecer combate aos inc\u00eandios"},"content":{"rendered":"<h2 class=\"subtitulo mb-1\">Doa\u00e7\u00e3o foi efetivada pela Secretaria de Estado de Meio Ambiente (Sema), na sede da AMM, em Cuiab\u00e1<\/h2>\n<div class=\"autor mb-1\">Cl\u00eania Goreth | Sema<\/div>\n<div><\/div>\n<div>\n<section id=\"content\" class=\"\">\n<div id=\"main-content\" class=\"layout-content portlet-layout\" role=\"main\">\n<div class=\"lfr-layout-structure-item-basic-component-html lfr-layout-structure-item-bda1c57d-ebfb-7ab5-34ae-f5ebeccc3ede \">\n<div id=\"fragment-cec9fbde-e883-7711-5da5-b32edbfcd167\">\n<div class=\"component-html\" data-lfr-editable-id=\"element-html\" data-lfr-editable-type=\"html\">\n<div class=\"container-fluid viewNoticia mt-4 mb-5\">\n<div class=\"container-fluid pt-4 pb-4\">\n<div class=\"container\">\n<div class=\"row text-center legenda_foto mt-2\">\n<div class=\"col-12\"><b>Cr\u00e9dito &#8211;\u00a0<\/b>Sema<\/div>\n<\/div>\n<\/div>\n<\/div>\n<div class=\"container mt-5\">\n<div class=\"row justify-content-md-center\">\n<div class=\"col-sm-11 conteudo\">\n<p>O Governo de Mato Grosso realizou, nesta ter\u00e7a-feira (14.10), a entrega de tr\u00eas caminh\u00f5es-pipa aos munic\u00edpios de C\u00e1ceres, Campos de J\u00falio e Boa Esperan\u00e7a do Norte, na sede da Associa\u00e7\u00e3o Mato-grossense dos Munic\u00edpios (AMM), em Cuiab\u00e1. Com investimentos de R$ 1,7 milh\u00e3o, a doa\u00e7\u00e3o foi efetivada pela Secretaria de Estado de Meio Ambiente (Sema).<\/p>\n<p>\u201cEsta a\u00e7\u00e3o \u00e9 extremamente estrat\u00e9gica para o combate aos inc\u00eandios florestais e tamb\u00e9m para o fortalecimento da atua\u00e7\u00e3o dos munic\u00edpios na agenda ambiental. \u00c9 o Governo do Estado atuando de forma cooperada e integrada com os munic\u00edpios para entregar ao cidad\u00e3o resultados mais eficientes\u201d, afirmou a secret\u00e1ria de Estado de Meio Ambiente, Mauren Lazzaretti.<\/p>\n<p>O prefeito do munic\u00edpio de Boa Esperan\u00e7a do Norte, Calebe Francio, elogiou a vis\u00e3o do governo em fortalecer a atua\u00e7\u00e3o dos munic\u00edpios. \u201cCom a ajuda desse equipamento, n\u00f3s vamos evitar muitas queimadas e realizar o cascalhamento das estradas do munic\u00edpio e dos distritos. \u00c9 uma bela iniciativa da Sema que vai engrandecer todo esse servi\u00e7o que \u00e9 realizado\u201d, destacou.<\/p>\n<picture data-fileentryid=\"75134704\"><source srcset=\"\/o\/adaptive-media\/image\/75134704\/Thumbnail-1024x1024\/entrega+caminh%C3%B5es+Boa+Esperan%C3%A7a.jpg?t=1760469150927\" media=\"(max-width:896px)\" \/><img decoding=\"async\" src=\"https:\/\/www.secom.mt.gov.br\/documents\/d\/mt\/entrega-caminhoes-boa-esperanca-jpg?imageThumbnail=3\" alt=\"\" height=\"267\" \/><\/picture>\n<p>O secret\u00e1rio municipal de Assuntos Estrat\u00e9gicos do munic\u00edpio de C\u00e1ceres, Rubens Macedo, lembrou que o munic\u00edpio tem uma extens\u00e3o territorial de mais de 24 mil quil\u00f4metros quadrados e abrange boa parte do Pantanal. \u201cTemos grandes desafios e uma serra que pega fogo todos os anos. Esse caminh\u00e3o pode at\u00e9 n\u00e3o subir a serra, mas ser\u00e1 essencial para levar a \u00e1gua para a manuten\u00e7\u00e3o do trabalho de combate aos inc\u00eandios\u201d, observou.<\/p>\n<p>O prefeito de Campos de J\u00falio, Irineu Marcos Parmeggiani, enfatizou que a import\u00e2ncia da entrega vai al\u00e9m do enfrentamento aos inc\u00eandios. \u201cEsse caminh\u00e3o-pipa tamb\u00e9m ser\u00e1 fundamental para molhar as ruas da cidade no per\u00edodo da seca e manter as nossas pavimenta\u00e7\u00f5es\u201d, disse.\n<picture data-fileentryid=\"75134715\"><source srcset=\"\/o\/adaptive-media\/image\/75134715\/Thumbnail-1024x1024\/entrrega+caminh%C3%B5es+campos+de+Julio.jpg?t=1760469188076\" media=\"(max-width:896px)\" \/><img decoding=\"async\" src=\"https:\/\/www.secom.mt.gov.br\/documents\/d\/mt\/entrrega-caminhoes-campos-de-julio-jpg?imageThumbnail=3\" alt=\"\" height=\"267\" \/><\/picture>\nZero-quil\u00f4metro, os tr\u00eas caminh\u00f5es s\u00e3o equipados com tanque pipa de no m\u00ednimo 15 mil litros, com sistema de caixa bomba, canh\u00e3o para combate a inc\u00eandios instalado na parte superior do tanque, com alcance m\u00ednimo de 25 metros.<\/p>\n<p>A solenidade de entrega dos ve\u00edculos aos munic\u00edpios contou com a participa\u00e7\u00e3o do deputado estadual Valmir Moretto; do chefe do Escrit\u00f3rio de Representa\u00e7\u00e3o do Estado de Mato Grosso (ERMAT), Leonardo Ribeiro Albuquerque; do secret\u00e1rio adjunto de Administra\u00e7\u00e3o Sist\u00eamica da Sema, Valdinei Val\u00e9rio da Silva; do assessor especial na Vice-Governadoria, Edu Pascoski; e da superintendente de Gest\u00e3o da Desconcentra\u00e7\u00e3o e Descentraliza\u00e7\u00e3o da Sema, Helen Farias Ferreira.<\/p>\n<p>&nbsp;<\/p>\n<\/div>\n<\/div>\n<\/div>\n<\/div>\n<\/div>\n<\/div>\n<\/div>\n<div><\/div>\n<\/div>\n<\/section>\n<div class=\"container-fluid\"><\/div>\n<\/div>\n","protected":false},"excerpt":{"rendered":"<p>Doa\u00e7\u00e3o foi efetivada pela Secretaria de Estado de Meio Ambiente (Sema), na sede da AMM,<\/p>\n","protected":false},"author":2,"featured_media":67425,"comment_status":"open","ping_status":"open","sticky":false,"template":"","format":"standard","meta":{"footnotes":""},"categories":[13,2],"tags":[1698,1697],"aioseo_notices":[],"_links":{"self":[{"href":"https:\/\/portalnewsgta.com.br\/index.php\/wp-json\/wp\/v2\/posts\/67424"}],"collection":[{"href":"https:\/\/portalnewsgta.com.br\/index.php\/wp-json\/wp\/v2\/posts"}],"about":[{"href":"https:\/\/portalnewsgta.com.br\/index.php\/wp-json\/wp\/v2\/types\/post"}],"author":[{"embeddable":true,"href":"https:\/\/portalnewsgta.com.br\/index.php\/wp-json\/wp\/v2\/users\/2"}],"replies":[{"embeddable":true,"href":"https:\/\/portalnewsgta.com.br\/index.php\/wp-json\/wp\/v2\/comments?post=67424"}],"version-history":[{"count":1,"href":"https:\/\/portalnewsgta.com.br\/index.php\/wp-json\/wp\/v2\/posts\/67424\/revisions"}],"predecessor-version":[{"id":67426,"href":"https:\/\/portalnewsgta.com.br\/index.php\/wp-json\/wp\/v2\/posts\/67424\/revisions\/67426"}],"wp:featuredmedia":[{"embeddable":true,"href":"https:\/\/portalnewsgta.com.br\/index.php\/wp-json\/wp\/v2\/media\/67425"}],"wp:attachment":[{"href":"https:\/\/portalnewsgta.com.br\/index.php\/wp-json\/wp\/v2\/media?parent=67424"}],"wp:term":[{"taxonomy":"category","embeddable":true,"href":"https:\/\/portalnewsgta.com.br\/index.php\/wp-json\/wp\/v2\/categories?post=67424"},{"taxonomy":"post_tag","embeddable":true,"href":"https:\/\/portalnewsgta.com.br\/index.php\/wp-json\/wp\/v2\/tags?post=67424"}],"curies":[{"name":"wp","href":"https:\/\/api.w.org\/{rel}","templated":true}]}}