{"id":67421,"date":"2025-10-15T10:14:04","date_gmt":"2025-10-15T13:14:04","guid":{"rendered":"https:\/\/portalnewsgta.com.br\/?p=67421"},"modified":"2025-10-15T10:14:04","modified_gmt":"2025-10-15T13:14:04","slug":"sinop-recebe-1o-drone-do-estado-para-combate-a-incendios-em-edificios","status":"publish","type":"post","link":"https:\/\/portalnewsgta.com.br\/index.php\/2025\/10\/15\/sinop-recebe-1o-drone-do-estado-para-combate-a-incendios-em-edificios\/","title":{"rendered":"Sinop recebe 1\u00ba drone do Estado para combate a inc\u00eandios em edif\u00edcios"},"content":{"rendered":"<p>O secret\u00e1rio estadual de Seguran\u00e7a P\u00fablica, C\u00e9sar Roveri, e o comandante-geral do Corpo de Bombeiros, Fl\u00e1vio Gl\u00e9dson Bezerra, entregaram, no final da tarde, em solenidade no quartel dos bombeiros, o primeiro drone de combate a inc\u00eandio em edif\u00edcios em Mato Grosso.<em>\u00a0<\/em>O novo drone \u00e9 projetado especificamente para combate a inc\u00eandios em locais de dif\u00edcil acesso, atuando de forma \u201ccativa\u201d \u2013 conectado ao caminh\u00e3o dos bombeiros atrav\u00e9s de uma mangueira que lan\u00e7a \u00e1gua diretamente nos focos de inc\u00eandio. A altura m\u00e1xima de voo conectado \u00e0 mangueira \u00e9 de 30 metros, com dist\u00e2ncia m\u00e1xima de voo de 60 metros e autonomia de 20 minutos. A press\u00e3o m\u00e1xima de \u00e1gua suportada \u00e9 110 Psi com alcance de 20 a 25 metros. Com os bra\u00e7os e as h\u00e9lices desdobrados, o drone tem 86 cm de altura, 2,51 metros de comprimento e 2,85 metros de largura.<\/p>\n<p>\u201cSinop est\u00e1 verticalizando, ent\u00e3o n\u00f3s estamos j\u00e1 de imediato, em pouco tempo, dando essa resposta para poder termos mais essa ferramenta de trabalho aqui em Sinop\u201d, declarou o secret\u00e1rio.<\/p>\n<p>O comandante-geral destacou que o equipamento visa acelerar o atendimento \u00e0s ocorr\u00eancias no munic\u00edpio. \u201cEsse equipamento, sem d\u00favida nenhuma, vai suprir a necessidade em rela\u00e7\u00e3o ao combate inc\u00eandio em altura\u201d, \u201ca gente vai poder verticalizar a linha de combate\u201d, \u201cvem a somar na estrat\u00e9gia de todo o sistema do Corpo de Bombeiros aqui presente em Sinop\u201d, disse. Ele acrescentou que o efetivo do batalh\u00e3o da cidade iniciar\u00e1 um curso de manuseio do drone, hoje, que durar\u00e1 10 dias, antes que a m\u00e1quina comece a ser usada nas ocorr\u00eancias.<\/p>\n<p>O prefeito Roberto Dorner (PL) avaliou que o drone \u00e9 uma \u201calternativa fant\u00e1stica\u201d ao pedido de uma escada \u201cmagirus\u201d, para inc\u00eandios e salvamentos, feito pela prefeitura ao governo.<\/p>\n<p>Na solenidade, o secret\u00e1rio ainda adiantou que o Corpo de Bombeiros de Sinop deve receber nos pr\u00f3ximos meses duas motos de alta cilindrada para atendimentos de urg\u00eancia.\u00a0<em>\u201c<\/em>J\u00e1 est\u00e1 em processo de aquisi\u00e7\u00e3o, as motos ter\u00e3o desencarceradores, ter\u00e3o todos os materiais de urg\u00eancia e emerg\u00eancia para que possam tamb\u00e9m fazer o atendimento de acidentes e toda a estrutura que possa ser utilizada para resgate urbano, porque a cidade j\u00e1 est\u00e1 com um tr\u00e2nsito muito intenso, ent\u00e3o essas motos s\u00e3o mais r\u00e1pidas e v\u00e3o chegar primeiro para poder fazer o primeiro atendimento\u201d, explicou.<\/p>\n<p>Estiveram presentes na solenidade vereadores, secret\u00e1rios e representantes de entidades.<\/p>\n<p><a href=\"https:\/\/chat.whatsapp.com\/EYqBA0pShN3Io0jMGJOPpH?mode=wwc\">Receba em seu WhatsApp informa\u00e7\u00f5es publicadas em S\u00f3 Not\u00edcias. Clique aqui.<\/a><\/p>\n<figure class=\"wp-block-image size-large\"><img loading=\"lazy\" decoding=\"async\" class=\"wp-image-1287291 entered lazyloaded td-animation-stack-type0-2\" src=\"https:\/\/www.sonoticias.com.br\/wp-content\/uploads\/2025\/10\/Drone-bombeiros-que-combate-incendio-em-edificio-outubro-2025-SNWellinton-Cunha-2-1024x580.png\" sizes=\"(max-width: 1024px) 100vw, 1024px\" srcset=\"https:\/\/www.sonoticias.com.br\/wp-content\/uploads\/2025\/10\/Drone-bombeiros-que-combate-incendio-em-edificio-outubro-2025-SNWellinton-Cunha-2-1024x580.png 1024w, https:\/\/www.sonoticias.com.br\/wp-content\/uploads\/2025\/10\/Drone-bombeiros-que-combate-incendio-em-edificio-outubro-2025-SNWellinton-Cunha-2-300x170.png 300w, https:\/\/www.sonoticias.com.br\/wp-content\/uploads\/2025\/10\/Drone-bombeiros-que-combate-incendio-em-edificio-outubro-2025-SNWellinton-Cunha-2-768x435.png 768w, https:\/\/www.sonoticias.com.br\/wp-content\/uploads\/2025\/10\/Drone-bombeiros-que-combate-incendio-em-edificio-outubro-2025-SNWellinton-Cunha-2-150x85.png 150w, https:\/\/www.sonoticias.com.br\/wp-content\/uploads\/2025\/10\/Drone-bombeiros-que-combate-incendio-em-edificio-outubro-2025-SNWellinton-Cunha-2-696x394.png 696w, https:\/\/www.sonoticias.com.br\/wp-content\/uploads\/2025\/10\/Drone-bombeiros-que-combate-incendio-em-edificio-outubro-2025-SNWellinton-Cunha-2-1068x605.png 1068w, https:\/\/www.sonoticias.com.br\/wp-content\/uploads\/2025\/10\/Drone-bombeiros-que-combate-incendio-em-edificio-outubro-2025-SNWellinton-Cunha-2.png 1482w\" alt=\"\" width=\"1024\" height=\"580\" data-lazy-srcset=\"https:\/\/www.sonoticias.com.br\/wp-content\/uploads\/2025\/10\/Drone-bombeiros-que-combate-incendio-em-edificio-outubro-2025-SNWellinton-Cunha-2-1024x580.png 1024w, https:\/\/www.sonoticias.com.br\/wp-content\/uploads\/2025\/10\/Drone-bombeiros-que-combate-incendio-em-edificio-outubro-2025-SNWellinton-Cunha-2-300x170.png 300w, https:\/\/www.sonoticias.com.br\/wp-content\/uploads\/2025\/10\/Drone-bombeiros-que-combate-incendio-em-edificio-outubro-2025-SNWellinton-Cunha-2-768x435.png 768w, https:\/\/www.sonoticias.com.br\/wp-content\/uploads\/2025\/10\/Drone-bombeiros-que-combate-incendio-em-edificio-outubro-2025-SNWellinton-Cunha-2-150x85.png 150w, https:\/\/www.sonoticias.com.br\/wp-content\/uploads\/2025\/10\/Drone-bombeiros-que-combate-incendio-em-edificio-outubro-2025-SNWellinton-Cunha-2-696x394.png 696w, https:\/\/www.sonoticias.com.br\/wp-content\/uploads\/2025\/10\/Drone-bombeiros-que-combate-incendio-em-edificio-outubro-2025-SNWellinton-Cunha-2-1068x605.png 1068w, https:\/\/www.sonoticias.com.br\/wp-content\/uploads\/2025\/10\/Drone-bombeiros-que-combate-incendio-em-edificio-outubro-2025-SNWellinton-Cunha-2.png 1482w\" data-lazy-sizes=\"(max-width: 1024px) 100vw, 1024px\" data-lazy-src=\"https:\/\/www.sonoticias.com.br\/wp-content\/uploads\/2025\/10\/Drone-bombeiros-que-combate-incendio-em-edificio-outubro-2025-SNWellinton-Cunha-2-1024x580.png\" data-ll-status=\"loaded\" \/><\/figure>\n<figure class=\"wp-block-image size-full\"><img loading=\"lazy\" decoding=\"async\" class=\"wp-image-1287292 entered lazyloaded td-animation-stack-type0-2\" src=\"https:\/\/www.sonoticias.com.br\/wp-content\/uploads\/2025\/10\/Cesar-Roveri-outubro-2025-SN.png\" sizes=\"(max-width: 866px) 100vw, 866px\" srcset=\"https:\/\/www.sonoticias.com.br\/wp-content\/uploads\/2025\/10\/Cesar-Roveri-outubro-2025-SN.png 866w, https:\/\/www.sonoticias.com.br\/wp-content\/uploads\/2025\/10\/Cesar-Roveri-outubro-2025-SN-300x215.png 300w, https:\/\/www.sonoticias.com.br\/wp-content\/uploads\/2025\/10\/Cesar-Roveri-outubro-2025-SN-768x552.png 768w, https:\/\/www.sonoticias.com.br\/wp-content\/uploads\/2025\/10\/Cesar-Roveri-outubro-2025-SN-150x108.png 150w, https:\/\/www.sonoticias.com.br\/wp-content\/uploads\/2025\/10\/Cesar-Roveri-outubro-2025-SN-696x500.png 696w\" alt=\"\" width=\"866\" height=\"622\" data-lazy-srcset=\"https:\/\/www.sonoticias.com.br\/wp-content\/uploads\/2025\/10\/Cesar-Roveri-outubro-2025-SN.png 866w, https:\/\/www.sonoticias.com.br\/wp-content\/uploads\/2025\/10\/Cesar-Roveri-outubro-2025-SN-300x215.png 300w, https:\/\/www.sonoticias.com.br\/wp-content\/uploads\/2025\/10\/Cesar-Roveri-outubro-2025-SN-768x552.png 768w, https:\/\/www.sonoticias.com.br\/wp-content\/uploads\/2025\/10\/Cesar-Roveri-outubro-2025-SN-150x108.png 150w, https:\/\/www.sonoticias.com.br\/wp-content\/uploads\/2025\/10\/Cesar-Roveri-outubro-2025-SN-696x500.png 696w\" data-lazy-sizes=\"(max-width: 866px) 100vw, 866px\" data-lazy-src=\"https:\/\/www.sonoticias.com.br\/wp-content\/uploads\/2025\/10\/Cesar-Roveri-outubro-2025-SN.png\" data-ll-status=\"loaded\" \/><\/figure>\n","protected":false},"excerpt":{"rendered":"<p>O secret\u00e1rio estadual de Seguran\u00e7a P\u00fablica, C\u00e9sar Roveri, e o comandante-geral do Corpo de Bombeiros,<\/p>\n","protected":false},"author":2,"featured_media":67422,"comment_status":"open","ping_status":"open","sticky":false,"template":"","format":"standard","meta":{"footnotes":""},"categories":[7,13],"tags":[],"aioseo_notices":[],"_links":{"self":[{"href":"https:\/\/portalnewsgta.com.br\/index.php\/wp-json\/wp\/v2\/posts\/67421"}],"collection":[{"href":"https:\/\/portalnewsgta.com.br\/index.php\/wp-json\/wp\/v2\/posts"}],"about":[{"href":"https:\/\/portalnewsgta.com.br\/index.php\/wp-json\/wp\/v2\/types\/post"}],"author":[{"embeddable":true,"href":"https:\/\/portalnewsgta.com.br\/index.php\/wp-json\/wp\/v2\/users\/2"}],"replies":[{"embeddable":true,"href":"https:\/\/portalnewsgta.com.br\/index.php\/wp-json\/wp\/v2\/comments?post=67421"}],"version-history":[{"count":1,"href":"https:\/\/portalnewsgta.com.br\/index.php\/wp-json\/wp\/v2\/posts\/67421\/revisions"}],"predecessor-version":[{"id":67423,"href":"https:\/\/portalnewsgta.com.br\/index.php\/wp-json\/wp\/v2\/posts\/67421\/revisions\/67423"}],"wp:featuredmedia":[{"embeddable":true,"href":"https:\/\/portalnewsgta.com.br\/index.php\/wp-json\/wp\/v2\/media\/67422"}],"wp:attachment":[{"href":"https:\/\/portalnewsgta.com.br\/index.php\/wp-json\/wp\/v2\/media?parent=67421"}],"wp:term":[{"taxonomy":"category","embeddable":true,"href":"https:\/\/portalnewsgta.com.br\/index.php\/wp-json\/wp\/v2\/categories?post=67421"},{"taxonomy":"post_tag","embeddable":true,"href":"https:\/\/portalnewsgta.com.br\/index.php\/wp-json\/wp\/v2\/tags?post=67421"}],"curies":[{"name":"wp","href":"https:\/\/api.w.org\/{rel}","templated":true}]}}