{"id":67226,"date":"2025-10-13T10:58:21","date_gmt":"2025-10-13T13:58:21","guid":{"rendered":"https:\/\/portalnewsgta.com.br\/?p=67226"},"modified":"2025-10-13T10:58:21","modified_gmt":"2025-10-13T13:58:21","slug":"botelho-ninguem-esta-tirando-jayme-ele-tem-que-se-posicionar","status":"publish","type":"post","link":"https:\/\/portalnewsgta.com.br\/index.php\/2025\/10\/13\/botelho-ninguem-esta-tirando-jayme-ele-tem-que-se-posicionar\/","title":{"rendered":"Botelho: &#8220;Ningu\u00e9m est\u00e1 tirando Jayme, ele tem que se posicionar&#8221;"},"content":{"rendered":"<section class=\"FullLine\">\n<div class=\"conteudo\">\n<h3>Deputado apontou risco de senador perder espa\u00e7o por n\u00e3o se posicionar sobre a candidatura<\/h3>\n<\/div>\n<\/section>\n<section>\n<div class=\"FullLine\">\n<div class=\"conteudo_foto\">\n<div class=\"imgcontent\">\n<p class=\"credito_foto\">Victor Ostetti\/MidiaNews<\/p>\n<p><a href=\"https:\/\/www.midianews.com.br\/\/storage\/webdisco\/2025\/09\/24\/886x590\/20b16a9647352501acb9d68763c2975b.jpg\" rel=\"lightbox\" data-title=\"O deputado estadual, Eduardo Botelho, que falou sobre eventual candidatura de Jayme Campos\"><img loading=\"lazy\" decoding=\"async\" id=\"img_conteudo\" class=\"img-responsive\" src=\"https:\/\/www.midianews.com.br\/\/storage\/webdisco\/2025\/09\/24\/438x291\/20b16a9647352501acb9d68763c2975b.jpg\" alt=\"O deputado estadual, Eduardo Botelho, que falou sobre eventual candidatura de Jayme Campos\" width=\"438\" height=\"292\" border=\"0\" \/><\/a><\/p>\n<p class=\"descricao_foto\">O deputado estadual, Eduardo Botelho, que falou sobre eventual candidatura de Jayme Campos<\/p>\n<\/div>\n<\/div>\n<div class=\"Font14Bold\">VIT\u00d3RIA GOMES<br \/>\nDA REDA\u00c7\u00c3O<\/div>\n<div id=\"texto\" class=\"texto\">\n<p>O deputado estadual Eduardo Botelho (Uni\u00e3o) negou que o partido tenha escanteado o senador Jayme Campos (Uni\u00e3o) para impedir que ele dispute como candidato ao Governo em 2026.<\/p>\n<p>&nbsp;<\/p>\n<div class=\"quote-wrapper right\">\n<div class=\"quote-img-wrapper right\"><img decoding=\"async\" class=\"quote-img right\" src=\"https:\/\/www.midianews.com.br\/images\/aspas_right.gif\" \/><\/div>\n<h2 class=\"quote-content\">Ningu\u00e9m que eu vi est\u00e1 tirando o Jayme, o fato \u00e9 que ele tamb\u00e9m tem que se posicionar no campo<\/h2>\n<\/div>\n<p>Desde o ano passado, quando come\u00e7aram as discuss\u00f5es sobre quem seria o nome a disputar a sucess\u00e3o do governador Mauro Mendes, Jayme reclamou de estar se sentindo \u201cexclu\u00eddo\u201d pelo grupo. Por\u00e9m, para Botelho, falta posicionamento a Jayme.<\/p>\n<p>&nbsp;<\/p>\n<p>\u201cEle tamb\u00e9m n\u00e3o falou ainda o que ele quer, n\u00e3o chamou o pessoal para dar um direcionamento. Ningu\u00e9m que eu vi est\u00e1 tirando o Jayme, o fato \u00e9 que ele tamb\u00e9m tem que se posicionar no campo, qual posi\u00e7\u00e3o que ele quer jogar\u201d, afirmou em entrevista ao\u00a0<strong>Veja Bem MT<\/strong>.<\/p>\n<p>&nbsp;<\/p>\n<p>Jayme tem tentado viabilizar seu nome como candidato do Uni\u00e3o Brasil e disputa espa\u00e7o no grupo de Mendes com o vice-governador, Otaviano Pivetta (Republicanos), que j\u00e1 se colocou como pr\u00e9-candidato do seu partido.<\/p>\n<div id=\"taboola-mid-article-thumbnails\" class=\"trc_related_container tbl-trecs-container trc_spotlight_widget trc_elastic trc_elastic_alternating-thumbnails-a-mid-article\" data-placement-name=\"Mid Article Thumbnails\">\n<div class=\"trc_rbox_container\">\n<div>\n<div id=\"trc_wrapper_7277623640\" class=\"trc_rbox alternating-thumbnails-a-mid-article trc-content-hybrid\">\n<div id=\"trc_header_7277623640\" class=\"trc_rbox_header trc_rbox_border_elm\">\n<div class=\"trc_header_ext\"><\/div>\n<\/div>\n<\/div>\n<\/div>\n<\/div>\n<\/div>\n<p>&nbsp;<\/p>\n<p>Apesar de mostrar interesse pelo Governo, Jayme ainda n\u00e3o cravou seu nome como pr\u00e9-candidato e disse que tamb\u00e9m estaria aberto para tentar a reelei\u00e7\u00e3o do Senado. De acordo com ele, n\u00e3o haveria inten\u00e7\u00e3o de impor candidatura.<\/p>\n<p>&nbsp;<\/p>\n<p>Segundo Botelho, essa falta de defini\u00e7\u00e3o do senador pode estar prejudicando sua constru\u00e7\u00e3o dentro do Uni\u00e3o Brasil, pois abre espa\u00e7o para outros nomes se fortalecerem.<\/p>\n<p>&nbsp;<\/p>\n<p>\u201cElei\u00e7\u00e3o \u00e9 igual jogo de futebol, um dando empurr\u00e3ozinho no outro. Se voc\u00ea bobear evidentemente vai ficar [escanteado]. Agora, depende dele colocar o time em campo\u201d, disse.<\/p>\n<p>&nbsp;<\/p>\n<p>\u201cEle tem essa oportunidade de dizer: \u2018Olha, eu pretendo isso\u2019 ou \u2018eu quero mais um tempo para pensar\u2019. Tudo bem, \u00e9 uma decis\u00e3o dele. \u00c9 uma coloca\u00e7\u00e3o que ele pode fazer\u201d.<\/p>\n<p>&nbsp;<\/p>\n<p><strong>Veja v\u00eddeo:<\/strong><\/p>\n<p>&nbsp;<\/p>\n<p><iframe loading=\"lazy\" title=\"Botelho fala sobre escanteamento de Jayme Campos\" src=\"https:\/\/www.youtube.com\/embed\/XXYiNjXia6o\" width=\"315\" height=\"576\" frameborder=\"0\" allowfullscreen=\"allowfullscreen\" data-mce-fragment=\"1\"><\/iframe><\/p>\n<p>&nbsp;<\/p>\n<\/div>\n<\/div>\n<\/section>\n","protected":false},"excerpt":{"rendered":"<p>Deputado apontou risco de senador perder espa\u00e7o por n\u00e3o se posicionar sobre a candidatura Victor<\/p>\n","protected":false},"author":2,"featured_media":67227,"comment_status":"open","ping_status":"open","sticky":false,"template":"","format":"standard","meta":{"footnotes":""},"categories":[13,2],"tags":[1693],"aioseo_notices":[],"_links":{"self":[{"href":"https:\/\/portalnewsgta.com.br\/index.php\/wp-json\/wp\/v2\/posts\/67226"}],"collection":[{"href":"https:\/\/portalnewsgta.com.br\/index.php\/wp-json\/wp\/v2\/posts"}],"about":[{"href":"https:\/\/portalnewsgta.com.br\/index.php\/wp-json\/wp\/v2\/types\/post"}],"author":[{"embeddable":true,"href":"https:\/\/portalnewsgta.com.br\/index.php\/wp-json\/wp\/v2\/users\/2"}],"replies":[{"embeddable":true,"href":"https:\/\/portalnewsgta.com.br\/index.php\/wp-json\/wp\/v2\/comments?post=67226"}],"version-history":[{"count":1,"href":"https:\/\/portalnewsgta.com.br\/index.php\/wp-json\/wp\/v2\/posts\/67226\/revisions"}],"predecessor-version":[{"id":67228,"href":"https:\/\/portalnewsgta.com.br\/index.php\/wp-json\/wp\/v2\/posts\/67226\/revisions\/67228"}],"wp:featuredmedia":[{"embeddable":true,"href":"https:\/\/portalnewsgta.com.br\/index.php\/wp-json\/wp\/v2\/media\/67227"}],"wp:attachment":[{"href":"https:\/\/portalnewsgta.com.br\/index.php\/wp-json\/wp\/v2\/media?parent=67226"}],"wp:term":[{"taxonomy":"category","embeddable":true,"href":"https:\/\/portalnewsgta.com.br\/index.php\/wp-json\/wp\/v2\/categories?post=67226"},{"taxonomy":"post_tag","embeddable":true,"href":"https:\/\/portalnewsgta.com.br\/index.php\/wp-json\/wp\/v2\/tags?post=67226"}],"curies":[{"name":"wp","href":"https:\/\/api.w.org\/{rel}","templated":true}]}}