{"id":67219,"date":"2025-10-13T10:55:10","date_gmt":"2025-10-13T13:55:10","guid":{"rendered":"https:\/\/portalnewsgta.com.br\/?p=67219"},"modified":"2025-10-13T10:55:23","modified_gmt":"2025-10-13T13:55:23","slug":"stf-voto-legal-e-militares-dino-comanda-julgamento-do-nucleo-da-desinformacao","status":"publish","type":"post","link":"https:\/\/portalnewsgta.com.br\/index.php\/2025\/10\/13\/stf-voto-legal-e-militares-dino-comanda-julgamento-do-nucleo-da-desinformacao\/","title":{"rendered":"STF, Voto Legal e militares; Dino comanda julgamento do &#8216;N\u00facleo da Desinforma\u00e7\u00e3o&#8217;"},"content":{"rendered":"<p class=\"credito-1\">Gustavo Moreno\/STF<\/p>\n<p><span class=\"img-conteudo pull-left\"><a href=\"https:\/\/www.gazetadigital.com.br\/storage\/webdisco\/2025\/10\/10\/1200x900\/2312aff0fab8e58d068372c1bea5519d.jpg\" data-fancybox=\"gallery\" data-caption=\"Gustavo Moreno\/STF\"><img decoding=\"async\" src=\"https:\/\/www.gazetadigital.com.br\/storage\/webdisco\/2025\/10\/10\/431x285\/2312aff0fab8e58d068372c1bea5519d.jpg\" alt=\"Gustavo Moreno\/STF\" \/><\/a><\/span><\/p>\n<p><img decoding=\"async\" class=\"pull-left img-responsive\" src=\"https:\/\/www.gazetadigital.com.br\/storage\/webdisco\/2018\/09\/11\/120x80\/f304b94f4631171ec9b90cb3819249b2.jpg\" alt=\"\" \/><\/p>\n<div id=\"text-content\" class=\"mb20\">\n<p>A 1\u00aa Turma do STF (Supremo Tribunal Federal) inicia, nesta ter\u00e7a-feira (14), o julgamento do N\u00facleo 4 da trama golpista.<\/p>\n<p>Segundo a den\u00fancia da PGR (Procuradoria-Geral da Rep\u00fablica), o grupo seria respons\u00e1vel por espalhar not\u00edcias falsas e atacar institui\u00e7\u00f5es e autoridades.<\/p>\n<p>No banco dos r\u00e9us est\u00e3o militares, al\u00e9m de um policial federal e do presidente do Instituto Voto Legal (veja lista completa abaixo).A a\u00e7\u00e3o tamb\u00e9m marca a estreia do ministro Fl\u00e1vio Dino na presid\u00eancia de um julgamento sobre a tentativa de golpe na 1\u00aa Turma da Corte.<\/p>\n<p>Entenda em cinco pontos o julgamento nesta ter\u00e7a-feira (14):<\/p>\n<p>&nbsp;<\/p>\n<p><strong>Quem est\u00e1 sendo julgado?<\/strong><br \/>\nOs r\u00e9us deste n\u00facleo s\u00e3o:<\/p>\n<p>&nbsp;<\/p>\n<p>Ailton Gon\u00e7alves Moraes Barros (major da reserva do Ex\u00e9rcito);<br \/>\n\u00c2ngelo Martins Denicoli (major da reserva do Ex\u00e9rcito);<br \/>\nGiancarlo Gomes Rodrigues (subtenente do Ex\u00e9rcito);<br \/>\nGuilherme Marques de Almeida (tenente-coronel do Ex\u00e9rcito);<br \/>\nReginaldo Vieira de Abreu (coronel do Ex\u00e9rcito);<br \/>\nMarcelo Ara\u00fajo Bormevet (policial federal) e<br \/>\nCarlos Cesar Moretzsohn Rocha (presidente do Instituto Voto Legal).<\/p>\n<p><strong>Do que eles est\u00e3o sendo acusados?<\/strong><\/p>\n<p>Os r\u00e9us desse n\u00facleo s\u00e3o acusados pela PGR de organizar a\u00e7\u00f5es de desinforma\u00e7\u00e3o para propagar not\u00edcias falsas sobre o processo eleitoral e ataques virtuais a institui\u00e7\u00f5es e autoridades em 2022.<\/p>\n<p>&nbsp;<\/p>\n<p><strong>Quem vai julgar?<\/strong><\/p>\n<p>Assim como o julgamento do N\u00facleo 1, os r\u00e9us v\u00e3o ser julgados pelos ministros da 1\u00aa Turma do STF. Por\u00e9m, a mudan\u00e7a \u00e9 que, diferente da a\u00e7\u00e3o passada, o colegiado passa a ser presidido pelo ministro Fl\u00e1vio Dino, indicado pelo presidente Luiz In\u00e1cio Lula da Silva.<\/p>\n<p>&nbsp;<\/p>\n<p>Confira os ministros da 1\u00aa Turma:<\/p>\n<p>Fl\u00e1vio Dino (presidente);<br \/>\nAlexandre de Moraes (relator);<br \/>\nCristiano Zanin;<br \/>\nLuiz Fux e<br \/>\nC\u00e1rmen L\u00facia.<\/p>\n<p><strong>Quais datas est\u00e3o reservadas para o julgamento?<\/strong><\/p>\n<p>O rito seguir\u00e1 o padr\u00e3o adotado nas demais a\u00e7\u00f5es penais, com leitura do relat\u00f3rio, sustenta\u00e7\u00f5es orais da acusa\u00e7\u00e3o e das defesas e votos.<\/p>\n<p>&nbsp;<\/p>\n<p>As sess\u00f5es est\u00e3o marcadas para 14, 15, 21 e 22 de outubro, na Primeira Turma do STF.<\/p>\n<p>&nbsp;<\/p>\n<p><strong>Por quais crimes eles podem ser condenados?<\/strong><\/p>\n<p>Os r\u00e9us do N\u00facleo 4 respondem por tentativa de aboli\u00e7\u00e3o violenta do Estado Democr\u00e1tico de Direito, tentativa de golpe de Estado, participa\u00e7\u00e3o em organiza\u00e7\u00e3o criminosa armada, dano qualificado e deteriora\u00e7\u00e3o de patrim\u00f4nio tombado.<\/p>\n<p>&nbsp;<\/p>\n<p><strong>N\u00facleo 1<\/strong><\/p>\n<p>No \u00faltimo dia 11 de setembro, o ex-presidente Jair Bolsonaro e outros sete r\u00e9us do N\u00facleo 1 da trama golpista foram condenados pela Primeira Turma do STF por crimes como tentativa de golpe de Estado. Bolsonaro recebeu a pena de 27 anos e 3 meses de pris\u00e3o.<\/p>\n<\/div>\n","protected":false},"excerpt":{"rendered":"<p>Gustavo Moreno\/STF A 1\u00aa Turma do STF (Supremo Tribunal Federal) inicia, nesta ter\u00e7a-feira (14), o<\/p>\n","protected":false},"author":2,"featured_media":67220,"comment_status":"open","ping_status":"open","sticky":false,"template":"","format":"standard","meta":{"footnotes":""},"categories":[13,2],"tags":[1691],"aioseo_notices":[],"_links":{"self":[{"href":"https:\/\/portalnewsgta.com.br\/index.php\/wp-json\/wp\/v2\/posts\/67219"}],"collection":[{"href":"https:\/\/portalnewsgta.com.br\/index.php\/wp-json\/wp\/v2\/posts"}],"about":[{"href":"https:\/\/portalnewsgta.com.br\/index.php\/wp-json\/wp\/v2\/types\/post"}],"author":[{"embeddable":true,"href":"https:\/\/portalnewsgta.com.br\/index.php\/wp-json\/wp\/v2\/users\/2"}],"replies":[{"embeddable":true,"href":"https:\/\/portalnewsgta.com.br\/index.php\/wp-json\/wp\/v2\/comments?post=67219"}],"version-history":[{"count":2,"href":"https:\/\/portalnewsgta.com.br\/index.php\/wp-json\/wp\/v2\/posts\/67219\/revisions"}],"predecessor-version":[{"id":67222,"href":"https:\/\/portalnewsgta.com.br\/index.php\/wp-json\/wp\/v2\/posts\/67219\/revisions\/67222"}],"wp:featuredmedia":[{"embeddable":true,"href":"https:\/\/portalnewsgta.com.br\/index.php\/wp-json\/wp\/v2\/media\/67220"}],"wp:attachment":[{"href":"https:\/\/portalnewsgta.com.br\/index.php\/wp-json\/wp\/v2\/media?parent=67219"}],"wp:term":[{"taxonomy":"category","embeddable":true,"href":"https:\/\/portalnewsgta.com.br\/index.php\/wp-json\/wp\/v2\/categories?post=67219"},{"taxonomy":"post_tag","embeddable":true,"href":"https:\/\/portalnewsgta.com.br\/index.php\/wp-json\/wp\/v2\/tags?post=67219"}],"curies":[{"name":"wp","href":"https:\/\/api.w.org\/{rel}","templated":true}]}}