{"id":67216,"date":"2025-10-13T10:54:17","date_gmt":"2025-10-13T13:54:17","guid":{"rendered":"https:\/\/portalnewsgta.com.br\/?p=67216"},"modified":"2025-10-13T10:54:17","modified_gmt":"2025-10-13T13:54:17","slug":"alckmin-diz-que-lula-pediu-suspensao-de-tarifa-de-40-a-trump-e-que-rubio-nao-e-problema","status":"publish","type":"post","link":"https:\/\/portalnewsgta.com.br\/index.php\/2025\/10\/13\/alckmin-diz-que-lula-pediu-suspensao-de-tarifa-de-40-a-trump-e-que-rubio-nao-e-problema\/","title":{"rendered":"Alckmin diz que Lula pediu suspens\u00e3o de tarifa de 40% a Trump e que Rubio n\u00e3o \u00e9 problema"},"content":{"rendered":"<p class=\"credito-1\">Valter Campanato\/Ag\u00eancia Brasil<\/p>\n<p><span class=\"img-conteudo pull-left\"><a href=\"https:\/\/www.gazetadigital.com.br\/storage\/webdisco\/2025\/07\/15\/1200x900\/2fdc0708021f17ba61ab22b99e76d1c2.jpg\" data-fancybox=\"gallery\" data-caption=\"Valter Campanato\/Ag\u00eancia Brasil\"><img decoding=\"async\" src=\"https:\/\/www.gazetadigital.com.br\/storage\/webdisco\/2025\/07\/15\/431x285\/2fdc0708021f17ba61ab22b99e76d1c2.jpg\" alt=\"Valter Campanato\/Ag\u00eancia Brasil\" \/><\/a><\/span><\/p>\n<p class=\"img-conteudo-desc\">\n<p><img decoding=\"async\" class=\"pull-left img-responsive\" src=\"https:\/\/www.gazetadigital.com.br\/storage\/webdisco\/2018\/09\/11\/120x80\/c10c88c6ae9ade049b00d53e2c1493c8.jpg\" alt=\"\" \/><\/p>\n<div id=\"text-content\" class=\"mb20\">\n<p>O vice-presidente, ministro do Desenvolvimento e um dos principais articuladores pelo fim do tarifa\u00e7o com os Estados Unidos, Geraldo Alckmin, se disse otimista com a possibilidade de o presidente americano, Donald Trump, aceitar o pedido do Brasil de suspender a tarifa de 40% sobre produtos brasileiros. O presidente Luiz In\u00e1cio Lula da Silva (PT) conversou com Trump por telefone na semana passada.<\/p>\n<p>&nbsp;<\/p>\n<p>\u2018O pedido do presidente Lula para o presidente Trump foi que enquanto negocia, suspenda os 40%. Esse foi o pleito. A\u00ed temos um ganha-ganha. H\u00e1 muita possibilidade de parceria entre Brasil e EUA\u2018, disse o vice-presidente neste domingo, 12. \u2018Pode ter a\u00ed um avan\u00e7o importante, j\u00e1 avan\u00e7amos. A celulose saiu do tarifa\u00e7o, hoje celulose e ferro-n\u00edquel j\u00e1 \u00e9 0%, isso d\u00e1 4% da exporta\u00e7\u00e3o brasileira. Na semana passada, madeira serrada e macia dava 50%, veio para 10%. Arm\u00e1rio, sof\u00e1, m\u00f3veis, dava em 50%, veio para 25%. O que n\u00f3s precisamos \u00e9 avan\u00e7ar mais depressa\u2018, continuou em conversa com jornalistas ap\u00f3s participar de missa em Aparecida (SP).<\/p>\n<p>&nbsp;<\/p>\n<p>H\u00e1 expectativa de que os l\u00edderes se encontrem pessoalmente na Mal\u00e1sia, no fim do m\u00eas, ap\u00f3s um breve encontro na assembleia-geral da ONU pavimentar o caminho do di\u00e1logo. Alckmin disse tamb\u00e9m que n\u00e3o v\u00ea empecilhos na negocia\u00e7\u00e3o com os EUA com a indica\u00e7\u00e3o do secret\u00e1rio de Estado dos Estados Unidos, Marco Rubio, para ser interlocutor do lado americano. \u2018N\u00e3o acredito (que o nome atrapalhe o di\u00e1logo). A orienta\u00e7\u00e3o do presidente (dos EUA, Donald) Trump foi muito clara. N\u00f3s queremos fazer um di\u00e1logo e entendimento, e o Brasil sempre defendeu isso\u2018, considerou.<\/p>\n<p>&nbsp;<\/p>\n<p>A indica\u00e7\u00e3o de Rubio gerou apreens\u00e3o no governo e foi comemorada pela direita. Recentemente, Rubio fez dezenas de cr\u00edticas ao ministro do Superior Tribunal Federal (STF) Alexandre de Moraes, e foi um dos respons\u00e1veis por anunciar a aplica\u00e7\u00e3o da Lei Magnitsky contra o ministro e sua mulher.<\/p>\n<p>&nbsp;<\/p>\n<p>Rubio j\u00e1 se encontrou algumas vezes com o deputado federal Eduardo Bolsonaro e fez coment\u00e1rios p\u00fablicos amea\u00e7adores sobre a condena\u00e7\u00e3o do ex-presidente Jair Bolsonaro, com quem tamb\u00e9m se reuniu no passado.<\/p>\n<p>&nbsp;<\/p>\n<p>Alckmin disse ainda que acha que o Brasil avan\u00e7ou no combate \u00e0 pobreza com a sa\u00edda do Pa\u00eds do Mapa da Fome da ONU, mas destacou que a \u2018tarefa nunca vai terminar\u2018. \u2018\u00c9 importante cada dia avan\u00e7ar mais, no sentido da gente melhorar a qualidade de vida da nossa popula\u00e7\u00e3o\u2018, afirmou.<\/p>\n<\/div>\n","protected":false},"excerpt":{"rendered":"<p>Valter Campanato\/Ag\u00eancia Brasil O vice-presidente, ministro do Desenvolvimento e um dos principais articuladores pelo fim<\/p>\n","protected":false},"author":2,"featured_media":67217,"comment_status":"open","ping_status":"open","sticky":false,"template":"","format":"standard","meta":{"footnotes":""},"categories":[13,2],"tags":[],"aioseo_notices":[],"_links":{"self":[{"href":"https:\/\/portalnewsgta.com.br\/index.php\/wp-json\/wp\/v2\/posts\/67216"}],"collection":[{"href":"https:\/\/portalnewsgta.com.br\/index.php\/wp-json\/wp\/v2\/posts"}],"about":[{"href":"https:\/\/portalnewsgta.com.br\/index.php\/wp-json\/wp\/v2\/types\/post"}],"author":[{"embeddable":true,"href":"https:\/\/portalnewsgta.com.br\/index.php\/wp-json\/wp\/v2\/users\/2"}],"replies":[{"embeddable":true,"href":"https:\/\/portalnewsgta.com.br\/index.php\/wp-json\/wp\/v2\/comments?post=67216"}],"version-history":[{"count":1,"href":"https:\/\/portalnewsgta.com.br\/index.php\/wp-json\/wp\/v2\/posts\/67216\/revisions"}],"predecessor-version":[{"id":67218,"href":"https:\/\/portalnewsgta.com.br\/index.php\/wp-json\/wp\/v2\/posts\/67216\/revisions\/67218"}],"wp:featuredmedia":[{"embeddable":true,"href":"https:\/\/portalnewsgta.com.br\/index.php\/wp-json\/wp\/v2\/media\/67217"}],"wp:attachment":[{"href":"https:\/\/portalnewsgta.com.br\/index.php\/wp-json\/wp\/v2\/media?parent=67216"}],"wp:term":[{"taxonomy":"category","embeddable":true,"href":"https:\/\/portalnewsgta.com.br\/index.php\/wp-json\/wp\/v2\/categories?post=67216"},{"taxonomy":"post_tag","embeddable":true,"href":"https:\/\/portalnewsgta.com.br\/index.php\/wp-json\/wp\/v2\/tags?post=67216"}],"curies":[{"name":"wp","href":"https:\/\/api.w.org\/{rel}","templated":true}]}}