{"id":67213,"date":"2025-10-13T10:47:36","date_gmt":"2025-10-13T13:47:36","guid":{"rendered":"https:\/\/portalnewsgta.com.br\/?p=67213"},"modified":"2025-10-13T10:47:36","modified_gmt":"2025-10-13T13:47:36","slug":"prefeitura-de-colider-investe-na-aquisicao-de-lombadas-modulares-para-reforcar-seguranca-no-transito","status":"publish","type":"post","link":"https:\/\/portalnewsgta.com.br\/index.php\/2025\/10\/13\/prefeitura-de-colider-investe-na-aquisicao-de-lombadas-modulares-para-reforcar-seguranca-no-transito\/","title":{"rendered":"Prefeitura de Col\u00edder investe na aquisi\u00e7\u00e3o de lombadas modulares para refor\u00e7ar seguran\u00e7a no tr\u00e2nsito"},"content":{"rendered":"<div class=\"td_block_wrap tdb_single_featured_image tdi_53 tdb-content-horiz-left td-pb-border-top td_block_template_1\" data-td-block-uid=\"tdi_53\">\n<div class=\"tdb-block-inner td-fix-index\">\n<figure><figcaption class=\"tdb-caption-text\">Foto: Reprodu\u00e7\u00e3o Safe Park<\/figcaption><\/figure>\n<\/div>\n<\/div>\n<div class=\"td_block_wrap tdb_single_content tdi_54 td-pb-border-top td_block_template_1 td-post-content tagdiv-type\" data-td-block-uid=\"tdi_54\">\n<div class=\"tdb-block-inner td-fix-index\">\n<p>A Prefeitura de Col\u00edder, por meio da Secretaria Municipal de Infraestrutura, Obras e Urbanismo, anunciou a\u00a0<strong>contrata\u00e7\u00e3o da empresa EMK Ind\u00fastria e Com\u00e9rcio de Pl\u00e1sticos Ltda.<\/strong>\u00a0para o\u00a0<strong>fornecimento de lombadas com ondula\u00e7\u00e3o transversal modular tipo B<\/strong>, em um investimento de\u00a0<strong>R$ 76.500,00<\/strong>.<\/p>\n<p>O contrato ser\u00e1 executado por meio de\u00a0<strong>ades\u00e3o \u00e0 Ata de Registro de Pre\u00e7os n\u00ba 024\/2025<\/strong>, oriunda do\u00a0<strong>Preg\u00e3o Eletr\u00f4nico n\u00ba 002\/2025<\/strong>, realizado pela\u00a0<strong>Prefeitura de Feliz Natal (MT)<\/strong>. O fornecimento atender\u00e1 \u00e0s\u00a0<strong>demandas crescentes por dispositivos redutores de velocidade<\/strong>\u00a0em vias de grande circula\u00e7\u00e3o do per\u00edmetro urbano de Col\u00edder, especialmente em \u00e1reas com fluxo intenso de pedestres, como\u00a0<strong>escolas, unidades de sa\u00fade, pra\u00e7as p\u00fablicas e cruzamentos<\/strong>\u00a0com hist\u00f3rico de acidentes.<\/p>\n<h3><strong>Aquisi\u00e7\u00e3o e especifica\u00e7\u00f5es<\/strong><\/h3>\n<p>Ser\u00e3o adquiridas\u00a0<strong>360 unidades de lombadas modulares tipo B<\/strong>, com dimens\u00f5es de\u00a0<strong>75 cm x 50 cm<\/strong>\u00a0e\u00a0<strong>altura entre 8 e 10 cm<\/strong>, em conformidade com as especifica\u00e7\u00f5es t\u00e9cnicas do\u00a0<strong>Conselho Nacional de Tr\u00e2nsito (CONTRAN)<\/strong>.<\/p>\n<h3><strong>Vantagens do modelo modular<\/strong><\/h3>\n<p>A lombada modular tipo B apresenta\u00a0<strong>diversos benef\u00edcios<\/strong>\u00a0em compara\u00e7\u00e3o aos redutores tradicionais de asfalto ou concreto, entre eles:<\/p>\n<ul>\n<li><strong>Padroniza\u00e7\u00e3o t\u00e9cnica<\/strong>\u00a0conforme as normas do CONTRAN;<\/li>\n<li><strong>Instala\u00e7\u00e3o r\u00e1pida<\/strong>\u00a0e\u00a0<strong>baixo impacto operacional<\/strong>;<\/li>\n<li><strong>Maior durabilidade<\/strong>\u00a0e\u00a0<strong>resist\u00eancia ao tr\u00e1fego intenso<\/strong>;<\/li>\n<li><strong>Possibilidade de remo\u00e7\u00e3o e reinstala\u00e7\u00e3o<\/strong>, conforme a necessidade;<\/li>\n<li><strong>Redu\u00e7\u00e3o de custos de manuten\u00e7\u00e3o<\/strong>\u00a0em longo prazo.<\/li>\n<\/ul>\n<p>A Secretaria de Infraestrutura destaca que o investimento visa\u00a0<strong>melhorar a seguran\u00e7a vi\u00e1ria e reduzir o n\u00famero de acidentes<\/strong>, promovendo um\u00a0<strong>tr\u00e2nsito mais seguro e organizado<\/strong>\u00a0em Col\u00edder. O projeto integra as a\u00e7\u00f5es cont\u00ednuas de\u00a0<strong>moderniza\u00e7\u00e3o da infraestrutura urbana<\/strong>\u00a0e de\u00a0<strong>valoriza\u00e7\u00e3o da mobilidade sustent\u00e1vel<\/strong>\u00a0no munic\u00edpio.<\/p>\n<\/div>\n<\/div>\n","protected":false},"excerpt":{"rendered":"<p>Foto: Reprodu\u00e7\u00e3o Safe Park A Prefeitura de Col\u00edder, por meio da Secretaria Municipal de Infraestrutura,<\/p>\n","protected":false},"author":2,"featured_media":67214,"comment_status":"open","ping_status":"open","sticky":false,"template":"","format":"standard","meta":{"footnotes":""},"categories":[7,13],"tags":[],"aioseo_notices":[],"_links":{"self":[{"href":"https:\/\/portalnewsgta.com.br\/index.php\/wp-json\/wp\/v2\/posts\/67213"}],"collection":[{"href":"https:\/\/portalnewsgta.com.br\/index.php\/wp-json\/wp\/v2\/posts"}],"about":[{"href":"https:\/\/portalnewsgta.com.br\/index.php\/wp-json\/wp\/v2\/types\/post"}],"author":[{"embeddable":true,"href":"https:\/\/portalnewsgta.com.br\/index.php\/wp-json\/wp\/v2\/users\/2"}],"replies":[{"embeddable":true,"href":"https:\/\/portalnewsgta.com.br\/index.php\/wp-json\/wp\/v2\/comments?post=67213"}],"version-history":[{"count":1,"href":"https:\/\/portalnewsgta.com.br\/index.php\/wp-json\/wp\/v2\/posts\/67213\/revisions"}],"predecessor-version":[{"id":67215,"href":"https:\/\/portalnewsgta.com.br\/index.php\/wp-json\/wp\/v2\/posts\/67213\/revisions\/67215"}],"wp:featuredmedia":[{"embeddable":true,"href":"https:\/\/portalnewsgta.com.br\/index.php\/wp-json\/wp\/v2\/media\/67214"}],"wp:attachment":[{"href":"https:\/\/portalnewsgta.com.br\/index.php\/wp-json\/wp\/v2\/media?parent=67213"}],"wp:term":[{"taxonomy":"category","embeddable":true,"href":"https:\/\/portalnewsgta.com.br\/index.php\/wp-json\/wp\/v2\/categories?post=67213"},{"taxonomy":"post_tag","embeddable":true,"href":"https:\/\/portalnewsgta.com.br\/index.php\/wp-json\/wp\/v2\/tags?post=67213"}],"curies":[{"name":"wp","href":"https:\/\/api.w.org\/{rel}","templated":true}]}}