{"id":67207,"date":"2025-10-13T10:45:30","date_gmt":"2025-10-13T13:45:30","guid":{"rendered":"https:\/\/portalnewsgta.com.br\/?p=67207"},"modified":"2025-10-13T10:45:30","modified_gmt":"2025-10-13T13:45:30","slug":"fe-e-devocao-colider-comemorou-o-dia-de-nossa-senhora-aparecida","status":"publish","type":"post","link":"https:\/\/portalnewsgta.com.br\/index.php\/2025\/10\/13\/fe-e-devocao-colider-comemorou-o-dia-de-nossa-senhora-aparecida\/","title":{"rendered":"F\u00e9 e devo\u00e7\u00e3o: Col\u00edder comemorou o dia de Nossa Senhora Aparecida"},"content":{"rendered":"<p>Por: Angela Foga\u00e7a\/Nort\u00e3o Online<\/p>\n<figure class=\"mb-2\" data-v-70493042=\"\"><figcaption class=\"text-body-2 font-weight-bold grey--text text--darken-2\" data-v-70493042=\"\">Foto por: Wedson Garcia<\/figcaption><\/figure>\n<div class=\"ck-content font-weight-medium mb-4\" data-v-70493042=\"\">\n<p>Col\u00edder esteve em festa neste domingo, com a Festa da Padroeira, Nossa Senhora Aparecida, com uma programa\u00e7\u00e3o repleta de f\u00e9 e celebra\u00e7\u00e3o.<\/p>\n<p>O Dia da Padroeira come\u00e7ou com a Carreata \u00e0s 7h, seguida da Prociss\u00e3o \u00e0s 8h e da Santa Missa \u00e0s 9h, momento central da celebra\u00e7\u00e3o.<\/p>\n<p>A carreata e prociss\u00e3o, mesmo sob uma chuva fina, reuniu fi\u00e9is e foi saudada por moradores por onde passava.<\/p>\n<p>Ap\u00f3s as atividades religiosas, a comunidade participou de um almo\u00e7o festivo e leil\u00e3o beneficente.<\/p>\n<p>A festa da Padroeira \u00e9 uma das mais tradicionais do munic\u00edpio, unindo f\u00e9, cultura e solidariedade, e refor\u00e7ando a devo\u00e7\u00e3o dos colidenses a Nossa Senhora Aparecida.<\/p>\n<figure class=\"image\"><img decoding=\"async\" src=\"https:\/\/admin.nortaoonline.com\/upload\/9\/36129\/68ece8652de3ba8b90.jpg\" \/><\/figure>\n<figure class=\"image\"><img decoding=\"async\" src=\"https:\/\/admin.nortaoonline.com\/upload\/9\/36129\/68ece864c9beacd811.jpg\" \/><\/figure>\n<figure class=\"image\"><img decoding=\"async\" src=\"https:\/\/admin.nortaoonline.com\/upload\/9\/36129\/68ece865c394151202.jpg\" \/><\/figure>\n<figure class=\"image\"><img decoding=\"async\" src=\"https:\/\/admin.nortaoonline.com\/upload\/9\/36129\/68ece8656f6258baf3.jpg\" \/><\/figure>\n<figure class=\"image\"><img decoding=\"async\" src=\"https:\/\/admin.nortaoonline.com\/upload\/9\/36129\/68ece864911a9289bb.jpg\" \/><\/figure>\n<\/div>\n<div class=\"font-weight-bold grey--text text--darken-2 mb-4\" data-v-70493042=\"\">Fonte: Angela Foga\u00e7a\/Nort\u00e3o Online<\/div>\n","protected":false},"excerpt":{"rendered":"<p>Por: Angela Foga\u00e7a\/Nort\u00e3o Online Foto por: Wedson Garcia Col\u00edder esteve em festa neste domingo, com<\/p>\n","protected":false},"author":2,"featured_media":67208,"comment_status":"open","ping_status":"open","sticky":false,"template":"","format":"standard","meta":{"footnotes":""},"categories":[7,13],"tags":[],"aioseo_notices":[],"_links":{"self":[{"href":"https:\/\/portalnewsgta.com.br\/index.php\/wp-json\/wp\/v2\/posts\/67207"}],"collection":[{"href":"https:\/\/portalnewsgta.com.br\/index.php\/wp-json\/wp\/v2\/posts"}],"about":[{"href":"https:\/\/portalnewsgta.com.br\/index.php\/wp-json\/wp\/v2\/types\/post"}],"author":[{"embeddable":true,"href":"https:\/\/portalnewsgta.com.br\/index.php\/wp-json\/wp\/v2\/users\/2"}],"replies":[{"embeddable":true,"href":"https:\/\/portalnewsgta.com.br\/index.php\/wp-json\/wp\/v2\/comments?post=67207"}],"version-history":[{"count":1,"href":"https:\/\/portalnewsgta.com.br\/index.php\/wp-json\/wp\/v2\/posts\/67207\/revisions"}],"predecessor-version":[{"id":67209,"href":"https:\/\/portalnewsgta.com.br\/index.php\/wp-json\/wp\/v2\/posts\/67207\/revisions\/67209"}],"wp:featuredmedia":[{"embeddable":true,"href":"https:\/\/portalnewsgta.com.br\/index.php\/wp-json\/wp\/v2\/media\/67208"}],"wp:attachment":[{"href":"https:\/\/portalnewsgta.com.br\/index.php\/wp-json\/wp\/v2\/media?parent=67207"}],"wp:term":[{"taxonomy":"category","embeddable":true,"href":"https:\/\/portalnewsgta.com.br\/index.php\/wp-json\/wp\/v2\/categories?post=67207"},{"taxonomy":"post_tag","embeddable":true,"href":"https:\/\/portalnewsgta.com.br\/index.php\/wp-json\/wp\/v2\/tags?post=67207"}],"curies":[{"name":"wp","href":"https:\/\/api.w.org\/{rel}","templated":true}]}}