{"id":67189,"date":"2025-10-13T10:26:47","date_gmt":"2025-10-13T13:26:47","guid":{"rendered":"https:\/\/portalnewsgta.com.br\/?p=67189"},"modified":"2025-10-13T10:27:00","modified_gmt":"2025-10-13T13:27:00","slug":"policia-civil-prende-uma-pessoa-e-localiza-corpo-de-jovem-assassinado-por-simpatizar-com-a-policia","status":"publish","type":"post","link":"https:\/\/portalnewsgta.com.br\/index.php\/2025\/10\/13\/policia-civil-prende-uma-pessoa-e-localiza-corpo-de-jovem-assassinado-por-simpatizar-com-a-policia\/","title":{"rendered":"Pol\u00edcia Civil prende uma pessoa e localiza corpo de jovem assassinado por simpatizar com a pol\u00edcia"},"content":{"rendered":"<h5>V\u00edtima foi sequestrada por fac\u00e7\u00e3o criminosa ap\u00f3s ser vista cumprimentando policial<\/h5>\n<div>Karina Cabral\u00a0|\u00a0Pol\u00edcia Civil &#8211; MT<\/div>\n<div><\/div>\n<div>\n<div class=\"full-content\">\n<p>A Delegacia de Vila Rica prendeu uma pessoa e localizou, nesse s\u00e1bado (11.10), o corpo de Gabriel dos Santos Viana, de 19 anos, que estava desaparecido desde o dia 27 de setembro.<\/p>\n<p>A irm\u00e3 de Gabriel registrou um boletim de ocorr\u00eancia por desaparecimento no dia 29 de setembro, dizendo que o irm\u00e3o teria ido a uma festa e n\u00e3o foi mais visto. Ela tinha a informa\u00e7\u00e3o de que o desaparecimento poderia ter liga\u00e7\u00e3o com uma fac\u00e7\u00e3o criminosa e que o irm\u00e3o havia sido colocado em um ve\u00edculo antes de sumir.<\/p>\n<p>Desde ent\u00e3o, as Pol\u00edcias Civil e Militar realizam buscas pelo jovem.<\/p>\n<p>Gabriel era conhecido pelas equipes da cidade por gostar muito da pol\u00edcia, ele sempre cumprimentava os policiais onde os via e tinha contato mais pr\u00f3ximo com alguns, o que motivou sua morte.<\/p>\n<picture data-fileentryid=\"75090228\"><source srcset=\"\/o\/adaptive-media\/image\/75090228\/Thumbnail-1024x1024\/WhatsApp+Image+2025-10-12+at+12.05.00.jpeg?t=1760289521994\" media=\"(max-width:867px)\" \/><img decoding=\"async\" src=\"https:\/\/www.secom.mt.gov.br\/documents\/d\/pjc\/whatsapp-image-2025-10-12-at-12-05-00-jpeg?imageThumbnail=3\" alt=\"\" height=\"266\" \/><\/picture>\n<p>Ap\u00f3s semanas de investiga\u00e7\u00f5es, a Pol\u00edcia Civil recebeu a den\u00fancia de que o carro utilizado no dia do desaparecimento da v\u00edtima e a motocicleta do jovem estariam em uma fazenda da regi\u00e3o. Diante disso, uma equipe da Delegacia de Vila Rica foi at\u00e9 o local, a cerca de 30 quil\u00f4metros da zona urbana da cidade, na Comunidade Caxand\u00e1.<\/p>\n<p>O dono da fazenda permitiu a entrada dos policiais. Havia dois homens trabalhando na propriedade que, ao verem os policiais, sa\u00edram correndo mata adentro.<\/p>\n<p>Os policiais os cercaram e conseguiram prender um dos homens, de 27 anos, ap\u00f3s ele trope\u00e7ar e cair no ch\u00e3o. Ele estava armado com uma espingarda.<\/p>\n<p>O outro suspeito, que tamb\u00e9m estava armado, conseguiu se esconder na mata fechada. Um celular quebrado tamb\u00e9m foi apreendido. O homem preso disse que o aparelho era usado para fazer live com membros de uma fac\u00e7\u00e3o criminosa atuante em Mato Grosso.<\/p>\n<picture data-fileentryid=\"75090217\"><source srcset=\"\/o\/adaptive-media\/image\/75090217\/Thumbnail-1024x1024\/WhatsApp+Image+2025-10-12+at+12.05.03.jpeg?t=1760289501170\" media=\"(max-width:870px)\" \/><img decoding=\"async\" src=\"https:\/\/www.secom.mt.gov.br\/documents\/d\/pjc\/whatsapp-image-2025-10-12-at-12-05-03-jpeg?imageThumbnail=3\" alt=\"\" height=\"266\" \/><\/picture>\n<p>Questionado, ele indicou onde estava o carro usado no homic\u00eddio de Gabriel dos Santos Viana e onde a fac\u00e7\u00e3o criminosa havia enterrado a motocicleta da v\u00edtima, em uma regi\u00e3o de mata de dif\u00edcil acesso. A faca utilizada no crime estava dentro do carro.<\/p>\n<p>Ele tamb\u00e9m apontou onde o corpo de Gabriel havia sido ocultado, no final do Setor Esplanada, em Vila Rica.<\/p>\n<p>A equipe da Pol\u00edcia Civil acionou refor\u00e7o da For\u00e7a T\u00e1tica da Pol\u00edcia Militar e foi at\u00e9 o local apontado pelo suspeito, uma regi\u00e3o de mata de dif\u00edcil acesso, onde o corpo da v\u00edtima foi encontrado enterrado.<\/p>\n<picture data-fileentryid=\"75090206\"><source srcset=\"\/o\/adaptive-media\/image\/75090206\/Thumbnail-1024x1024\/WhatsApp+Image+2025-10-12+at+12.05.01.jpeg?t=1760289477665\" media=\"(max-width:1024px)\" \/><img decoding=\"async\" src=\"https:\/\/www.secom.mt.gov.br\/documents\/d\/pjc\/whatsapp-image-2025-10-12-at-12-05-01-jpeg?imageThumbnail=3\" alt=\"\" height=\"266\" \/><\/picture>\n<p>\u201cEle tinha muito apre\u00e7o pela pol\u00edcia, em especial por um soldado da Pol\u00edcia Militar. Membros de uma fac\u00e7\u00e3o criminosa o viram cumprimentando esse soldado em um barzinho, com amizade, e pegaram ele. Mexeram no celular dele e viram uma conversa com o policial, mandando foto de um do l\u00edder da fac\u00e7\u00e3o aqui na cidade e falando que a pol\u00edcia deveria pegar ele. Esse l\u00edder foi informado e decretou a morte do Gabriel\u201d, contou o delegado de Vila Rica, Luiz Humberto.<\/p>\n<p>Gabriel foi assassinado com uma facada no pesco\u00e7o, desferido pelo homem preso nesse s\u00e1bado (11.10), e outra na perna, realizada pelo suspeito que conseguiu fugir pela mata. Depois, a v\u00edtima foi enterrada pelos dois. As investiga\u00e7\u00f5es continuam.<\/p>\n<\/div>\n<\/div>\n","protected":false},"excerpt":{"rendered":"<p>V\u00edtima foi sequestrada por fac\u00e7\u00e3o criminosa ap\u00f3s ser vista cumprimentando policial Karina Cabral\u00a0|\u00a0Pol\u00edcia Civil &#8211;<\/p>\n","protected":false},"author":2,"featured_media":67190,"comment_status":"open","ping_status":"open","sticky":false,"template":"","format":"standard","meta":{"footnotes":""},"categories":[13,8],"tags":[1689],"aioseo_notices":[],"_links":{"self":[{"href":"https:\/\/portalnewsgta.com.br\/index.php\/wp-json\/wp\/v2\/posts\/67189"}],"collection":[{"href":"https:\/\/portalnewsgta.com.br\/index.php\/wp-json\/wp\/v2\/posts"}],"about":[{"href":"https:\/\/portalnewsgta.com.br\/index.php\/wp-json\/wp\/v2\/types\/post"}],"author":[{"embeddable":true,"href":"https:\/\/portalnewsgta.com.br\/index.php\/wp-json\/wp\/v2\/users\/2"}],"replies":[{"embeddable":true,"href":"https:\/\/portalnewsgta.com.br\/index.php\/wp-json\/wp\/v2\/comments?post=67189"}],"version-history":[{"count":1,"href":"https:\/\/portalnewsgta.com.br\/index.php\/wp-json\/wp\/v2\/posts\/67189\/revisions"}],"predecessor-version":[{"id":67191,"href":"https:\/\/portalnewsgta.com.br\/index.php\/wp-json\/wp\/v2\/posts\/67189\/revisions\/67191"}],"wp:featuredmedia":[{"embeddable":true,"href":"https:\/\/portalnewsgta.com.br\/index.php\/wp-json\/wp\/v2\/media\/67190"}],"wp:attachment":[{"href":"https:\/\/portalnewsgta.com.br\/index.php\/wp-json\/wp\/v2\/media?parent=67189"}],"wp:term":[{"taxonomy":"category","embeddable":true,"href":"https:\/\/portalnewsgta.com.br\/index.php\/wp-json\/wp\/v2\/categories?post=67189"},{"taxonomy":"post_tag","embeddable":true,"href":"https:\/\/portalnewsgta.com.br\/index.php\/wp-json\/wp\/v2\/tags?post=67189"}],"curies":[{"name":"wp","href":"https:\/\/api.w.org\/{rel}","templated":true}]}}