{"id":67114,"date":"2025-10-11T16:14:20","date_gmt":"2025-10-11T19:14:20","guid":{"rendered":"https:\/\/portalnewsgta.com.br\/?p=67114"},"modified":"2025-10-11T16:14:20","modified_gmt":"2025-10-11T19:14:20","slug":"ex-prefeito-de-colider-celso-banazeski-recebe-mocao-de-aplausos-da-assembleia-legislativa-de-mato-grosso","status":"publish","type":"post","link":"https:\/\/portalnewsgta.com.br\/index.php\/2025\/10\/11\/ex-prefeito-de-colider-celso-banazeski-recebe-mocao-de-aplausos-da-assembleia-legislativa-de-mato-grosso\/","title":{"rendered":"Ex-prefeito de Col\u00edder, Celso Banazeski, recebe Mo\u00e7\u00e3o de Aplausos da Assembleia Legislativa de Mato Grosso"},"content":{"rendered":"<p>Por: Angela Foga\u00e7a\/Nort\u00e3o Online<\/p>\n<div class=\"ck-content font-weight-medium mb-4\" data-v-70493042=\"\">\n<p>O ex-prefeito de Col\u00edder e atual assessor especial da Vice-Governadoria de Mato Grosso, Celso Paulo Banazeski, recebeu uma Mo\u00e7\u00e3o de Aplausos da Assembleia Legislativa, proposta pelo deputado Diego Guimar\u00e3es, em reconhecimento \u00e0 sua trajet\u00f3ria e contribui\u00e7\u00e3o para o fortalecimento do Sebrae e do empreendedorismo no Estado. A homenagem integra as celebra\u00e7\u00f5es pelos 50 anos da institui\u00e7\u00e3o em Mato Grosso.<\/p>\n<p>Mesmo em processo de recupera\u00e7\u00e3o ap\u00f3s uma cirurgia, Banazeski destacou-se pela dedica\u00e7\u00e3o e pelo legado deixado em prol das micro e pequenas empresas. Ele foi premiado 12 vezes no Pr\u00eamio Prefeito Empreendedor, durante e ap\u00f3s sua gest\u00e3o \u00e0 frente da Prefeitura de Col\u00edder, entre 2005 e 2012, per\u00edodo marcado pela implementa\u00e7\u00e3o de pol\u00edticas p\u00fablicas voltadas ao desenvolvimento local.<\/p>\n<p>Durante sua administra\u00e7\u00e3o, Col\u00edder obteve resultados expressivos: o n\u00famero de empresas formalizadas quase dobrou, passando de 927 em 2005 para 1.800 em 2011, e 92% das compras governamentais passaram a ser realizadas junto a micro e pequenas empresas. A renda per capita subiu de R$ 540 para R$ 2 mil em seis anos.<\/p>\n<p>Natural de Santa Catarina e morador de Col\u00edder desde 1986, Banazeski construiu uma trajet\u00f3ria marcada pelo incentivo ao desenvolvimento econ\u00f4mico. Antes de ser prefeito, foi funcion\u00e1rio do Banco do Brasil, vereador e presidente da Associa\u00e7\u00e3o Comercial do munic\u00edpio.<\/p>\n<p>O deputado Diego Guimar\u00e3es destacou o legado do ex-prefeito:<\/p>\n<p>\u201cCelso Banazeski \u00e9 um exemplo de gestor p\u00fablico comprometido com o desenvolvimento sustent\u00e1vel e com o fortalecimento das pequenas empresas. Sua atua\u00e7\u00e3o transformou Col\u00edder em refer\u00eancia nacional em empreendedorismo e gest\u00e3o municipal. Essa homenagem \u00e9 mais do que merecida\u201d, afirmou o parlamentar.<\/p>\n<p>J\u00e1 Celso Banazeski agradeceu o reconhecimento. \u201cRecebo essa homenagem com gratid\u00e3o e alegria. Agrade\u00e7o ao deputado Diego Guimar\u00e3es e \u00e0 Assembleia Legislativa por reconhecerem essa trajet\u00f3ria\u201d, declarou.<\/p>\n<p>Atualmente, Celso Banazeski continua atuando na formula\u00e7\u00e3o de pol\u00edticas de desenvolvimento regional e \u00e9 autor de um livro sobre experi\u00eancias e resultados de sua gest\u00e3o municipal.<\/p>\n<figure class=\"image\"><img decoding=\"async\" src=\"https:\/\/admin.nortaoonline.com\/upload\/9\/36105\/68e955553bd1102a61.jpg\" \/><\/figure>\n<\/div>\n<div class=\"font-weight-bold grey--text text--darken-2 mb-4\" data-v-70493042=\"\">Fonte: Angela Foga\u00e7a\/Nort\u00e3o Online<\/div>\n","protected":false},"excerpt":{"rendered":"<p>Por: Angela Foga\u00e7a\/Nort\u00e3o Online O ex-prefeito de Col\u00edder e atual assessor especial da Vice-Governadoria de<\/p>\n","protected":false},"author":2,"featured_media":67115,"comment_status":"open","ping_status":"open","sticky":false,"template":"","format":"standard","meta":{"footnotes":""},"categories":[7,13],"tags":[],"aioseo_notices":[],"_links":{"self":[{"href":"https:\/\/portalnewsgta.com.br\/index.php\/wp-json\/wp\/v2\/posts\/67114"}],"collection":[{"href":"https:\/\/portalnewsgta.com.br\/index.php\/wp-json\/wp\/v2\/posts"}],"about":[{"href":"https:\/\/portalnewsgta.com.br\/index.php\/wp-json\/wp\/v2\/types\/post"}],"author":[{"embeddable":true,"href":"https:\/\/portalnewsgta.com.br\/index.php\/wp-json\/wp\/v2\/users\/2"}],"replies":[{"embeddable":true,"href":"https:\/\/portalnewsgta.com.br\/index.php\/wp-json\/wp\/v2\/comments?post=67114"}],"version-history":[{"count":1,"href":"https:\/\/portalnewsgta.com.br\/index.php\/wp-json\/wp\/v2\/posts\/67114\/revisions"}],"predecessor-version":[{"id":67116,"href":"https:\/\/portalnewsgta.com.br\/index.php\/wp-json\/wp\/v2\/posts\/67114\/revisions\/67116"}],"wp:featuredmedia":[{"embeddable":true,"href":"https:\/\/portalnewsgta.com.br\/index.php\/wp-json\/wp\/v2\/media\/67115"}],"wp:attachment":[{"href":"https:\/\/portalnewsgta.com.br\/index.php\/wp-json\/wp\/v2\/media?parent=67114"}],"wp:term":[{"taxonomy":"category","embeddable":true,"href":"https:\/\/portalnewsgta.com.br\/index.php\/wp-json\/wp\/v2\/categories?post=67114"},{"taxonomy":"post_tag","embeddable":true,"href":"https:\/\/portalnewsgta.com.br\/index.php\/wp-json\/wp\/v2\/tags?post=67114"}],"curies":[{"name":"wp","href":"https:\/\/api.w.org\/{rel}","templated":true}]}}