{"id":66556,"date":"2025-10-06T08:08:01","date_gmt":"2025-10-06T11:08:01","guid":{"rendered":"https:\/\/portalnewsgta.com.br\/?p=66556"},"modified":"2025-10-06T08:08:01","modified_gmt":"2025-10-06T11:08:01","slug":"seaf-apoia-a-producao-de-mel-e-alta-floresta-promove-integracao-entre-apicultores-e-meliponicultores-da-amazonia-mato-grossense","status":"publish","type":"post","link":"https:\/\/portalnewsgta.com.br\/index.php\/2025\/10\/06\/seaf-apoia-a-producao-de-mel-e-alta-floresta-promove-integracao-entre-apicultores-e-meliponicultores-da-amazonia-mato-grossense\/","title":{"rendered":"Seaf apoia a produ\u00e7\u00e3o de mel e Alta Floresta promove integra\u00e7\u00e3o entre apicultores e meliponicultores da Amaz\u00f4nia Mato-grossense"},"content":{"rendered":"<div class=\"td_block_wrap tdb_single_featured_image tdi_53 tdb-content-horiz-left td-pb-border-top td_block_template_1\" data-td-block-uid=\"tdi_53\">\n<div class=\"tdb-block-inner td-fix-index\">\n<figure><figcaption class=\"tdb-caption-text\">Foto por: V\u00e2nia Neves<\/figcaption><\/figure>\n<\/div>\n<\/div>\n<div class=\"td_block_wrap tdb_single_content tdi_54 td-pb-border-top td_block_template_1 td-post-content tagdiv-type\" data-td-block-uid=\"tdi_54\">\n<div class=\"tdb-block-inner td-fix-index\">\n<p>A produ\u00e7\u00e3o de mel em Alta Floresta vem se destacando como uma das atividades mais promissoras da agricultura familiar e da sustentabilidade ambiental na regi\u00e3o amaz\u00f4nica de Mato Grosso. O Governo do Estado, por meio da Secretaria de Estado de Agricultura Familiar (Seaf-MT), vem fortalecendo o setor com entregas de equipamentos de seguran\u00e7a e caixas de abelhas para ampliar a produ\u00e7\u00e3o, um investimento que soma R$ 1,9 milh\u00e3o para produtores de pequena escala no estado.<\/p>\n<p>Com o objetivo de valorizar o trabalho dos produtores e incentivar o interc\u00e2mbio de conhecimento, o munic\u00edpio promoveu neste fim de semana o Evento de Meliponicultura e Apicultura da Amaz\u00f4nia Mato-grossense, reunindo apicultores, meliponicultores, t\u00e9cnicos e pesquisadores em um grande encontro voltado \u00e0 troca de experi\u00eancias e fortalecimento da cadeia produtiva do mel.<\/p>\n<p>O evento foi realizado pela Prefeitura de Alta Floresta, por meio da Secretaria Municipal de Agricultura e Pecu\u00e1ria, em parceria com o Instituto Federal de Mato Grosso (IFMT), a Universidade Federal de Mato Grosso (UFMT) e a Universidade do Estado de Mato Grosso (Unemat). A programa\u00e7\u00e3o contou com palestras, oficinas e atividades de campo sobre manejo de colmeias, conserva\u00e7\u00e3o de esp\u00e9cies nativas e aprimoramento das t\u00e9cnicas de produ\u00e7\u00e3o.<picture data-fileentryid=\"74953517\"><img decoding=\"async\" src=\"https:\/\/www.secom.mt.gov.br\/documents\/d\/seaf\/prefeito-chico-gamba-jpeg?imageThumbnail=3\" alt=\"\" height=\"267\" \/><\/picture>\n<p>O prefeito Chico Gamba destacou a import\u00e2ncia do encontro como espa\u00e7o de aprendizado e integra\u00e7\u00e3o.<\/p>\n<p>\u201cRecebemos especialistas do Nordeste e do estado para compartilhar suas experi\u00eancias e, quem sabe, levar algo novo daqui. Essa oportunidade \u00e9 fundamental para unir ideias e ampliar horizontes. Depois da sa\u00fade, o maior capital que temos \u00e9 o conhecimento. Os investimentos que estamos realizando no munic\u00edpio com apoio da Seaf s\u00e3o motivados pela necessidade de alinhar o saber t\u00e9cnico ao desenvolvimento sustent\u00e1vel de nossa regi\u00e3o\u201d, afirmou.<picture data-fileentryid=\"74953528\"><img decoding=\"async\" src=\"https:\/\/www.secom.mt.gov.br\/documents\/d\/seaf\/sec-marcelo-seaf-jpeg?imageThumbnail=3\" alt=\"\" height=\"267\" \/><\/picture>\n<p>Para o secret\u00e1rio municipal de Agricultura e Pecu\u00e1ria, Marcelo Fernando Pereira Souza, o evento foi essencial para dar visibilidade aos produtores e fortalecer a cadeia produtiva.<\/p>\n<p>\u201cRecebemos apicultores e meliponicultores de toda a regi\u00e3o para promover essa intera\u00e7\u00e3o t\u00e9cnica e valorizar o trabalho deles. A Prefeitura, inspirada em boas pr\u00e1ticas, j\u00e1 adquiriu e distribuiu cerca de 200 caixas de abelhas, beneficiando mais de 30 produtores. Agradecemos a parceria com a Seaf, que tem nos ajudado nas a\u00e7\u00f5es de fomento da cadeia do mel, entre outras importantes parcerias. A apicultura est\u00e1 em ascens\u00e3o em Alta Floresta, tamb\u00e9m apoiamos nossos produtores na conquista do Selo de Inspe\u00e7\u00e3o de Agroind\u00fastria de Pequeno Porte (Siapp), o que vai permitir ampliar a comercializa\u00e7\u00e3o e agregar valor \u00e0 produ\u00e7\u00e3o local\u201d, explicou.<picture data-fileentryid=\"74953539\"><img decoding=\"async\" src=\"https:\/\/www.secom.mt.gov.br\/documents\/d\/seaf\/produtor-edson-jpeg?imageThumbnail=3\" alt=\"\" height=\"267\" \/><\/picture>\n<p>Entre os pioneiros da apicultura no munic\u00edpio est\u00e1 Edson Francisco Fraceto, apicultor e meliponicultor que h\u00e1 45 anos dedica a vida ao cultivo das abelhas. Desde o surgimento de Alta Floresta, Fraceto comercializa a pr\u00f3pria produ\u00e7\u00e3o na feira livre, tradi\u00e7\u00e3o que mant\u00e9m at\u00e9 hoje. Ele trabalha com abelhas da esp\u00e9cie Apis mellifera (as \u201cabelhas com ferr\u00e3o\u201d) e, h\u00e1 cerca de 10 anos, tamb\u00e9m com abelhas nativas sem ferr\u00e3o, as melipon\u00edneas, como a \u201cboca-de-renda\u201d, a ti\u00faba e a uru\u00e7u-cinzenta, t\u00edpicas da Amaz\u00f4nia mato-grossense.<\/p>\n<p>Suas colmeias est\u00e3o localizadas em \u00e1reas de prote\u00e7\u00e3o ambiental pr\u00f3ximas \u00e0s bacias Mariano I e II, respons\u00e1veis pela capta\u00e7\u00e3o de \u00e1gua que abastece a cidade. Por estar em uma regi\u00e3o livre do uso de agrot\u00f3xicos e de monoculturas, Edson produz um mel 100% org\u00e2nico, contribuindo para a poliniza\u00e7\u00e3o das plantas nativas e a preserva\u00e7\u00e3o da biodiversidade.<\/p>\n<p>\u201c\u00c9 um trabalho que exige dedica\u00e7\u00e3o, mas tamb\u00e9m \u00e9 uma forma de preservar a natureza. As abelhas s\u00e3o fundamentais para manter a vida e a produ\u00e7\u00e3o de alimentos, e aqui elas est\u00e3o tranquilas, polinizando toda a regi\u00e3o amaz\u00f4nica de Alta Floresta\u201d, contou o produtor.<\/p>\n<div><picture data-fileentryid=\"74953550\"><source srcset=\"\/o\/adaptive-media\/image\/74953550\/Thumbnail-1024x1024\/produtores+e+t%C3%A9cnico+da+Seaf+Jean+Moraes.jpeg?t=1759676959077\" media=\"(max-width:828px)\" \/><img decoding=\"async\" src=\"https:\/\/www.secom.mt.gov.br\/documents\/d\/seaf\/produtores-e-tecnico-da-seaf-jean-moraes-jpeg?imageThumbnail=3\" alt=\"\" height=\"267\" \/><\/picture>\n<div id=\"imgCaption_3\" class=\"imgCaption\">Outro exemplo de tradi\u00e7\u00e3o e dedica\u00e7\u00e3o \u00e9 o dos irm\u00e3os Rodrigo Alves da Silva e Agnaldo Alves da Silva, que h\u00e1 mais de 20 anos produzem mel silvestre na Ch\u00e1cara Estrela. Eles come\u00e7aram em 1993 com a cria\u00e7\u00e3o de abelhas Apis mellifera apenas para o consumo da fam\u00edlia, composta por nove irm\u00e3os. Com o passar dos anos, estruturaram os api\u00e1rios e expandiram a produ\u00e7\u00e3o. Hoje, possuem cerca de 50 api\u00e1rios espalhados por diferentes \u00e1reas do munic\u00edpio, produzindo mel 100% silvestre e mantendo distanciamento entre as colmeias para garantir a pureza e o equil\u00edbrio ecol\u00f3gico.<\/div>\n<div><\/div>\n<\/div>\n<p>\u201cA gente come\u00e7ou em um barrac\u00e3o de madeira e agora estamos concluindo a estrutura da nossa Casa do Mel conforme as normas do Siapp, com o apoio t\u00e9cnico do Indea, Seaf e da equipe da Secretaria Municipal de Agricultura. Esse selo vai nos permitir comercializar o nosso produto em todo o estado\u201d, explica Rodrigo.<\/p>\n<p>Agnaldo refor\u00e7a que o avan\u00e7o da apicultura em Alta Floresta \u00e9 resultado de esfor\u00e7o coletivo e de pol\u00edticas p\u00fablicas que chegam at\u00e9 o pequeno produtor.<\/p>\n<p>\u201cAs exig\u00eancias s\u00e3o necess\u00e1rias, e hoje vemos o apoio t\u00e9cnico e institucional fortalecendo o setor. Quando trabalhamos com poucas caixas n\u00e3o percebemos tanto, mas ao ganhar espa\u00e7o no mercado entendemos a import\u00e2ncia de estar regularizado. Estamos construindo um sonho que n\u00e3o \u00e9 s\u00f3 nosso, mas tamb\u00e9m dos nossos filhos, que j\u00e1 se apaixonaram pelas abelhas. A estrutura que estamos criando, com orienta\u00e7\u00e3o t\u00e9cnica e foco na qualidade, \u00e9 um legado de vida, renda e sustentabilidade para as pr\u00f3ximas gera\u00e7\u00f5es\u201d, afirmou.<\/p>\n<p>Al\u00e9m do incentivo \u00e0 apicultura, o Governo do Estado, por meio da Seaf, j\u00e1 investiu em Alta Floresta R$ 7,2 milh\u00f5es entre 2019 e junho de 2025, beneficiando mais de 1,1 mil propriedades rurais de pequenos produtores, conforme o \u00faltimo censo rural. Esses investimentos fortalecem o campo, garantem renda e ajudam a manter viva a tradi\u00e7\u00e3o da agricultura familiar amaz\u00f4nica.<\/p>\n<\/div>\n<\/div>\n","protected":false},"excerpt":{"rendered":"<p>Foto por: V\u00e2nia Neves A produ\u00e7\u00e3o de mel em Alta Floresta vem se destacando como<\/p>\n","protected":false},"author":2,"featured_media":66557,"comment_status":"open","ping_status":"open","sticky":false,"template":"","format":"standard","meta":{"footnotes":""},"categories":[7,13],"tags":[],"aioseo_notices":[],"_links":{"self":[{"href":"https:\/\/portalnewsgta.com.br\/index.php\/wp-json\/wp\/v2\/posts\/66556"}],"collection":[{"href":"https:\/\/portalnewsgta.com.br\/index.php\/wp-json\/wp\/v2\/posts"}],"about":[{"href":"https:\/\/portalnewsgta.com.br\/index.php\/wp-json\/wp\/v2\/types\/post"}],"author":[{"embeddable":true,"href":"https:\/\/portalnewsgta.com.br\/index.php\/wp-json\/wp\/v2\/users\/2"}],"replies":[{"embeddable":true,"href":"https:\/\/portalnewsgta.com.br\/index.php\/wp-json\/wp\/v2\/comments?post=66556"}],"version-history":[{"count":1,"href":"https:\/\/portalnewsgta.com.br\/index.php\/wp-json\/wp\/v2\/posts\/66556\/revisions"}],"predecessor-version":[{"id":66558,"href":"https:\/\/portalnewsgta.com.br\/index.php\/wp-json\/wp\/v2\/posts\/66556\/revisions\/66558"}],"wp:featuredmedia":[{"embeddable":true,"href":"https:\/\/portalnewsgta.com.br\/index.php\/wp-json\/wp\/v2\/media\/66557"}],"wp:attachment":[{"href":"https:\/\/portalnewsgta.com.br\/index.php\/wp-json\/wp\/v2\/media?parent=66556"}],"wp:term":[{"taxonomy":"category","embeddable":true,"href":"https:\/\/portalnewsgta.com.br\/index.php\/wp-json\/wp\/v2\/categories?post=66556"},{"taxonomy":"post_tag","embeddable":true,"href":"https:\/\/portalnewsgta.com.br\/index.php\/wp-json\/wp\/v2\/tags?post=66556"}],"curies":[{"name":"wp","href":"https:\/\/api.w.org\/{rel}","templated":true}]}}