{"id":66546,"date":"2025-10-06T08:05:11","date_gmt":"2025-10-06T11:05:11","guid":{"rendered":"https:\/\/portalnewsgta.com.br\/?p=66546"},"modified":"2025-10-06T08:05:11","modified_gmt":"2025-10-06T11:05:11","slug":"analista-ve-mato-grosso-sem-liderancas-e-refem-de-paixoes","status":"publish","type":"post","link":"https:\/\/portalnewsgta.com.br\/index.php\/2025\/10\/06\/analista-ve-mato-grosso-sem-liderancas-e-refem-de-paixoes\/","title":{"rendered":"Analista v\u00ea Mato Grosso sem lideran\u00e7as e \u201cref\u00e9m de paix\u00f5es\u201d"},"content":{"rendered":"<h3>Segundo Jo\u00e3o Edisom, eleitorado prefere reproduzir a polariza\u00e7\u00e3o ideol\u00f3gica brasileira<\/h3>\n<p><img loading=\"lazy\" decoding=\"async\" class=\"alignnone size-medium wp-image-66547\" src=\"https:\/\/portalnewsgta.com.br\/wp-content\/uploads\/2025\/10\/28f8dc5c865ed7ac8d5ae0c795ed279d-300x200.jpg\" alt=\"\" width=\"300\" height=\"200\" srcset=\"https:\/\/portalnewsgta.com.br\/wp-content\/uploads\/2025\/10\/28f8dc5c865ed7ac8d5ae0c795ed279d-300x200.jpg 300w, https:\/\/portalnewsgta.com.br\/wp-content\/uploads\/2025\/10\/28f8dc5c865ed7ac8d5ae0c795ed279d-768x512.jpg 768w, https:\/\/portalnewsgta.com.br\/wp-content\/uploads\/2025\/10\/28f8dc5c865ed7ac8d5ae0c795ed279d.jpg 886w\" sizes=\"(max-width: 300px) 100vw, 300px\" \/><\/p>\n<p>O cientista pol\u00edtico Jo\u00e3o Edisom: &#8220;pessoas que n\u00e3o vivem aqui v\u00e3o definir candidaturas&#8221;<\/p>\n<p>C\u00cdNTIA BORGES<br \/>\nDA REDA\u00c7\u00c3O<\/p>\n<p>A fragilidade dos partidos e da representa\u00e7\u00e3o pol\u00edtica local, somada \u00e0 for\u00e7a das paix\u00f5es pol\u00edticas, devem levar \u00e0 defini\u00e7\u00e3o das candidaturas em Mato Grosso pelas lideran\u00e7as nacionais,\u00a0nas elei\u00e7\u00f5es do pr\u00f3ximo ano.<\/p>\n<p>&nbsp;<\/p>\n<p>A avalia\u00e7\u00e3o \u00e9 do professor e cientista pol\u00edtico Jo\u00e3o Edisom, que aponta uma extrema depend\u00eancia do Estado em rela\u00e7\u00e3o \u00e0 pauta nacional, hoje ditada, sobretudo, por figuras como o presidente Luiz In\u00e1cio Lula da Silva (PT) e o ex-presidente Jair Bolsonaro (PL).<\/p>\n<p>&nbsp;<\/p>\n<p>Em entrevista ao\u00a0<b><strong>MidiaNews<\/strong><\/b>, o analista citou que esse fen\u00f4meno j\u00e1 vem sendo vivenciado no Estado h\u00e1, pelo menos, tr\u00eas processos eleitorais.<\/p>\n<p>&nbsp;<\/p>\n<h2>Mato Grosso hoje \u00e9 muito dependente de pessoas que n\u00e3o bebem \u00e1gua daqui, n\u00e3o comem aqui, n\u00e3o vivem aqui, mas s\u00e3o elas que v\u00e3o definir as candidaturas<\/h2>\n<p>\u201cO estado perdeu for\u00e7as partid\u00e1rias, n\u00e3o temos grandes lideran\u00e7as. Mato Grosso hoje \u00e9 muito dependente de pessoas que n\u00e3o bebem \u00e1gua daqui, n\u00e3o comem aqui, n\u00e3o vivem aqui, mas s\u00e3o elas que v\u00e3o definir as candidaturas\u201d, disse.<\/p>\n<p>&nbsp;<\/p>\n<p>\u201cVejo que todas as coliga\u00e7\u00f5es ser\u00e3o decididas por nomes como Valdemar da Costa Neto, Baleia Rossi, Jair Bolsonaro, Lula. Ou seja, nomes que est\u00e3o completamente fora do estado acabam determinando a nossa conjuntura estadual\u201d, emendou o analista.<\/p>\n<p>&nbsp;<\/p>\n<p><b><strong>Reprodu\u00e7\u00e3o de ideologias<\/strong><\/b><\/p>\n<p>&nbsp;<\/p>\n<p>Na vis\u00e3o dele, o cen\u00e1rio \u00e9 fruto tamb\u00e9m do comportamento e do perfil do eleitorado que n\u00e3o pauta suas decis\u00f5es pensando nos problemas e necessidades locais e prefere reproduzir a polariza\u00e7\u00e3o ideol\u00f3gica brasileira.<\/p>\n<p>&nbsp;<\/p>\n<p>O resultado \u00e9 que o processo eleitoral em Mato Grosso, especialmente quando se trata das candidaturas majorit\u00e1rias, fica ref\u00e9m de afetos.<\/p>\n<p>&nbsp;<\/p>\n<p>\u201cO eleitor est\u00e1 mais voltado \u00e0s paix\u00f5es. Por exemplo, o presidente Lula \u00e9 quem vai definir o cargo que o senador Carlos F\u00e1varo ir\u00e1 disputar. N\u00e3o vai ser o partido. Teremos uma elei\u00e7\u00e3o um pouco voltada \u00e0 lux\u00faria, \u00e0 quest\u00e3o de \u00f3dio, da raiva. Falta identidade\u201d, afirmou.<\/p>\n<p>&nbsp;<\/p>\n<p>\u201cPode aparecer daqui para frente um outsider sem mais nem menos e esse \u2018cara\u2019 sobrepor ao Governo, por exemplo. E n\u00e3o se assuste se tivermos surpresas tamb\u00e9m no campo da esquerda\u201d, disse.<\/p>\n<p>&nbsp;<\/p>\n<p><b><strong>Cidinho e uni\u00e3o de grupos<\/strong><\/b><\/p>\n<p>&nbsp;<\/p>\n<p>Ainda durante a entrevista, o analista citou que as elei\u00e7\u00f5es ao Governo do Estado depender\u00e3o muito dos acordos firmados nacionalmente. Na vis\u00e3o dele, dos nomes postos at\u00e9 o momento, o senador Welligton Fagundes (PL) \u00e9 quem teria uma candidatura um pouco mais consolidada, muito por conta do bolsonarismo em Mato Grosso, que abocanha mais de 50% do eleitorado.<\/p>\n<p>&nbsp;<\/p>\n<p>\u201cWellington abriria m\u00e3o da disputa? Talvez n\u00e3o. Mas um acordo do presidente Valdemar pode ser decisivo. Lideran\u00e7as do Uni\u00e3o Brasil tamb\u00e9m ser\u00e3o decisivas. O pr\u00f3prio governador deve \u2018entrar na briga\u2019 porque estamos falando de uma sucess\u00e3o e h\u00e1 interesses de emplacar um dos seus\u201d, ponderou.<\/p>\n<p>&nbsp;<\/p>\n<p>\u201cE h\u00e1 um detalhe que poucos falam que \u00e9 o ex-senador Cidinho Santos. Ele tem o poder converter partidos em torno de seu nome e a\u00ed os candidatos da direita \u2018morrem\u2019. Cidinho pode reunir PL, Progressistas, Uniao Brasil, Republicanos. Se houver um chamado, penso que pol\u00edtico n\u00e3o tem muito querer, ele poderia ser esse nome forte ao Governo\u201d.<\/p>\n<h2>O ex-senador Cidinho Santos tem o poder de converter partidos em torno de seu nome e a\u00ed os candidatos da direita \u2018morrem\u2019<\/h2>\n<p>&nbsp;<\/p>\n<p><b><strong>Senado e o risco do &#8220;segundo voto&#8221;<\/strong><\/b><\/p>\n<p>&nbsp;<\/p>\n<p>Na disputa ao Senado, que em 2026 ter\u00e1 duas cadeiras em jogo, o analista pol\u00edtico projeta uma elei\u00e7\u00e3o de alta complexidade, com chances reais de vit\u00f3ria para nomes que, hoje, n\u00e3o aparecem bem colocados nas pesquisas eleitorais.<\/p>\n<p>&nbsp;<\/p>\n<p>Segundo ele, isso ocorre porque os pr\u00e9-candidatos mais bem posicionados acabam concentrando a rivalidade, protagonizando um embate direto e polarizado. Esse cen\u00e1rio se reflete tamb\u00e9m entre os eleitores.<\/p>\n<p>&nbsp;<\/p>\n<p>\u201cOs primeiros colocados travam um embate e o segundo voto do eleitor acaba indo para uma pessoa que, muitas vezes, n\u00e3o est\u00e1 no jogo. J\u00e1 elegemos nessas mesmas circunstancias nomes como Jonas Pinheiro, Pedro Taques, Serys Shlessarenko, Selma Arruda, esta \u00faltima, inclusive, que acabou como a mais votada\u201d.<\/p>\n","protected":false},"excerpt":{"rendered":"<p>Segundo Jo\u00e3o Edisom, eleitorado prefere reproduzir a polariza\u00e7\u00e3o ideol\u00f3gica brasileira O cientista pol\u00edtico Jo\u00e3o Edisom:<\/p>\n","protected":false},"author":2,"featured_media":66548,"comment_status":"open","ping_status":"open","sticky":false,"template":"","format":"standard","meta":{"footnotes":""},"categories":[13,2],"tags":[1659],"aioseo_notices":[],"_links":{"self":[{"href":"https:\/\/portalnewsgta.com.br\/index.php\/wp-json\/wp\/v2\/posts\/66546"}],"collection":[{"href":"https:\/\/portalnewsgta.com.br\/index.php\/wp-json\/wp\/v2\/posts"}],"about":[{"href":"https:\/\/portalnewsgta.com.br\/index.php\/wp-json\/wp\/v2\/types\/post"}],"author":[{"embeddable":true,"href":"https:\/\/portalnewsgta.com.br\/index.php\/wp-json\/wp\/v2\/users\/2"}],"replies":[{"embeddable":true,"href":"https:\/\/portalnewsgta.com.br\/index.php\/wp-json\/wp\/v2\/comments?post=66546"}],"version-history":[{"count":1,"href":"https:\/\/portalnewsgta.com.br\/index.php\/wp-json\/wp\/v2\/posts\/66546\/revisions"}],"predecessor-version":[{"id":66549,"href":"https:\/\/portalnewsgta.com.br\/index.php\/wp-json\/wp\/v2\/posts\/66546\/revisions\/66549"}],"wp:featuredmedia":[{"embeddable":true,"href":"https:\/\/portalnewsgta.com.br\/index.php\/wp-json\/wp\/v2\/media\/66548"}],"wp:attachment":[{"href":"https:\/\/portalnewsgta.com.br\/index.php\/wp-json\/wp\/v2\/media?parent=66546"}],"wp:term":[{"taxonomy":"category","embeddable":true,"href":"https:\/\/portalnewsgta.com.br\/index.php\/wp-json\/wp\/v2\/categories?post=66546"},{"taxonomy":"post_tag","embeddable":true,"href":"https:\/\/portalnewsgta.com.br\/index.php\/wp-json\/wp\/v2\/tags?post=66546"}],"curies":[{"name":"wp","href":"https:\/\/api.w.org\/{rel}","templated":true}]}}