{"id":66539,"date":"2025-10-06T08:00:57","date_gmt":"2025-10-06T11:00:57","guid":{"rendered":"https:\/\/portalnewsgta.com.br\/?p=66539"},"modified":"2025-10-06T08:00:57","modified_gmt":"2025-10-06T11:00:57","slug":"eleicoes-nao-serao-democraticas-sem-bolsonaro-diz-fagundes","status":"publish","type":"post","link":"https:\/\/portalnewsgta.com.br\/index.php\/2025\/10\/06\/eleicoes-nao-serao-democraticas-sem-bolsonaro-diz-fagundes\/","title":{"rendered":"&#8216;Elei\u00e7\u00f5es n\u00e3o ser\u00e3o democr\u00e1ticas sem Bolsonaro&#8217;, diz Fagundes"},"content":{"rendered":"<div class=\"col-xs-12 col-sm-12 col-md-12 col-lg-12 mb10\">\n<div class=\"row\">\n<div class=\"col-xs-12 col-sm-12 col-md-12 col-lg-12 mb15\">\n<div class=\"row\">\n<div class=\"col-xs-12 col-sm-11 col-md-11 col-lg-11 autorer\"><span class=\"autores_fontes_nome\">Allan Mesquita<\/span><\/p>\n<p class=\"autores_fontes_email\">allan@gazetadigital.com.br<\/p>\n<\/div>\n<\/div>\n<\/div>\n<\/div>\n<\/div>\n<div class=\"col-xs-12 col-sm-12 col-md-12 col-lg-12 mb30\">\n<p class=\"credito-1\">Reprodu\u00e7\u00e3o\/Twitter<\/p>\n<p><span class=\"img-conteudo pull-left\"><a href=\"https:\/\/www.gazetadigital.com.br\/storage\/webdisco\/2021\/11\/11\/1200x900\/b7bfbe94e8a8884b243a0489b6abc952.jpg\" data-fancybox=\"gallery\" data-caption=\"Reprodu\u00e7\u00e3o\/Twitter\"><img decoding=\"async\" src=\"https:\/\/www.gazetadigital.com.br\/storage\/webdisco\/2021\/11\/11\/431x285\/b7bfbe94e8a8884b243a0489b6abc952.jpg\" alt=\"Reprodu\u00e7\u00e3o\/Twitter\" \/><\/a><\/span><\/p>\n<p class=\"img-conteudo-desc\">\n<div id=\"text-content\" class=\"mb20\">\n<p>O senador Wellington Fagundes (PL) afirmou que as elei\u00e7\u00f5es de 2026 ser\u00e3o \u201cantidemocr\u00e1ticas\u201d caso o ex-presidente Jair Bolsonaro (PL) n\u00e3o possa disputar. Segundo Fagundes, o Partido Liberal mant\u00e9m o &#8220;sonho&#8221; da candidatura do ex-chefe do Planalto, mesmo diante das condena\u00e7\u00f5es.<\/p>\n<p>\u201cAt\u00e9 o dia que o presidente Bolsonaro definir diferente, ele \u00e9 o nosso candidato e n\u00f3s vamos brigar. O meu voto l\u00e1 no Senado ser\u00e1 pela anistia, porque n\u00f3s entendemos que o presidente Bolsonaro n\u00e3o cometeu nenhum desvio, n\u00e3o cometeu corrup\u00e7\u00e3o. Ent\u00e3o, o presidente Bolsonaro n\u00e3o estando nas elei\u00e7\u00f5es do ano que vem, para n\u00f3s, n\u00e3o ser\u00e3o elei\u00e7\u00f5es democr\u00e1ticas. \u00c9 o que defendemos, o PL como um todo\u201d, declarou.<\/p>\n<p>Bolsonaro est\u00e1 ineleg\u00edvel ap\u00f3s decis\u00e3o do Tribunal Superior Eleitoral (TSE), que o condenou por abuso de poder pol\u00edtico e uso indevido dos meios de comunica\u00e7\u00e3o ao reunir embaixadores estrangeiros no Pal\u00e1cio da Alvorada, em 2022, para atacar, sem provas, o sistema eleitoral brasileiro. Al\u00e9m disso, o ex-presidente foi condenado a 27 anos e 3 meses de pris\u00e3o pelo Supremo Tribunal Federal (STF) por tentativa de golpe de Estado em 2023.<\/p>\n<p>O senador, por sua vez, refor\u00e7ou sua defesa pela anistia do ex-presidente e tamb\u00e9m dos participantes dos atos golpistas de 8 de janeiro.<\/p>\n<p>&nbsp;<\/p>\n<p>\u201cHoje n\u00f3s temos uma situa\u00e7\u00e3o de inelegibilidade do presidente. N\u00f3s n\u00e3o concordamos, n\u00f3s achamos que \u00e9 injusti\u00e7a. Agora, acabou a semana passada, o ministro Alexandre mandou cumprir a pris\u00e3o ou a pena de uma mulher que apenas como arma usou um batom e ela t\u00e1 condenada a 14 anos de pris\u00e3o. N\u00f3s achamos isso uma injusti\u00e7a e o pior para voc\u00ea, cidad\u00e3o, \u00e9 que quem vai pagar a conta s\u00e3o voc\u00eas. Quem paga a conta \u00e9 o cidad\u00e3o que t\u00e1 pagando imposto, porque essa mulher, ao inv\u00e9s de trabalhar para sustentar os filhos, o Estado vai ter que pagar. Ent\u00e3o, n\u00f3s achamos que isso \u00e9 errado por todos os aspectos\u201d, afirmou.<\/p>\n<\/div>\n<\/div>\n","protected":false},"excerpt":{"rendered":"<p>Allan Mesquita allan@gazetadigital.com.br Reprodu\u00e7\u00e3o\/Twitter O senador Wellington Fagundes (PL) afirmou que as elei\u00e7\u00f5es de 2026<\/p>\n","protected":false},"author":2,"featured_media":66540,"comment_status":"open","ping_status":"open","sticky":false,"template":"","format":"standard","meta":{"footnotes":""},"categories":[13,2],"tags":[1657],"aioseo_notices":[],"_links":{"self":[{"href":"https:\/\/portalnewsgta.com.br\/index.php\/wp-json\/wp\/v2\/posts\/66539"}],"collection":[{"href":"https:\/\/portalnewsgta.com.br\/index.php\/wp-json\/wp\/v2\/posts"}],"about":[{"href":"https:\/\/portalnewsgta.com.br\/index.php\/wp-json\/wp\/v2\/types\/post"}],"author":[{"embeddable":true,"href":"https:\/\/portalnewsgta.com.br\/index.php\/wp-json\/wp\/v2\/users\/2"}],"replies":[{"embeddable":true,"href":"https:\/\/portalnewsgta.com.br\/index.php\/wp-json\/wp\/v2\/comments?post=66539"}],"version-history":[{"count":1,"href":"https:\/\/portalnewsgta.com.br\/index.php\/wp-json\/wp\/v2\/posts\/66539\/revisions"}],"predecessor-version":[{"id":66541,"href":"https:\/\/portalnewsgta.com.br\/index.php\/wp-json\/wp\/v2\/posts\/66539\/revisions\/66541"}],"wp:featuredmedia":[{"embeddable":true,"href":"https:\/\/portalnewsgta.com.br\/index.php\/wp-json\/wp\/v2\/media\/66540"}],"wp:attachment":[{"href":"https:\/\/portalnewsgta.com.br\/index.php\/wp-json\/wp\/v2\/media?parent=66539"}],"wp:term":[{"taxonomy":"category","embeddable":true,"href":"https:\/\/portalnewsgta.com.br\/index.php\/wp-json\/wp\/v2\/categories?post=66539"},{"taxonomy":"post_tag","embeddable":true,"href":"https:\/\/portalnewsgta.com.br\/index.php\/wp-json\/wp\/v2\/tags?post=66539"}],"curies":[{"name":"wp","href":"https:\/\/api.w.org\/{rel}","templated":true}]}}