{"id":66536,"date":"2025-10-06T07:58:33","date_gmt":"2025-10-06T10:58:33","guid":{"rendered":"https:\/\/portalnewsgta.com.br\/?p=66536"},"modified":"2025-10-06T07:58:33","modified_gmt":"2025-10-06T10:58:33","slug":"sistema-prisional-e-centro-de-batismo-de-membros-do-cv","status":"publish","type":"post","link":"https:\/\/portalnewsgta.com.br\/index.php\/2025\/10\/06\/sistema-prisional-e-centro-de-batismo-de-membros-do-cv\/","title":{"rendered":"Sistema prisional \u00e9 \u2018centro de batismo\u2019 de membros do CV"},"content":{"rendered":"<div class=\"col-xs-12 col-sm-12 col-md-12 col-lg-12 mb10\">\n<div class=\"row\">\n<div class=\"col-xs-12 col-sm-12 col-md-12 col-lg-12 mb15\">\n<div class=\"row\">\n<div class=\"col-xs-12 col-sm-11 col-md-11 col-lg-11 autorer\"><span class=\"autores_fontes_nome\">Aline Almeida<\/span><\/p>\n<p class=\"autores_fontes_email\">aline@gazetadigital.com.br<\/p>\n<\/div>\n<\/div>\n<\/div>\n<\/div>\n<\/div>\n<div class=\"col-xs-12 col-sm-12 col-md-12 col-lg-12 mb30\">\n<p class=\"credito-1\">CNJ<\/p>\n<p><span class=\"img-conteudo pull-left\"><a href=\"https:\/\/www.gazetadigital.com.br\/storage\/webdisco\/2024\/03\/31\/1200x900\/0e112033f72fa8bcd1ff8a0b5f4c8bfb.jpg\" data-fancybox=\"gallery\" data-caption=\"CNJ\"><img decoding=\"async\" src=\"https:\/\/www.gazetadigital.com.br\/storage\/webdisco\/2024\/03\/31\/431x285\/0e112033f72fa8bcd1ff8a0b5f4c8bfb.jpg\" alt=\"CNJ\" \/><\/a><\/span><\/p>\n<p class=\"img-conteudo-desc\">\n<div id=\"text-content\" class=\"mb20\">\n<p>\u201cO sistema prisional tornou-se um verdadeiro centro de batismo do Comando Vermelho\u201d. A fala \u00e9 do supervisor do Grupo de Monitoramento e Fiscaliza\u00e7\u00e3o do Sistema Carcer\u00e1rio e Socioeducativo (GMF-MT), desembargador Orlando Perri, que destacou que de dentro das cadeias a fac\u00e7\u00e3o arregimenta novos membros e simpatizantes. Em pouco mais de uma d\u00e9cada, a organiza\u00e7\u00e3o criminosa cresceu mais de 7.200% no Estado.<\/p>\n<p>&nbsp;<\/p>\n<p>O Comando Vermelho de Mato Grosso, bra\u00e7o independente da fac\u00e7\u00e3o que nasceu no Rio de Janeiro, deu seus primeiros passos em solo mato-grossense no ano de 2012, quando Sandro da Silva Rabelo, o \u201cSandro Louco\u201d, retornava do pres\u00eddio federal. Dentro do maior pres\u00eddio de Mato Grosso, a Penitenci\u00e1ria Central o Estado (PCE), ele, Miro Arc\u00e2ngelo Gon\u00e7alves de Jesus, Renildo Silva Rios e Renato Sigarini criaram o estatuto do CV\/MT e organizavam os primeiros \u201cbatismos\u201d. Em 2014, quando deflagrada a opera\u00e7\u00e3o \u201cGren\u00e1\u201d, que trouxe \u00e0 tona os principais nomes do CV, a fac\u00e7\u00e3o tinha 450 membros. Mesmo com as lideran\u00e7as presas, inclusive os fundadores, o n\u00famero de \u201csoldados\u201d continuou crescendo, passando para 2,5 mil em 2017.<\/p>\n<p>&nbsp;<\/p>\n<p>Em 2018, a Pol\u00edcia Federal j\u00e1 trazia o n\u00famero de 7 mil filiados e, atualmente, segundo o desembargador Orlando Perri, s\u00e3o pelo menos 33 mil membros. O magistrado destaca que a pr\u00f3pria fac\u00e7\u00e3o tem uma ficha de inscri\u00e7\u00e3o dos alistados oficialmente. \u201cA estimativa \u00e9 de que tenha mais de 33 mil faccionados. O sistema prisional \u00e9 um centro de batismo de CV. As pessoas que, \u00e0s vezes, n\u00e3o t\u00eam v\u00ednculos com fac\u00e7\u00f5es e entram no sistema prisional, se veem arrastadas para filiar, isso para sobreviver ao sistema\u201d, disse.<\/p>\n<p>&nbsp;<\/p>\n<p>Perri cita um per\u00edodo em que houve a transfer\u00eancia de faccionados para determinado pres\u00eddio, isso para ter uma separa\u00e7\u00e3o dos presos, no sentido de enfraquecer o CV. No entanto, em uma \u00fanica noite teve, naquele pres\u00eddio, o \u201cbatismo\u201d de 50 novos faccionados. O desembargador disse que a quest\u00e3o est\u00e1 complicada visto que h\u00e1 uma glamouriza\u00e7\u00e3o do crime e das fac\u00e7\u00f5es.<\/p>\n<p>&nbsp;<\/p>\n<p>\u201cT\u00eam jovens que compram tornozeleira, pois representa glamour e respeito. Se quisermos reduzir a viol\u00eancia a m\u00e9dio e longo prazo, tem que come\u00e7ar agora\u201d, disse. Segundo o desembargador, o problema n\u00e3o est\u00e1 somente nos pres\u00eddios. \u201c\u2018A quest\u00e3o da criminalidade vai muito al\u00e9m, passa por causas sociais, falhas na educa\u00e7\u00e3o, sa\u00fade, que s\u00e3o os fatores principais que levam ao crime\u201d, completou Orlando Perri.<\/p>\n<p>&nbsp;<\/p>\n<p><strong>RECRUTAMENTO CONSTANTE<\/strong><\/p>\n<p>Vladia Soares, professora de Criminologia e Direito Penal da Universidade Federal de Mato Grosso (UFMT), lembra que as fac\u00e7\u00f5es brasileiras nasceram dentro dos pres\u00eddios e, at\u00e9 hoje, conseguem se articular de l\u00e1. Ela destaca que mesmo presos, l\u00edderes mant\u00eam comunica\u00e7\u00e3o por celulares clandestinos, advogados, familiares ou \u201cdisciplinas\u201d, que s\u00e3o os membros de confian\u00e7a. Com isso, as ordens saem das cadeias e chegam facilmente \u00e0s ruas.<\/p>\n<p>&nbsp;<\/p>\n<p>\u201cO CV cresceu em Mato Grosso principalmente pelo controle do tr\u00e1fico de drogas, aproveitando a localiza\u00e7\u00e3o estrat\u00e9gica do estado, que \u00e9 rota para Bol\u00edvia e outros pa\u00edses produtores. Al\u00e9m do tr\u00e1fico, atua em roubos, extors\u00f5es, sequestros e lavagem de dinheiro. Esse poder econ\u00f4mico garante recrutamento constante e manuten\u00e7\u00e3o da rede\u201d, pondera. Vladia afirma que as cadeias em Mato Grosso, como no resto do Brasil, sofrem com superlota\u00e7\u00e3o, falta de agentes e pouca intelig\u00eancia penitenci\u00e1ria.<\/p>\n<p>&nbsp;<\/p>\n<p>\u201cIsso cria um ambiente onde as fac\u00e7\u00f5es dominam alas inteiras e imp\u00f5em regras internas, muitas vezes mais eficazes que o pr\u00f3prio Estado\u201d. A professora enfatiza que o Comando Vermelho n\u00e3o depende apenas de uma lideran\u00e7a central. H\u00e1 \u201cc\u00e9lulas\u201d e \u201cdisciplinas\u201d que mant\u00eam a organiza\u00e7\u00e3o viva mesmo com chefes presos. Isso garante continuidade do neg\u00f3cio, como uma \u201cempresa criminal\u201d. \u201cA fac\u00e7\u00e3o oferece \u2018prote\u00e7\u00e3o\u2019 dentro das cadeias para presos comuns. Fora delas, em bairros pobres, jovens entram na organiza\u00e7\u00e3o criminosa por falta de oportunidade, status, renda r\u00e1pida e medo. O aprisionamento em massa, sem pol\u00edticas de ressocializa\u00e7\u00e3o, acaba funcionando como escola do crime. A repress\u00e3o policial sozinha n\u00e3o consegue frear o crescimento da fac\u00e7\u00e3o, que se fortalece justamente nos vazios deixados pela pouca presen\u00e7a do Estado em \u00e1reas perif\u00e9ricas e aus\u00eancia de pol\u00edticas sociais\u201d.<\/p>\n<p>&nbsp;<\/p>\n<p><strong>PROVAS MAIS RECENTES<\/strong><\/p>\n<p>Relat\u00f3rio T\u00e9cnico da Pol\u00edcia Civil destacou que em agosto houve a apreens\u00e3o de aparelho celular na cela 11, do Raio 08, considerado de seguran\u00e7a m\u00e1xima. Procedida a extra\u00e7\u00e3o de dados do equipamento, constatou-se a exist\u00eancia de men\u00e7\u00e3o a suposto \u201cbatismo\u201d de novo integrante de fac\u00e7\u00e3o criminosa, sendo citados, no conte\u00fado analisado, os recuperandos Sandro da Silva Rabelo, Renildo Silva Rios, Cecli\u00eanio Louren\u00e7o de Ara\u00fajo, Sidney Bettcurt e Norivaldo Cebalho, \u201cpadrinhos\u201d do autor das mensagens. O relat\u00f3rio est\u00e1 citado nos processos dos recuperandos. Na decis\u00e3o da \u00faltima quinta-feira (02), o juiz Geraldo Fidelis solicitou esclarecimentos, inclusive sobre a manuten\u00e7\u00e3o dos reeducandos em isolamento.<\/p>\n<p>&nbsp;<\/p>\n<p>\u201cPara elucidar a situa\u00e7\u00e3o e conferir seguran\u00e7a \u00e0 an\u00e1lise quanto \u00e0 eventual inclus\u00e3o ou perman\u00eancia do recuperando Sandro da Silva Rabelo, no Raio 08, determino, no prazo de 48 horas, a expedi\u00e7\u00e3o de of\u00edcio \u00e0 Secretaria de Estado de Justi\u00e7a, requisitando esclarecimentos, acerca da efetiva ocupa\u00e7\u00e3o da cela 11 na data da apreens\u00e3o, da identifica\u00e7\u00e3o dos custodiados eventualmente vinculados ao objeto apreendido, bem como das provid\u00eancias administrativas adotadas em decorr\u00eancia da apreens\u00e3o do aparelho e do conte\u00fado nele identificado\u201d, determinou Geraldo Fidelis em uma das decis\u00f5es.<\/p>\n<p>&nbsp;<\/p>\n<p><strong>Outro lado<\/strong><br \/>\nA Secretaria de Estado de Justi\u00e7a (Sejus) afirmou que atua de forma cont\u00ednua na identifica\u00e7\u00e3o, monitoramento e conten\u00e7\u00e3o da atua\u00e7\u00e3o de organiza\u00e7\u00f5es criminosas no interior das unidades prisionais. Segundo a pasta, entre as medidas adotadas, dentro do Programa Toler\u00e2ncia Zero contra fac\u00e7\u00f5es criminosas, destaca-se a separa\u00e7\u00e3o de l\u00edderes de fac\u00e7\u00f5es. A Sejus pontuou ainda como medidas o monitoramento de movimenta\u00e7\u00f5es at\u00edpicas.<\/p>\n<p>&nbsp;<\/p>\n<p>As revistas cont\u00ednuas e estruturadas e opera\u00e7\u00f5es de conten\u00e7\u00e3o e varredura, com apoio de for\u00e7as especializadas. E tamb\u00e9m o interc\u00e2mbio de informa\u00e7\u00f5es com as demais for\u00e7as de seguran\u00e7a e \u00f3rg\u00e3os de intelig\u00eancia.<\/p>\n<\/div>\n<\/div>\n","protected":false},"excerpt":{"rendered":"<p>Aline Almeida aline@gazetadigital.com.br CNJ \u201cO sistema prisional tornou-se um verdadeiro centro de batismo do Comando<\/p>\n","protected":false},"author":2,"featured_media":66537,"comment_status":"open","ping_status":"open","sticky":false,"template":"","format":"standard","meta":{"footnotes":""},"categories":[7,13],"tags":[138],"aioseo_notices":[],"_links":{"self":[{"href":"https:\/\/portalnewsgta.com.br\/index.php\/wp-json\/wp\/v2\/posts\/66536"}],"collection":[{"href":"https:\/\/portalnewsgta.com.br\/index.php\/wp-json\/wp\/v2\/posts"}],"about":[{"href":"https:\/\/portalnewsgta.com.br\/index.php\/wp-json\/wp\/v2\/types\/post"}],"author":[{"embeddable":true,"href":"https:\/\/portalnewsgta.com.br\/index.php\/wp-json\/wp\/v2\/users\/2"}],"replies":[{"embeddable":true,"href":"https:\/\/portalnewsgta.com.br\/index.php\/wp-json\/wp\/v2\/comments?post=66536"}],"version-history":[{"count":1,"href":"https:\/\/portalnewsgta.com.br\/index.php\/wp-json\/wp\/v2\/posts\/66536\/revisions"}],"predecessor-version":[{"id":66538,"href":"https:\/\/portalnewsgta.com.br\/index.php\/wp-json\/wp\/v2\/posts\/66536\/revisions\/66538"}],"wp:featuredmedia":[{"embeddable":true,"href":"https:\/\/portalnewsgta.com.br\/index.php\/wp-json\/wp\/v2\/media\/66537"}],"wp:attachment":[{"href":"https:\/\/portalnewsgta.com.br\/index.php\/wp-json\/wp\/v2\/media?parent=66536"}],"wp:term":[{"taxonomy":"category","embeddable":true,"href":"https:\/\/portalnewsgta.com.br\/index.php\/wp-json\/wp\/v2\/categories?post=66536"},{"taxonomy":"post_tag","embeddable":true,"href":"https:\/\/portalnewsgta.com.br\/index.php\/wp-json\/wp\/v2\/tags?post=66536"}],"curies":[{"name":"wp","href":"https:\/\/api.w.org\/{rel}","templated":true}]}}