{"id":66393,"date":"2025-10-03T09:07:13","date_gmt":"2025-10-03T12:07:13","guid":{"rendered":"https:\/\/portalnewsgta.com.br\/?p=66393"},"modified":"2025-10-03T09:07:13","modified_gmt":"2025-10-03T12:07:13","slug":"moraes-solicita-a-pgr-manifestacao-sobre-pedido-de-prisao-de-eduardo-bolsonaro","status":"publish","type":"post","link":"https:\/\/portalnewsgta.com.br\/index.php\/2025\/10\/03\/moraes-solicita-a-pgr-manifestacao-sobre-pedido-de-prisao-de-eduardo-bolsonaro\/","title":{"rendered":"Moraes solicita \u00e0 PGR manifesta\u00e7\u00e3o sobre pedido de pris\u00e3o de Eduardo Bolsonaro"},"content":{"rendered":"<p class=\"credito-1\">Fabio Rodrigues-Pozzebom\/ Ag\u00eancia Brasil<\/p>\n<p><span class=\"img-conteudo pull-left\"><a href=\"https:\/\/www.gazetadigital.com.br\/storage\/webdisco\/2025\/09\/22\/1200x900\/0cbbd7f134a0edfb1d98c67803349fab.png\" data-fancybox=\"gallery\" data-caption=\"Fabio Rodrigues-Pozzebom\/ Ag\u00eancia Brasil\"><img decoding=\"async\" src=\"https:\/\/www.gazetadigital.com.br\/storage\/webdisco\/2025\/09\/22\/431x285\/0cbbd7f134a0edfb1d98c67803349fab.png\" alt=\"Fabio Rodrigues-Pozzebom\/ Ag\u00eancia Brasil\" \/><\/a><\/span><\/p>\n<p class=\"img-conteudo-desc\">\n<p><img decoding=\"async\" class=\"pull-left img-responsive\" src=\"https:\/\/www.gazetadigital.com.br\/storage\/webdisco\/2018\/09\/11\/120x80\/c10c88c6ae9ade049b00d53e2c1493c8.jpg\" alt=\"\" \/><\/p>\n<div id=\"text-content\" class=\"mb20\">\n<p>O ministro e vice-presidente do Supremo Tribunal Federal (STF), Alexandre de Moraes, solicitou que a Procuradoria-Geral da Rep\u00fablica (PGR) se manifeste sobre os pedidos de pris\u00e3o contra o deputado federal Eduardo Bolsonaro (PL-SP), um procedimento que integra a rotina da burocracia judici\u00e1ria. Com a solicita\u00e7\u00e3o, o \u00f3rg\u00e3o tem cinco dias para apresentar seu posicionamento.<\/p>\n<p>O of\u00edcio atende a solicita\u00e7\u00f5es de parlamentares da C\u00e2mara dos Deputados, como Lindbergh Farias (PT-RJ) e Tal\u00edria Petrone (PSOL-RJ), que pediram medidas como a suspens\u00e3o de sal\u00e1rios e o bloqueio de verbas indenizat\u00f3rias de Eduardo.<\/p>\n<p>Para fundamentar o pedido, os parlamentares citam o artigo 312 do C\u00f3digo de Processo Penal (CPP), que define os requisitos para a decreta\u00e7\u00e3o da pris\u00e3o preventiva, uma medida cautelar de restri\u00e7\u00e3o da liberdade. Para que a pris\u00e3o seja decretada, \u00e9 necess\u00e1rio que haja prova da exist\u00eancia do crime e ind\u00edcios suficientes de autoria.<\/p>\n<p>Segundo os deputados \u2018a decreta\u00e7\u00e3o da pris\u00e3o preventiva de Eduardo Bolsonaro, nos termos do art. 312 do CPP, \u00e9 necess\u00e1ria para garantir a ordem p\u00fablica, a instru\u00e7\u00e3o criminal e a aplica\u00e7\u00e3o da lei penal, diante da perman\u00eancia das manifesta\u00e7\u00f5es golpistas e da intensifica\u00e7\u00e3o da atua\u00e7\u00e3o il\u00edcita em territ\u00f3rio estrangeiro\u2018.<\/p>\n<p>Em setembro, o filho do ex-presidente Jair Bolsonaro e o blogueiro Paulo Figueiredo foram denunciados pela PGR por coa\u00e7\u00e3o no curso do processo. A acusa\u00e7\u00e3o foi apresentada no inqu\u00e9rito que tramita no STF e investiga a atua\u00e7\u00e3o do deputado junto ao governo dos Estados Unidos para pressionar autoridades brasileiras, incluindo ministros da Corte.<\/p>\n<p>Al\u00e9m disso, Eduardo Bolsonaro deve se manifestar ap\u00f3s ser notificado via edital pelo ministro do Supremo Alexandre de Moraes. A informa\u00e7\u00e3o foi publicada no Di\u00e1rio da Justi\u00e7a nesta ter\u00e7a-feira, 30.<\/p>\n<p>No of\u00edcio, Moraes destacou que o parlamentar tem demonstrado resist\u00eancia em ser notificado, em refer\u00eancia \u00e0s tentativas frustradas de oficiais de Justi\u00e7a que buscaram entreg\u00e1-la em dois endere\u00e7os diferentes, sem sucesso.<\/p>\n<\/div>\n","protected":false},"excerpt":{"rendered":"<p>Fabio Rodrigues-Pozzebom\/ Ag\u00eancia Brasil O ministro e vice-presidente do Supremo Tribunal Federal (STF), Alexandre de<\/p>\n","protected":false},"author":2,"featured_media":66394,"comment_status":"open","ping_status":"open","sticky":false,"template":"","format":"standard","meta":{"footnotes":""},"categories":[13,2],"tags":[1653],"aioseo_notices":[],"_links":{"self":[{"href":"https:\/\/portalnewsgta.com.br\/index.php\/wp-json\/wp\/v2\/posts\/66393"}],"collection":[{"href":"https:\/\/portalnewsgta.com.br\/index.php\/wp-json\/wp\/v2\/posts"}],"about":[{"href":"https:\/\/portalnewsgta.com.br\/index.php\/wp-json\/wp\/v2\/types\/post"}],"author":[{"embeddable":true,"href":"https:\/\/portalnewsgta.com.br\/index.php\/wp-json\/wp\/v2\/users\/2"}],"replies":[{"embeddable":true,"href":"https:\/\/portalnewsgta.com.br\/index.php\/wp-json\/wp\/v2\/comments?post=66393"}],"version-history":[{"count":1,"href":"https:\/\/portalnewsgta.com.br\/index.php\/wp-json\/wp\/v2\/posts\/66393\/revisions"}],"predecessor-version":[{"id":66395,"href":"https:\/\/portalnewsgta.com.br\/index.php\/wp-json\/wp\/v2\/posts\/66393\/revisions\/66395"}],"wp:featuredmedia":[{"embeddable":true,"href":"https:\/\/portalnewsgta.com.br\/index.php\/wp-json\/wp\/v2\/media\/66394"}],"wp:attachment":[{"href":"https:\/\/portalnewsgta.com.br\/index.php\/wp-json\/wp\/v2\/media?parent=66393"}],"wp:term":[{"taxonomy":"category","embeddable":true,"href":"https:\/\/portalnewsgta.com.br\/index.php\/wp-json\/wp\/v2\/categories?post=66393"},{"taxonomy":"post_tag","embeddable":true,"href":"https:\/\/portalnewsgta.com.br\/index.php\/wp-json\/wp\/v2\/tags?post=66393"}],"curies":[{"name":"wp","href":"https:\/\/api.w.org\/{rel}","templated":true}]}}