{"id":66375,"date":"2025-10-03T08:55:27","date_gmt":"2025-10-03T11:55:27","guid":{"rendered":"https:\/\/portalnewsgta.com.br\/?p=66375"},"modified":"2025-10-03T08:55:27","modified_gmt":"2025-10-03T11:55:27","slug":"policia-militar-recupera-motocicleta-furtada-na-regiao-central-colider","status":"publish","type":"post","link":"https:\/\/portalnewsgta.com.br\/index.php\/2025\/10\/03\/policia-militar-recupera-motocicleta-furtada-na-regiao-central-colider\/","title":{"rendered":"Pol\u00edcia Militar recupera motocicleta furtada na regi\u00e3o central Col\u00edder"},"content":{"rendered":"<p>Por: Angela Foga\u00e7a\/Nort\u00e3o Online<\/p>\n<figure class=\"mb-2\" data-v-70493042=\"\"><figcaption class=\"text-body-2 font-weight-bold grey--text text--darken-2\" data-v-70493042=\"\">Foto por: Reprodu\u00e7\u00e3o<\/figcaption><\/figure>\n<div class=\"ck-content font-weight-medium mb-4\" data-v-70493042=\"\">\n<p>Na tarde desta quarta-feira (1\u00ba), a Pol\u00edcia Militar de Col\u00edder recuperou uma motocicleta Honda Start, de cor preta, que havia sido furtada h\u00e1 alguns dias no munic\u00edpio.<\/p>\n<p>A a\u00e7\u00e3o teve in\u00edcio ap\u00f3s um denunciante comparecer \u00e0 Companhia da PM relatando que possui uma resid\u00eancia desocupada h\u00e1 alguns meses. Ele contou que, ao ir ao local para realizar reparos e limpeza, encontrou uma motocicleta dentro da sala da casa.<\/p>\n<p>A guarni\u00e7\u00e3o se deslocou at\u00e9 o endere\u00e7o indicado e, ap\u00f3s checagem, constatou que o ve\u00edculo era produto de furto. Diante da situa\u00e7\u00e3o, a motocicleta foi apreendida e encaminhada \u00e0 Delegacia de Pol\u00edcia Judici\u00e1ria Civil (DPJC), onde ficar\u00e1 \u00e0 disposi\u00e7\u00e3o para ser devolvida ao leg\u00edtimo propriet\u00e1rio.<\/p>\n<p>O furto da moto ocorreu nesta semana e foi flagrado por c\u00e2meras de seguran\u00e7a.<\/p>\n<figure class=\"image\"><img decoding=\"async\" src=\"https:\/\/admin.nortaoonline.com\/upload\/9\/35982\/68de60cf7d7880fb5f.jpg\" \/><\/figure>\n<\/div>\n<div class=\"font-weight-bold grey--text text--darken-2 mb-4\" data-v-70493042=\"\">Fonte: Angela Foga\u00e7a\/Nort\u00e3o Online<\/div>\n","protected":false},"excerpt":{"rendered":"<p>Por: Angela Foga\u00e7a\/Nort\u00e3o Online Foto por: Reprodu\u00e7\u00e3o Na tarde desta quarta-feira (1\u00ba), a Pol\u00edcia Militar<\/p>\n","protected":false},"author":2,"featured_media":66376,"comment_status":"open","ping_status":"open","sticky":false,"template":"","format":"standard","meta":{"footnotes":""},"categories":[13,8],"tags":[],"aioseo_notices":[],"_links":{"self":[{"href":"https:\/\/portalnewsgta.com.br\/index.php\/wp-json\/wp\/v2\/posts\/66375"}],"collection":[{"href":"https:\/\/portalnewsgta.com.br\/index.php\/wp-json\/wp\/v2\/posts"}],"about":[{"href":"https:\/\/portalnewsgta.com.br\/index.php\/wp-json\/wp\/v2\/types\/post"}],"author":[{"embeddable":true,"href":"https:\/\/portalnewsgta.com.br\/index.php\/wp-json\/wp\/v2\/users\/2"}],"replies":[{"embeddable":true,"href":"https:\/\/portalnewsgta.com.br\/index.php\/wp-json\/wp\/v2\/comments?post=66375"}],"version-history":[{"count":1,"href":"https:\/\/portalnewsgta.com.br\/index.php\/wp-json\/wp\/v2\/posts\/66375\/revisions"}],"predecessor-version":[{"id":66377,"href":"https:\/\/portalnewsgta.com.br\/index.php\/wp-json\/wp\/v2\/posts\/66375\/revisions\/66377"}],"wp:featuredmedia":[{"embeddable":true,"href":"https:\/\/portalnewsgta.com.br\/index.php\/wp-json\/wp\/v2\/media\/66376"}],"wp:attachment":[{"href":"https:\/\/portalnewsgta.com.br\/index.php\/wp-json\/wp\/v2\/media?parent=66375"}],"wp:term":[{"taxonomy":"category","embeddable":true,"href":"https:\/\/portalnewsgta.com.br\/index.php\/wp-json\/wp\/v2\/categories?post=66375"},{"taxonomy":"post_tag","embeddable":true,"href":"https:\/\/portalnewsgta.com.br\/index.php\/wp-json\/wp\/v2\/tags?post=66375"}],"curies":[{"name":"wp","href":"https:\/\/api.w.org\/{rel}","templated":true}]}}