{"id":66369,"date":"2025-10-03T08:53:29","date_gmt":"2025-10-03T11:53:29","guid":{"rendered":"https:\/\/portalnewsgta.com.br\/?p=66369"},"modified":"2025-10-03T08:53:29","modified_gmt":"2025-10-03T11:53:29","slug":"policia-militar-detem-suspeito-de-quebrar-vidraca-de-empresa-em-colider","status":"publish","type":"post","link":"https:\/\/portalnewsgta.com.br\/index.php\/2025\/10\/03\/policia-militar-detem-suspeito-de-quebrar-vidraca-de-empresa-em-colider\/","title":{"rendered":"Pol\u00edcia Militar det\u00e9m suspeito de quebrar vidra\u00e7a de empresa em Col\u00edder"},"content":{"rendered":"<p>Por: Angela Foga\u00e7a\/Nort\u00e3o Online<\/p>\n<figure class=\"mb-2\" data-v-70493042=\"\"><figcaption class=\"text-body-2 font-weight-bold grey--text text--darken-2\" data-v-70493042=\"\">Foto por: Ilustrativa<\/figcaption><\/figure>\n<div class=\"ck-content font-weight-medium mb-4\" data-v-70493042=\"\">\n<p>Um homem de 28 anos foi detido pela Pol\u00edcia Militar na noite de quinta-feira (02), em Col\u00edder, ap\u00f3s ser acusado de danificar a vidra\u00e7a de uma empresa localizada na Avenida Colonizador.<\/p>\n<p>De acordo com informa\u00e7\u00f5es da PM, populares acionaram o 190 relatando que um indiv\u00edduo, de camiseta azul e aparentemente embriagado, estaria quebrando os vidros do estabelecimento.<\/p>\n<p>A guarni\u00e7\u00e3o se deslocou rapidamente at\u00e9 o local e abordou o suspeito, que foi identificado e detido. Minutos depois, o propriet\u00e1rio de uma loja nas proximidades compareceu e informou que o homem havia for\u00e7ado a vidra\u00e7a do com\u00e9rcio, quebrando um dos vidros.<\/p>\n<p>Diante dos fatos, o suspeito foi encaminhado para a Delegacia de Pol\u00edcia Civil Municipal para as provid\u00eancias cab\u00edveis.<\/p>\n<\/div>\n<div class=\"font-weight-bold grey--text text--darken-2 mb-4\" data-v-70493042=\"\">Fonte: Angela Foga\u00e7a\/Nort\u00e3o Online<\/div>\n","protected":false},"excerpt":{"rendered":"<p>Por: Angela Foga\u00e7a\/Nort\u00e3o Online Foto por: Ilustrativa Um homem de 28 anos foi detido pela<\/p>\n","protected":false},"author":2,"featured_media":66370,"comment_status":"open","ping_status":"open","sticky":false,"template":"","format":"standard","meta":{"footnotes":""},"categories":[13,8],"tags":[],"aioseo_notices":[],"_links":{"self":[{"href":"https:\/\/portalnewsgta.com.br\/index.php\/wp-json\/wp\/v2\/posts\/66369"}],"collection":[{"href":"https:\/\/portalnewsgta.com.br\/index.php\/wp-json\/wp\/v2\/posts"}],"about":[{"href":"https:\/\/portalnewsgta.com.br\/index.php\/wp-json\/wp\/v2\/types\/post"}],"author":[{"embeddable":true,"href":"https:\/\/portalnewsgta.com.br\/index.php\/wp-json\/wp\/v2\/users\/2"}],"replies":[{"embeddable":true,"href":"https:\/\/portalnewsgta.com.br\/index.php\/wp-json\/wp\/v2\/comments?post=66369"}],"version-history":[{"count":1,"href":"https:\/\/portalnewsgta.com.br\/index.php\/wp-json\/wp\/v2\/posts\/66369\/revisions"}],"predecessor-version":[{"id":66371,"href":"https:\/\/portalnewsgta.com.br\/index.php\/wp-json\/wp\/v2\/posts\/66369\/revisions\/66371"}],"wp:featuredmedia":[{"embeddable":true,"href":"https:\/\/portalnewsgta.com.br\/index.php\/wp-json\/wp\/v2\/media\/66370"}],"wp:attachment":[{"href":"https:\/\/portalnewsgta.com.br\/index.php\/wp-json\/wp\/v2\/media?parent=66369"}],"wp:term":[{"taxonomy":"category","embeddable":true,"href":"https:\/\/portalnewsgta.com.br\/index.php\/wp-json\/wp\/v2\/categories?post=66369"},{"taxonomy":"post_tag","embeddable":true,"href":"https:\/\/portalnewsgta.com.br\/index.php\/wp-json\/wp\/v2\/tags?post=66369"}],"curies":[{"name":"wp","href":"https:\/\/api.w.org\/{rel}","templated":true}]}}